{"id":779533,"date":"2013-11-09T20:12:04","date_gmt":"2013-11-09T19:12:04","guid":{"rendered":"https:\/\/dailynewshungary.com\/it\/il-centro-culturale-balna-budapest-e-aperto-sullargine-di-pest\/"},"modified":"2013-11-09T20:12:04","modified_gmt":"2013-11-09T19:12:04","slug":"il-centro-culturale-balna-budapest-e-aperto-sullargine-di-pest","status":"publish","type":"post","link":"https:\/\/dailynewshungary.com\/it\/il-centro-culturale-balna-budapest-e-aperto-sullargine-di-pest\/","title":{"rendered":"Il centro culturale Balna Budapest \u00e8 aperto sull\u2019argine di Pest"},"content":{"rendered":"<p><strong>B\u00e1lna Budapest (Balena) ha appena aperto vicino al Grande Mercato Coperto sul lato di Pest Una serie di tre giorni di programmi sono ora disponibili.<\/strong><\/p>\n<p>La B\u00e1lna Budapest costruita a forma di balena L&#8217;edificio, progettato dall&#8217;architetto olandese Kaas Oosterhuis, avrebbe dovuto essere inaugurato entro agosto 2010, ma l&#8217;appaltatore lo lasci\u00f2 a met\u00e0 e non riusc\u00ec a pagare i suoi subappaltatori.<\/p>\n<p style=\"text-align: center;\"><a href=\"https:\/\/dailynewshungary.com\/wp-content\/uploads\/2013\/11\/b\u00e1lna.jpg\" data-pswp-width=\"\" data-pswp-height=\"\" data-cropped=\"true\"><img loading=\"lazy\" decoding=\"async\" class=\"size-medium wp-image-2477 aligncenter\" alt=\"Megny\u00edlt a B\u00e1lna Budapest\" src=\"https:\/\/dailynewshungary.com\/wp-content\/uploads\/2013\/11\/b\u00e1lna-300x210.jpg\" width=\"300\" height=\"210\" srcset=\"https:\/\/contentf5.dailynewshungary.com\/wp-content\/uploads\/2013\/11\/b\u00e1lna-300x210.jpg 300w, https:\/\/contentf5.dailynewshungary.com\/wp-content\/uploads\/2013\/11\/b\u00e1lna-1024x718.jpg 1024w, https:\/\/contentf5.dailynewshungary.com\/wp-content\/uploads\/2013\/11\/b\u00e1lna-116x80.jpg 116w\" sizes=\"auto, (max-width: 300px) 100vw, 300px\"><\/a><\/p>\n<p>Finalmente ieri sera \u00e8 stata aperta la B\u00e1lna e il nuovo edificio moderno nel centro della citt\u00e0 attira i turisti. La B\u00e1lna Budapest sar\u00e0 un centro commerciale, culturale, di intrattenimento e di ospitalit\u00e0.<\/p>\n<p>Una serie di programmi di tre giorni sono disponibili ora, leggi maggiori informazioni QUI.<\/p>\n<p>Foto: Notizie quotidiane Ungheria, MTI No-Bruz\u00e1k<\/p>\n","protected":false},"excerpt":{"rendered":"<p>B\u00e1lna Budapest (Balena) ha appena aperto vicino al Grande Mercato Coperto sul lato di Pest Una serie di tre giorni di programmi sono ora disponibili. La B\u00e1lna Budapest costruita a forma di balena L&#8217;edificio, progettato dall&#8217;architetto olandese Kaas Oosterhuis, avrebbe dovuto essere inaugurato entro agosto 2010, ma l&#8217;appaltatore lo lasci\u00f2 a met\u00e0 e non riusc\u00ec [&hellip;]<\/p>\n","protected":false},"author":91,"featured_media":779534,"comment_status":"open","ping_status":"open","sticky":false,"template":"","format":"standard","meta":{"_display_image":"","footnotes":""},"categories":[1207],"tags":[1158,1307],"class_list":["post-779533","post","type-post","status-publish","format-standard","has-post-thumbnail","hentry","category-societa-in-ungheria","tag-budapest","tag-evento"],"blocksy_meta":[],"author_username":"api","telegram_post":"","public_post_metadata":{"breaking_news":"","important":"","csempe":"","center_tile":"","disable_thumbnail":"","target_lang":"","_featured_image_style":"","telegram_post":"","_xlat_group_id":""},"public_rank_math_data":{"title":"%titolo% %sep% %nomesito%","description":"","focus_keyword":"","canonical_url":"","robots":"","primary_category":"1207","breadcrumb_title":"","facebook_title":"","facebook_description":"","facebook_image":"","facebook_image_id":"","twitter_title":"","twitter_description":"","twitter_image":"","twitter_image_id":"","twitter_card_type":"","twitter_use_facebook":"","advanced_robots":"","pillar_content":"","seo_score":"","contentai_score":"","rich_snippet":""},"_links":{"self":[{"href":"https:\/\/dailynewshungary.com\/it\/wp-json\/wp\/v2\/posts\/779533","targetHints":{"allow":["GET"]}}],"collection":[{"href":"https:\/\/dailynewshungary.com\/it\/wp-json\/wp\/v2\/posts"}],"about":[{"href":"https:\/\/dailynewshungary.com\/it\/wp-json\/wp\/v2\/types\/post"}],"author":[{"embeddable":true,"href":"https:\/\/dailynewshungary.com\/it\/wp-json\/wp\/v2\/users\/91"}],"replies":[{"embeddable":true,"href":"https:\/\/dailynewshungary.com\/it\/wp-json\/wp\/v2\/comments?post=779533"}],"version-history":[{"count":0,"href":"https:\/\/dailynewshungary.com\/it\/wp-json\/wp\/v2\/posts\/779533\/revisions"}],"wp:featuredmedia":[{"embeddable":true,"href":"https:\/\/dailynewshungary.com\/it\/wp-json\/wp\/v2\/media\/779534"}],"wp:attachment":[{"href":"https:\/\/dailynewshungary.com\/it\/wp-json\/wp\/v2\/media?parent=779533"}],"wp:term":[{"taxonomy":"category","embeddable":true,"href":"https:\/\/dailynewshungary.com\/it\/wp-json\/wp\/v2\/categories?post=779533"},{"taxonomy":"post_tag","embeddable":true,"href":"https:\/\/dailynewshungary.com\/it\/wp-json\/wp\/v2\/tags?post=779533"}],"curies":[{"name":"wp","href":"https:\/\/api.w.org\/{rel}","templated":true}]}}