{"id":779680,"date":"2013-10-24T22:19:01","date_gmt":"2013-10-24T20:19:01","guid":{"rendered":"https:\/\/dailynewshungary.com\/it\/museo-di-etnografia-world-press-photo-13-su-questa-settimana\/"},"modified":"2013-10-24T22:19:01","modified_gmt":"2013-10-24T20:19:01","slug":"museo-di-etnografia-world-press-photo-13-su-questa-settimana","status":"publish","type":"post","link":"https:\/\/dailynewshungary.com\/it\/museo-di-etnografia-world-press-photo-13-su-questa-settimana\/","title":{"rendered":"Museo di Etnografia: World Press Photo \u201913 su questa settimana"},"content":{"rendered":"<p><strong>Se non avete visto le migliori fotografie di quest&#8217;anno provenienti da tutto il mondo, potete comunque farcela in tempo La mostra si chiude il 27 ottobre.<\/strong><\/p>\n<p><strong>Museo di Etnografia\/N\u00e9prajzi M\u00fazeum: 22 ottobre 2013, marted\u00ec 10:00 027 ottobre 213, domenica 20:00<\/strong><\/p>\n<p>WPP si dedica a sostenere il fotogiornalismo e la fotografia documentaria in tutto il mondo, e a stimolare standard elevati Si sforzano di generare un ampio interesse del pubblico per la fotografia, per creare apprezzamento per il lavoro dei fotografi, e per incoraggiare il libero scambio di informazioni.<\/p>\n<p>Ogni anno, World Press Photo invita fotografi da tutto il mondo a partecipare al World Press Photo Contest, il principale concorso di fotogiornalismo a livello mondiale. Una giuria internazionale indipendente di 19 esperti giudica tutte le iscrizioni ad Amsterdam e una mostra annuale porta le immagini pi\u00f9 importanti in 100 localit\u00e0 in 45 paesi. \u00c8 visto da milioni di visitatori.<\/p>\n<p>C&#8217;\u00e8 anche una mostra supplementare in corso nel Museo di Etnografia, che mostra le fotografie di Gavin Lyons, chiamata Magical Lands. Le serie fotografiche di Lione presentano allo spettatore la bellissima e affascinante terra d&#8217;Irlanda attraverso immagini mezmerizzanti.<\/p>\n<p>Un biglietto per adulti costa 2.100 HUF, i biglietti scontati per pensionati e studenti costano 1.000 HUF. La mostra \u00e8 aperta dalle 10:00 alle 18:00 il marted\u00ec, mercoled\u00ec, gioved\u00ec e domenica, ma sar\u00e0 aperta pi\u00f9 a lungo (dalle 10:00 alle 20:00) il venerd\u00ec e il sabato.<\/p>\n<p>Per maggiori informazioni:&nbsp;<a href=\"http:\/\/www.neprajz.hu\/\" target=\"_blank\" rel=\"noopener\">http:\/\/www.neprajz.hu\/<\/a><\/p>\n","protected":false},"excerpt":{"rendered":"<p>Se non avete visto le migliori fotografie di quest&#8217;anno provenienti da tutto il mondo, potete comunque farcela in tempo La mostra si chiude il 27 ottobre. Museo di Etnografia\/N\u00e9prajzi M\u00fazeum: 22 ottobre 2013, marted\u00ec 10:00 027 ottobre 213, domenica 20:00 WPP si dedica a sostenere il fotogiornalismo e la fotografia documentaria in tutto il mondo, [&hellip;]<\/p>\n","protected":false},"author":91,"featured_media":779681,"comment_status":"open","ping_status":"open","sticky":false,"template":"","format":"standard","meta":{"_display_image":"","footnotes":""},"categories":[1304],"tags":[1104],"class_list":["post-779680","post","type-post","status-publish","format-standard","has-post-thumbnail","hentry","category-cultura-in-ungheria","tag-mostra"],"blocksy_meta":[],"author_username":"api","telegram_post":"","public_post_metadata":{"breaking_news":"","important":"","csempe":"","center_tile":"","disable_thumbnail":"","target_lang":"","_featured_image_style":"","telegram_post":"","_xlat_group_id":""},"public_rank_math_data":{"title":"%titolo% %sep% %nomesito%","description":"","focus_keyword":"","canonical_url":"","robots":"","primary_category":"1304","breadcrumb_title":"","facebook_title":"","facebook_description":"","facebook_image":"","facebook_image_id":"","twitter_title":"","twitter_description":"","twitter_image":"","twitter_image_id":"","twitter_card_type":"","twitter_use_facebook":"","advanced_robots":"","pillar_content":"","seo_score":"","contentai_score":"","rich_snippet":""},"_links":{"self":[{"href":"https:\/\/dailynewshungary.com\/it\/wp-json\/wp\/v2\/posts\/779680","targetHints":{"allow":["GET"]}}],"collection":[{"href":"https:\/\/dailynewshungary.com\/it\/wp-json\/wp\/v2\/posts"}],"about":[{"href":"https:\/\/dailynewshungary.com\/it\/wp-json\/wp\/v2\/types\/post"}],"author":[{"embeddable":true,"href":"https:\/\/dailynewshungary.com\/it\/wp-json\/wp\/v2\/users\/91"}],"replies":[{"embeddable":true,"href":"https:\/\/dailynewshungary.com\/it\/wp-json\/wp\/v2\/comments?post=779680"}],"version-history":[{"count":0,"href":"https:\/\/dailynewshungary.com\/it\/wp-json\/wp\/v2\/posts\/779680\/revisions"}],"wp:featuredmedia":[{"embeddable":true,"href":"https:\/\/dailynewshungary.com\/it\/wp-json\/wp\/v2\/media\/779681"}],"wp:attachment":[{"href":"https:\/\/dailynewshungary.com\/it\/wp-json\/wp\/v2\/media?parent=779680"}],"wp:term":[{"taxonomy":"category","embeddable":true,"href":"https:\/\/dailynewshungary.com\/it\/wp-json\/wp\/v2\/categories?post=779680"},{"taxonomy":"post_tag","embeddable":true,"href":"https:\/\/dailynewshungary.com\/it\/wp-json\/wp\/v2\/tags?post=779680"}],"curies":[{"name":"wp","href":"https:\/\/api.w.org\/{rel}","templated":true}]}}