{"id":779766,"date":"2013-10-16T09:00:14","date_gmt":"2013-10-16T07:00:14","guid":{"rendered":"https:\/\/dailynewshungary.com\/it\/jazzy-festival-18-19-ottobre-2013\/"},"modified":"2013-10-16T09:00:14","modified_gmt":"2013-10-16T07:00:14","slug":"jazzy-festival-18-19-ottobre-2013","status":"publish","type":"post","link":"https:\/\/dailynewshungary.com\/it\/jazzy-festival-18-19-ottobre-2013\/","title":{"rendered":"Jazzy Festival 18-19 ottobre 2013"},"content":{"rendered":"<p><strong>Jazzy Festival festeggia il suo 3\u00b0 anniversario, e il motivo dietro il successo \u00e8 abbastanza chiaro: la musica jazz dal vivo di qualit\u00e0 non invecchia mai.<\/strong><\/p>\n<p><strong>Data:<\/strong><br \/>\n18 ottobre 2013, venerd\u00ec 20:00 19 ottobre 2013, sabato<br \/>\n<strong>Luogo:<\/strong><br \/>\nCentro Culturale MOM<\/p>\n<p>La diversit\u00e0 e la giocosit\u00e0 del jazz \u00e8 sempre accolta con favore dai fan devoti, e qui presentiamo il principale festival jazz ungherese Questo evento di due giorni ospita artisti di fama mondiale, vale a dire una band inglese Incognito e Club des Belugas dalla Germania.<\/p>\n<p>Jazzy Festival si tiene nel Centro Culturale MOM, quindi se hai voglia di musica e improvvisazione di qualit\u00e0 che sperimentino sempre qualcosa di nuovo, ti suggeriamo di provare queste band!<\/p>\n<p style=\"text-align: center;\"><a href=\"https:\/\/dailynewshungary.com\/wp-content\/uploads\/2013\/10\/Jazzy_Fesztival_2013.jpg\" data-pswp-width=\"\" data-pswp-height=\"\" data-cropped=\"true\"><img loading=\"lazy\" decoding=\"async\" class=\" wp-image-1868 aligncenter\" alt=\"Jazzy_Fesztival_2013\" src=\"https:\/\/dailynewshungary.com\/wp-content\/uploads\/2013\/10\/Jazzy_Fesztival_2013-695x1024.jpg\" width=\"417\" height=\"614\" srcset=\"https:\/\/contentf5.dailynewshungary.com\/wp-content\/uploads\/2013\/10\/Jazzy_Fesztival_2013-695x1024.jpg 695w, https:\/\/contentf5.dailynewshungary.com\/wp-content\/uploads\/2013\/10\/Jazzy_Fesztival_2013-203x300.jpg 203w, https:\/\/contentf5.dailynewshungary.com\/wp-content\/uploads\/2013\/10\/Jazzy_Fesztival_2013.jpg 1500w\" sizes=\"auto, (max-width: 417px) 100vw, 417px\"><\/a><\/p>\n<p><strong>Prezzi<\/strong><\/p>\n<p>Incognito: i prezzi vanno da 7.990 HUF a 11.990 HUF.<br \/>\nClub des Belugas: da 6.990 HUF a 9.900 HUF.<\/p>\n<p>Acquista i biglietti sul posto o da jegy.hu.<\/p>\n","protected":false},"excerpt":{"rendered":"<p>Jazzy Festival festeggia il suo 3\u00b0 anniversario, e il motivo dietro il successo \u00e8 abbastanza chiaro: la musica jazz dal vivo di qualit\u00e0 non invecchia mai. Data: 18 ottobre 2013, venerd\u00ec 20:00 19 ottobre 2013, sabato Luogo: Centro Culturale MOM La diversit\u00e0 e la giocosit\u00e0 del jazz \u00e8 sempre accolta con favore dai fan devoti, [&hellip;]<\/p>\n","protected":false},"author":91,"featured_media":779767,"comment_status":"open","ping_status":"open","sticky":false,"template":"","format":"standard","meta":{"_display_image":"","footnotes":""},"categories":[1304],"tags":[1307],"class_list":["post-779766","post","type-post","status-publish","format-standard","has-post-thumbnail","hentry","category-cultura-in-ungheria","tag-evento"],"blocksy_meta":[],"author_username":"api","telegram_post":"","public_post_metadata":{"breaking_news":"","important":"","csempe":"","center_tile":"","disable_thumbnail":"","target_lang":"","_featured_image_style":"","telegram_post":"","_xlat_group_id":""},"public_rank_math_data":{"title":"%titolo% %sep% %nomesito%","description":"","focus_keyword":"","canonical_url":"","robots":"","primary_category":"1304","breadcrumb_title":"","facebook_title":"","facebook_description":"","facebook_image":"","facebook_image_id":"","twitter_title":"","twitter_description":"","twitter_image":"","twitter_image_id":"","twitter_card_type":"","twitter_use_facebook":"","advanced_robots":"","pillar_content":"","seo_score":"","contentai_score":"","rich_snippet":""},"_links":{"self":[{"href":"https:\/\/dailynewshungary.com\/it\/wp-json\/wp\/v2\/posts\/779766","targetHints":{"allow":["GET"]}}],"collection":[{"href":"https:\/\/dailynewshungary.com\/it\/wp-json\/wp\/v2\/posts"}],"about":[{"href":"https:\/\/dailynewshungary.com\/it\/wp-json\/wp\/v2\/types\/post"}],"author":[{"embeddable":true,"href":"https:\/\/dailynewshungary.com\/it\/wp-json\/wp\/v2\/users\/91"}],"replies":[{"embeddable":true,"href":"https:\/\/dailynewshungary.com\/it\/wp-json\/wp\/v2\/comments?post=779766"}],"version-history":[{"count":0,"href":"https:\/\/dailynewshungary.com\/it\/wp-json\/wp\/v2\/posts\/779766\/revisions"}],"wp:featuredmedia":[{"embeddable":true,"href":"https:\/\/dailynewshungary.com\/it\/wp-json\/wp\/v2\/media\/779767"}],"wp:attachment":[{"href":"https:\/\/dailynewshungary.com\/it\/wp-json\/wp\/v2\/media?parent=779766"}],"wp:term":[{"taxonomy":"category","embeddable":true,"href":"https:\/\/dailynewshungary.com\/it\/wp-json\/wp\/v2\/categories?post=779766"},{"taxonomy":"post_tag","embeddable":true,"href":"https:\/\/dailynewshungary.com\/it\/wp-json\/wp\/v2\/tags?post=779766"}],"curies":[{"name":"wp","href":"https:\/\/api.w.org\/{rel}","templated":true}]}}