{"id":780187,"date":"2025-06-01T16:44:00","date_gmt":"2025-06-01T14:44:00","guid":{"rendered":"https:\/\/dailynewshungary.com\/it\/il-presidente-ungherese-sulyok-visitera-praid-colpita-dalle-inondazioni-e-consegnera-aiuti-dopo-il-disastro-della-miniera-di-sale\/"},"modified":"2025-06-01T16:44:00","modified_gmt":"2025-06-01T14:44:00","slug":"il-presidente-ungherese-sulyok-visitera-praid-colpita-dalle-inondazioni-e-consegnera-aiuti-dopo-il-disastro-della-miniera-di-sale","status":"publish","type":"post","link":"https:\/\/dailynewshungary.com\/it\/il-presidente-ungherese-sulyok-visitera-praid-colpita-dalle-inondazioni-e-consegnera-aiuti-dopo-il-disastro-della-miniera-di-sale\/","title":{"rendered":"Il Presidente ungherese Sulyok visiter\u00e0 Praid, colpita dalle inondazioni, e consegner\u00e0 aiuti dopo il disastro della miniera di sale"},"content":{"rendered":"<p><strong>Il Presidente Tam\u00e1s Sulyok parteciper\u00e0 alla Messa di Pentecoste a \u0218umuleu Ciuc (Cs\u00edksomly\u00f3), nella Romania centrale, la prossima settimana, prima di recarsi a Praid (Parajd) per ispezionare la situazione e consegnare gli aiuti tramite l&#8217;Aiuto Interconfessionale Ungherese.<\/strong><\/p>\n\n\n\n<p>In un post sui social media, <a href=\"https:\/\/www.facebook.com\/sulyok.tamas.official\/?locale=hu_HU\" target=\"_blank\" rel=\"noopener\">Sulyok<\/a> ha espresso la sua solidariet\u00e0 a coloro che sono stati colpiti dal disastro naturale delle inondazioni che hanno interessato le miniere di sale di Praid. Il Presidente ha detto che il disastro ha colpito non solo un importante sito del patrimonio naturale e storico, ma anche la vita di numerose famiglie.<\/p>\n\n\n\n<p>&#8220;Per noi ungheresi, Praid \u00e8 pi\u00f9 di un insediamento&#8221;, ha detto Sulyok. &#8220;Fa parte dell&#8217;anima della Terra di Sekler; \u00e8 un luogo che racchiude il nostro passato e le nostre speranze, e dove l&#8217;uomo \u00e8 ora messo alla prova dalla natura&#8221;. Il Presidente ha detto che i suoi pensieri sono con la gente di Praid, esprimendo la sua solidariet\u00e0 a coloro che hanno subito perdite o che erano preoccupati per il loro futuro.<\/p>\n\n\n\n<p>Sulyok ha detto che \u00e8 importante per una nazione mostrare forza, unit\u00e0 e solidariet\u00e0 nei momenti di difficolt\u00e0. Ha detto di essere in costante contatto con l&#8217;Aiuto Interconfessionale Ungherese, che \u00e8 stata tra le prime organizzazioni ad offrire aiuto.<\/p>\n\n\n\n<p>Nel frattempo, il Presidente ha detto che parteciper\u00e0 alla messa di Pentecoste a \u0218umuleu Ciuc, prima di visitare Praid per ispezionare la situazione e vedere quali sono le aree pi\u00f9 bisognose di sostegno. Consegner\u00e0 anche un aiuto finanziario alle comunit\u00e0 locali bisognose tramite l&#8217;<a href=\"https:\/\/segelyszervezet.hu\/en\/\" target=\"_blank\" rel=\"noopener\">Aiuto Interconfessionale Ungherese<\/a>.<\/p>\n\n\n\n<p><strong>Leggere anche:<\/strong><\/p>\n\n\n\n<ul class=\"wp-block-list\">\n<li><a href=\"https:\/\/dailynewshungary.com\/it\/video-liconica-attrazione-della-transilvania-e-minacciata-da-una-drammatica-inondazione-dopo-le-piogge-torrenziali\/\">VIDEO: un&#8217;attrazione iconica della Transilvania minacciata da una drammatica inondazione dopo le piogge torrenziali<\/a><\/li>\n\n\n\n<li><a href=\"https:\/\/dailynewshungary.com\/it\/foto-video-la-storica-miniera-di-sale-ungherese-punto-di-riferimento-del-turismo-in-transilvania-e-sommersa-dallacqua-e-potrebbe-crollare\/\">FOTO, VIDEO: La storica miniera di sale ungherese, punto di riferimento turistico della Transilvania, \u00e8 sommersa dall&#8217;acqua e potrebbe crollare.<\/a><\/li>\n<\/ul>\n","protected":false},"excerpt":{"rendered":"<p>Il Presidente Tam\u00e1s Sulyok parteciper\u00e0 alla Messa di Pentecoste a \u0218umuleu Ciuc (Cs\u00edksomly\u00f3), nella Romania centrale, la prossima settimana, prima di recarsi a Praid (Parajd) per ispezionare la situazione e consegnare gli aiuti tramite l&#8217;Aiuto Interconfessionale Ungherese. In un post sui social media, Sulyok ha espresso la sua solidariet\u00e0 a coloro che sono stati colpiti [&hellip;]<\/p>\n","protected":false},"author":33,"featured_media":780188,"comment_status":"open","ping_status":"open","sticky":false,"template":"","format":"standard","meta":{"_display_image":"","footnotes":""},"categories":[1207],"tags":[1341,1171,1224,1173,1069],"class_list":["post-780187","post","type-post","status-publish","format-standard","has-post-thumbnail","hentry","category-societa-in-ungheria","tag-presidente-dellungheria","tag-romania","tag-szeklerland","tag-transilvania","tag-ungheria"],"blocksy_meta":[],"author_username":"ugyelet","telegram_post":"","public_post_metadata":{"breaking_news":"yes","important":"no","csempe":"no","center_tile":"no","disable_thumbnail":"no","target_lang":"","_featured_image_style":"","telegram_post":"","_xlat_group_id":""},"public_rank_math_data":{"title":"%title% %sep% %sitename%","description":"","focus_keyword":"Praid","canonical_url":"","robots":"","primary_category":"1207","breadcrumb_title":"","facebook_title":"","facebook_description":"","facebook_image":"","facebook_image_id":"","twitter_title":"","twitter_description":"","twitter_image":"","twitter_image_id":"","twitter_card_type":"","twitter_use_facebook":"","advanced_robots":"","pillar_content":"","seo_score":"76","contentai_score":"","rich_snippet":""},"_links":{"self":[{"href":"https:\/\/dailynewshungary.com\/it\/wp-json\/wp\/v2\/posts\/780187","targetHints":{"allow":["GET"]}}],"collection":[{"href":"https:\/\/dailynewshungary.com\/it\/wp-json\/wp\/v2\/posts"}],"about":[{"href":"https:\/\/dailynewshungary.com\/it\/wp-json\/wp\/v2\/types\/post"}],"author":[{"embeddable":true,"href":"https:\/\/dailynewshungary.com\/it\/wp-json\/wp\/v2\/users\/33"}],"replies":[{"embeddable":true,"href":"https:\/\/dailynewshungary.com\/it\/wp-json\/wp\/v2\/comments?post=780187"}],"version-history":[{"count":0,"href":"https:\/\/dailynewshungary.com\/it\/wp-json\/wp\/v2\/posts\/780187\/revisions"}],"wp:featuredmedia":[{"embeddable":true,"href":"https:\/\/dailynewshungary.com\/it\/wp-json\/wp\/v2\/media\/780188"}],"wp:attachment":[{"href":"https:\/\/dailynewshungary.com\/it\/wp-json\/wp\/v2\/media?parent=780187"}],"wp:term":[{"taxonomy":"category","embeddable":true,"href":"https:\/\/dailynewshungary.com\/it\/wp-json\/wp\/v2\/categories?post=780187"},{"taxonomy":"post_tag","embeddable":true,"href":"https:\/\/dailynewshungary.com\/it\/wp-json\/wp\/v2\/tags?post=780187"}],"curies":[{"name":"wp","href":"https:\/\/api.w.org\/{rel}","templated":true}]}}