{"id":780449,"date":"2025-06-09T08:34:00","date_gmt":"2025-06-09T06:34:00","guid":{"rendered":"https:\/\/dailynewshungary.com\/it\/rivolte-di-los-angeles-la-california-fara-causa-allamministrazione-trump\/"},"modified":"2025-06-09T08:34:00","modified_gmt":"2025-06-09T06:34:00","slug":"rivolte-di-los-angeles-la-california-fara-causa-allamministrazione-trump","status":"publish","type":"post","link":"https:\/\/dailynewshungary.com\/it\/rivolte-di-los-angeles-la-california-fara-causa-allamministrazione-trump\/","title":{"rendered":"Rivolte di Los Angeles: La California far\u00e0 causa all\u2019amministrazione Trump"},"content":{"rendered":"\n<p><strong><em>ISTANBUL (AA) &#8211; <\/em>Il governatore della California Gavin Newsom ha annunciato domenica che lo Stato intende fare causa all&#8217;amministrazione Trump per il suo dispiegamento &#8220;illegale, immorale e incostituzionale&#8221; della Guardia Nazionale per rispondere ai disordini nel Paese. Le ultime notizie sui disordini di Los Angeles:<\/strong><\/p>\n\n\n\n<p>Newsom, accusando il Presidente di aver &#8220;gettato benzina sul fuoco&#8221; della crisi, ha detto che Trump \u00e8 colui che ha creato &#8220;le condizioni che avete visto stasera in TV&#8221; in un&#8217;intervista a MSNBC.<\/p>\n\n\n\n<p>&#8220;Lui (Donald Trump) ha esacerbato le condizioni&#8230; da quando ha annunciato di voler assumere la Guardia Nazionale. Verificheremo questa teoria con un&#8217;azione legale domani&#8221;, ha detto Newsom.<\/p>\n\n\n\n<p>Secondo l&#8217;<a href=\"https:\/\/www.aa.com.tr\/en\" target=\"_blank\" rel=\"noopener\">Agenzia Anadolu<\/a>, colpendo le affermazioni di Trump sul ripristino della sicurezza attraverso la Guardia Nazionale, Newsom ha detto: &#8220;Ha detto in un tweet che ora tutto \u00e8 sicuro. La Guardia non era ancora stata dispiegata quando ha detto questo. Sta semplicemente mentendo alle persone&#8221;.<\/p>\n\n\n\n<p>Newsom ha detto che la direttiva federale di dispiegare la Guardia Nazionale ha violato le procedure stabilite che prevedono il coordinamento con i governatori degli Stati.<\/p>\n\n\n\n<p>&#8220;Non si sono mai coordinati con noi&#8221;, ha detto, notando che in precedenza aveva lavorato con la Guardia Nazionale per la logistica, il recupero degli incendi e durante le proteste di George Floyd nel 2020.<\/p>\n\n\n\n<p>&#8220;C&#8217;\u00e8 un protocollo. C&#8217;\u00e8 un processo. Lui non se ne \u00e8 curato. E la cosa peggiore \u00e8 che ha mentito completamente&#8221;, ha aggiunto Newsom.<\/p>\n\n\n\n<p>Ribadendo il suo invito ai manifestanti a rimanere pacifici sui social media, ha detto: <\/p>\n\n\n\n<h3 class=\"wp-block-heading\"><mark>&#8220;Los<\/mark> <mark>Angeles<\/mark>: non abboccate all&#8217;esca di Trump. Trump vuole il caos e ha istigato la violenza. Coloro che aggrediscono le forze dell&#8217;ordine o causano danni alla propriet\u00e0 rischiano l&#8217;arresto&#8221;.<\/h3>\n\n\n\n<h2 class=\"wp-block-heading\"><strong>Rivolte a Los Angeles<\/strong>: Arrivano le truppe della Guardia Nazionale<\/h2>\n\n\n\n<p>I manifestanti si sono scontrati con la polizia e hanno dato fuoco ad almeno cinque auto nel centro di <mark>Los<\/mark> <mark>Angeles<\/mark> domenica sera, nel terzo giorno di manifestazioni di protesta contro i raid sull&#8217;immigrazione dell&#8217;amministrazione Trump in California.<\/p>\n\n\n\n<p>Le forze dell&#8217;ordine hanno sparato gas lacrimogeni e munizioni per il controllo della folla per interrompere le manifestazioni e decine di manifestanti sono stati arrestati.<\/p>\n\n\n\n<p>Centinaia di truppe della Guardia Nazionale della California sono arrivate a <mark>Los<\/mark> <mark>Angeles<\/mark> domenica, dopo che Trump ha ordinato il dispiegamento di 2.000 guardie nel sud della California. Altri 500 Marines hanno l&#8217;ordine di &#8220;prepararsi a schierarsi&#8221; se dovessero essere necessari.<\/p>\n\n\n\n<p>Newsom si \u00e8 opposto al dispiegamento della Guardia Nazionale da parte del Presidente, che potrebbe occupare <mark>Los<\/mark> <mark>Angeles<\/mark> per un massimo di 60 giorni, definendolo illegale e chiedendo formalmente a Trump di revocare l&#8217;ordine.<\/p>\n\n\n\n<p>Le proteste sono iniziate venerd\u00ec dopo che gli agenti dell&#8217;Immigration and Customs Enforcement (ICE) hanno arrestato centinaia di persone a <mark>Los<\/mark> <mark>Angeles<\/mark> sospettate di vivere illegalmente negli Stati Uniti.<\/p>\n\n\n\n<p>L&#8217;amministrazione Trump ha dichiarato che continuer\u00e0 con i raid dell&#8217;ICE nonostante le proteste, come parte del giro di vite del Presidente sull&#8217;immigrazione.<\/p>\n\n\n<div class=\"lazyblock-dnh-insert-embed-post-ZE1jrd wp-block-lazyblock-dnh-insert-embed-post\">    <div class=\"custom-link-block dnh-embed-container\">\n        <h3 class=\"dnh-embed-post-label\">read also<\/h3>\n        <a href=\"https:\/\/dailynewshungary.com\/namer-of-fallen-american-soldier-revealed\/\" class=\"dnh-embed-post-url\">\n            https:\/\/dailynewshungary.com\/namer-of-fallen-american-soldier-revealed\/        <\/a>\n    <\/div>\n<\/div>\n\n\n<h2 class=\"wp-block-heading\"><strong>Il capo della sicurezza interna degli Stati Uniti giura che non si ripeter\u00e0 il 2020 in seguito ai disordini dei raid sull&#8217;immigrazione a <mark>Los<\/mark> <mark>Angeles<\/mark><\/strong><a href=\"https:\/\/haber.aa.com.tr\/#\" target=\"_blank\" rel=\"noopener\"><\/a><\/h2>\n\n\n\n<p>Il Segretario della Sicurezza Nazionale degli Stati Uniti, Kristi Noem, ha detto che l&#8217;amministrazione non permetter\u00e0 una &#8220;ripetizione del 2020&#8221;, dopo che il Presidente Donald Trump ha schierato la Guardia Nazionale per ristabilire l&#8217;ordine a <mark>Los<\/mark> <mark>Angeles<\/mark>, in seguito alle proteste per le operazioni dei funzionari dell&#8217;Ufficio Immigrazione e Dogana (ICE).<\/p>\n\n\n\n<p>&#8220;Non permetteremo che si ripeta il 2020&#8221;, ha detto Noem a CBS News durante la sua intervista a Face the Nation domenica scorsa, riferendosi ai disordini di Minneapolis dopo l&#8217;uccisione di George Floyd.<\/p>\n\n\n\n<p><strong>Leggi anche <\/strong>&#8211; Orb\u00e1n: Se Putin verr\u00e0 in Ungheria, sar\u00e0 ricevuto con tutti gli onori &#8211; <a href=\"https:\/\/dailynewshungary.com\/it\/orban-se-putin-verra-in-ungheria-sara-ricevuto-con-tutti-gli-onori-intervista\/\">INTERVISTA+VIDEO<\/a><\/p>\n\n\n\n<p>Legga altre notizie sulle <a href=\"https:\/\/dailynewshungary.com\/tag\/united-states\/\">relazioni tra Stati Uniti e Ungheria<\/a><\/p>\n","protected":false},"excerpt":{"rendered":"<p>ISTANBUL (AA) &#8211; Il governatore della California Gavin Newsom ha annunciato domenica che lo Stato intende fare causa all&#8217;amministrazione Trump per il suo dispiegamento &#8220;illegale, immorale e incostituzionale&#8221; della Guardia Nazionale per rispondere ai disordini nel Paese. Le ultime notizie sui disordini di Los Angeles: Newsom, accusando il Presidente di aver &#8220;gettato benzina sul fuoco&#8221; [&hellip;]<\/p>\n","protected":false},"author":2,"featured_media":780450,"comment_status":"open","ping_status":"open","sticky":false,"template":"","format":"standard","meta":{"_display_image":"yes","footnotes":""},"categories":[1197],"tags":[1115,1111],"class_list":["post-780449","post","type-post","status-publish","format-standard","has-post-thumbnail","hentry","category-mondo","tag-polizia","tag-stati-uniti"],"blocksy_meta":[],"author_username":"alk","telegram_post":"","public_post_metadata":{"breaking_news":"yes","important":"no","csempe":"no","center_tile":"no","disable_thumbnail":"no","target_lang":"","_featured_image_style":"default","telegram_post":"","_xlat_group_id":""},"public_rank_math_data":{"title":"%title% %sep% %sitename%","description":"","focus_keyword":"Rivolte di Los Angeles","canonical_url":"","robots":"","primary_category":"1197","breadcrumb_title":"","facebook_title":"","facebook_description":"","facebook_image":"","facebook_image_id":"","twitter_title":"","twitter_description":"","twitter_image":"","twitter_image_id":"","twitter_card_type":"","twitter_use_facebook":"","advanced_robots":"","pillar_content":"","seo_score":"67","contentai_score":"","rich_snippet":""},"_links":{"self":[{"href":"https:\/\/dailynewshungary.com\/it\/wp-json\/wp\/v2\/posts\/780449","targetHints":{"allow":["GET"]}}],"collection":[{"href":"https:\/\/dailynewshungary.com\/it\/wp-json\/wp\/v2\/posts"}],"about":[{"href":"https:\/\/dailynewshungary.com\/it\/wp-json\/wp\/v2\/types\/post"}],"author":[{"embeddable":true,"href":"https:\/\/dailynewshungary.com\/it\/wp-json\/wp\/v2\/users\/2"}],"replies":[{"embeddable":true,"href":"https:\/\/dailynewshungary.com\/it\/wp-json\/wp\/v2\/comments?post=780449"}],"version-history":[{"count":0,"href":"https:\/\/dailynewshungary.com\/it\/wp-json\/wp\/v2\/posts\/780449\/revisions"}],"wp:featuredmedia":[{"embeddable":true,"href":"https:\/\/dailynewshungary.com\/it\/wp-json\/wp\/v2\/media\/780450"}],"wp:attachment":[{"href":"https:\/\/dailynewshungary.com\/it\/wp-json\/wp\/v2\/media?parent=780449"}],"wp:term":[{"taxonomy":"category","embeddable":true,"href":"https:\/\/dailynewshungary.com\/it\/wp-json\/wp\/v2\/categories?post=780449"},{"taxonomy":"post_tag","embeddable":true,"href":"https:\/\/dailynewshungary.com\/it\/wp-json\/wp\/v2\/tags?post=780449"}],"curies":[{"name":"wp","href":"https:\/\/api.w.org\/{rel}","templated":true}]}}