{"id":781379,"date":"2025-07-07T09:44:00","date_gmt":"2025-07-07T07:44:00","guid":{"rendered":"https:\/\/dailynewshungary.com\/it\/grandine-temporali-freddo-insolito-un-improvviso-fronte-freddo-arriva-in-ungheria-ecco-cosa-aspettarsi-questa-settimana\/"},"modified":"2025-07-07T09:44:00","modified_gmt":"2025-07-07T07:44:00","slug":"grandine-temporali-freddo-insolito-un-improvviso-fronte-freddo-arriva-in-ungheria-ecco-cosa-aspettarsi-questa-settimana","status":"publish","type":"post","link":"https:\/\/dailynewshungary.com\/it\/grandine-temporali-freddo-insolito-un-improvviso-fronte-freddo-arriva-in-ungheria-ecco-cosa-aspettarsi-questa-settimana\/","title":{"rendered":"Grandine, temporali, freddo insolito: un improvviso fronte freddo arriva in Ungheria \u2013 ecco cosa aspettarsi questa settimana"},"content":{"rendered":"<p><strong>Dopo settimane di caldo torrido e un giugno praticamente senza pioggia, il sollievo \u00e8 finalmente arrivato in Ungheria sotto forma di un fronte freddo. La buona notizia? Non porta solo temperature pi\u00f9 fresche, ma anche le piogge tanto necessarie. Per l&#8217;agricoltura ungherese, cos\u00ec come per i giardinieri di tutto il Paese, la pioggia \u00e8 mancata moltissimo. Naturalmente, quando l&#8217;aria fredda arriva dopo un caldo cos\u00ec intenso, le tempeste improvvise, la grandine delle dimensioni di una palla da tennis e le raffiche di vento dannose sono quasi inevitabili. Ecco cosa aspettarsi.<\/strong><\/p>\n\n\n\n<h1 class=\"wp-block-heading\">Una significativa rinfrescata in arrivo con l&#8217;arrivo del fronte freddo<\/h1>\n\n\n\n<p>Secondo l&#8217;ente statale <a href=\"https:\/\/www.met.hu\/\" target=\"_blank\" rel=\"noopener\"><strong>HungaroMet<\/strong><\/a>, il modello meteorologico imminente \u00e8 piuttosto semplice: un fronte freddo attraverser\u00e0 l&#8217;Ungheria, portando aria pi\u00f9 fredda e umida in diverse ondate. Mentre l&#8217;Ungheria orientale potrebbe ancora vedere temperature superiori a 30\u00b0C oggi, l&#8217;ovest si sta gi\u00e0 preparando per un calo sostanziale. Viaggiare attraverso il Paese oggi potrebbe significare sperimentare una differenza di 10 gradi (Celsius): passare dall&#8217;estate alla primavera, o viceversa, a seconda della direzione.<\/p>\n\n\n\n<ul class=\"wp-block-list\">\n<li>Il Paese \u00e8 arido all&#8217;osso, il caldo estremo persiste, i livelli dei fiumi Tisza e Danubio sono ai minimi storici e gli animali potrebbero essere costretti a migrare &#8211; per saperne di pi\u00f9 sulle sfide dell&#8217;ultimo mese <a href=\"https:\/\/dailynewshungary.com\/it\/foto-lungheria-e-a-secco-mentre-i-livelli-dei-fiumi-danubio-e-tibisco-scendono-ai-minimi-storici-e-la-fauna-selvatica-potrebbe-abbandonare-il-paese\/\"><strong>, legga QUI<\/strong><\/a>.<\/li>\n<\/ul>\n\n\n\n<figure class=\"wp-block-image aligncenter size-full\"><img decoding=\"async\" src=\"https:\/\/contentf5.dailynewshungary.com\/wp-content\/uploads\/2025\/07\/Cold-front-and-thunderstorms.jpg\" alt=\"Cold front and thunderstorms\" class=\"wp-image-663355\"\/><figcaption class=\"wp-element-caption\">Arriva un fronte freddo con temporali. Foto: FB\/Id\u0151k\u00e9p<\/figcaption><\/figure>\n\n<p>Complessivamente, entro mercoled\u00ec, le temperature potrebbero crollare di 27-36\u00b0F (15-20\u00b0C) rispetto alle massime odierne, un&#8217;oscillazione drammatica che potrebbe porre problemi di salute a chi \u00e8 sensibile a tali cambiamenti. Potrebbero verificarsi sintomi come vertigini, mal di testa, scarsa concentrazione e problemi circolatori. Infatti, HungaroMet riferisce che a met\u00e0 settimana, le temperature pi\u00f9 alte nella maggior parte del Paese potrebbero non superare le minime del luned\u00ec mattina. In alcune zone, le massime di mercoled\u00ec non saranno nemmeno all&#8217;altezza delle temperature del primo mattino.<\/p>\n\n\n\n<p class=\"has-text-align-center\"><iframe loading=\"lazy\" style=\"border: none; overflow: hidden;\" src=\"https:\/\/www.facebook.com\/plugins\/post.php?href=https%3A%2F%2Fwww.facebook.com%2FHungaroMet%2Fposts%2Fpfbid0iCfzHZ6wWRSzyYa8mU4kfx28qFYcEtXX9n3c8EyZRYUboSmdY7yE9Hi31YC6nmw9l&amp;show_text=true&amp;width=500\" width=\"500\" height=\"709\" frameborder=\"0\" scrolling=\"no\" allowfullscreen=\"allowfullscreen\"><\/iframe><\/p>\n\n\n\n<p>Tuttavia, un clima pi\u00f9 fresco non significa una riduzione dell&#8217;esposizione ai raggi UV. <a href=\"https:\/\/www.blikk.hu\/aktualis\/belfold\/idojaras-ma-julius-7\/4yfs2c1\" target=\"_blank\" rel=\"noopener\"><strong>I raggi UV rimarranno altrettanto forti<\/strong><\/a>, quindi cerchi di evitare l&#8217;esposizione prolungata al sole tra le 11.00 e le 16.00. Se deve uscire, si protegga con una protezione solare, un abbigliamento adeguato e un cappello.<\/p>\n\n\n\n<h1 class=\"wp-block-heading\">Grandine e venti di tempesta per accompagnare la pioggia tanto attesa<\/h1>\n\n\n\n<p>Sia per l&#8217;agricoltura su larga scala che per gli orti familiari, i prossimi giorni porteranno piogge gradite. Oggi, le precipitazioni pi\u00f9 intense sono attese soprattutto nelle regioni occidentali, ma entro domani dovrebbero raggiungere la maggior parte delle aree e mantenersi fino a mercoled\u00ec nelle zone nord-orientali e orientali del Paese. Secondo <a href=\"https:\/\/www.facebook.com\/HungaroMet?__cft__[0]=AZUz1Q17t_BNp_Bs1ZsZyotrcRo9-F-HbGFHO_rRc8cvfJrcCV7LlENftBAM-jY8R5X469FPtZiWo8H9OgU9bzlYjBZ47kxsEWYXGf8140liuCwuZ1q-K4ZLvinVXXoVDZQZJb1_vuN4A0VZVeGnddcUrx9dNCqzAC1RkH7jNnm9kA&amp;__tn__=-UC%2CP-R\" target=\"_blank\" rel=\"noopener\">HungaroMet<\/a>, localit\u00e0 come Veszpr\u00e9m potrebbero vedere fino a 28 mm di pioggia nei prossimi tre giorni, mentre la quantit\u00e0 minima prevista a Gy\u0151r \u00e8 di 8 mm.<\/p>\n\n\n\n<ul class=\"wp-block-list\">\n<li>Il temuto Hunger Rock di Budapest <strong><a href=\"https:\/\/dailynewshungary.com\/it\/uno-spettacolo-orribile-la-temuta-roccia-della-fame-di-budapest-emerge-per-la-seconda-volta-in-un-anno\/\">emerge <\/a><\/strong>per la seconda volta in un anno<\/li>\n<\/ul>\n\n\n\n<p><em>Previsioni di pioggia per i prossimi tre giorni:<\/em><\/p>\n\n\n\n<figure class=\"wp-block-image aligncenter size-full\"><img decoding=\"async\" src=\"https:\/\/contentf5.dailynewshungary.com\/wp-content\/uploads\/2025\/07\/Cold-front-precipiation.jpg\" alt=\"Cold front precipiation\" class=\"wp-image-663353\"\/><figcaption class=\"wp-element-caption\">Foto: FB\/Id\u0151k\u00e9p<\/figcaption><\/figure>\n\n<p>Citando HungaroMet, <a href=\"https:\/\/www.atv.hu\/belfold\/20250707\/idojaras-vihar-szelroham-jeg\/\" target=\"_blank\" rel=\"noopener\"><strong>ATV<\/strong><\/a> avverte che le raffiche di vento potrebbero raggiungere 56-75 mph (90-120 km\/h) in diverse aree oggi. Le tempeste potrebbero anche portare grandine, con alcuni pezzi grandi come palle da tennis.<\/p>\n\n\n\n<p><strong>Ecco le previsioni:<\/strong><\/p>\n\n\n\n<figure class=\"wp-block-embed is-type-video is-provider-youtube wp-block-embed-youtube wp-embed-aspect-16-9 wp-has-aspect-ratio\"><div class=\"wp-block-embed__wrapper\">\nhttps:\/\/youtu.be\/aomA6k6stFc<\/div><\/figure>\n\n\n\n<ul class=\"wp-block-list\">\n<li>Trovi altri articoli sul meteo <a href=\"https:\/\/dailynewshungary.com\/tag\/weather\/\"><strong>QUI<\/strong><\/a>.<\/li>\n<\/ul>\n\n\n\n<p>Per leggere o condividere questo articolo in ungherese, clicchi qui: <a href=\"https:\/\/hellomagyar.hu\/?p=83562\" target=\"_blank\" rel=\"noopener\">Hell\u00f3 Magyar<\/a><\/p>\n","protected":false},"excerpt":{"rendered":"<p>Dopo settimane di caldo torrido e un giugno praticamente senza pioggia, il sollievo \u00e8 finalmente arrivato in Ungheria sotto forma di un fronte freddo. La buona notizia? Non porta solo temperature pi\u00f9 fresche, ma anche le piogge tanto necessarie. Per l&#8217;agricoltura ungherese, cos\u00ec come per i giardinieri di tutto il Paese, la pioggia \u00e8 mancata [&hellip;]<\/p>\n","protected":false},"author":18,"featured_media":781380,"comment_status":"open","ping_status":"open","sticky":false,"template":"","format":"standard","meta":{"_display_image":"yes","footnotes":""},"categories":[1207],"tags":[1095,1210,1211,1069,1303],"class_list":["post-781379","post","type-post","status-publish","format-standard","has-post-thumbnail","hentry","category-societa-in-ungheria","tag-inpr","tag-meteo","tag-previsioni-del-tempo","tag-ungheria","tag-utile-dnh"],"blocksy_meta":[],"author_username":"johnwoods","telegram_post":"","public_post_metadata":{"breaking_news":"yes","important":"no","csempe":"yes","center_tile":"no","disable_thumbnail":"no","target_lang":"","_featured_image_style":"hidden","telegram_post":"","_xlat_group_id":""},"public_rank_math_data":{"title":"%title% %sep% %sitename%","description":"Dopo settimane di caldo torrido e un giugno praticamente senza pioggia, il sollievo \u00e8 finalmente arrivato in Ungheria sotto forma di un fronte freddo.","focus_keyword":"fronte freddo","canonical_url":"","robots":"","primary_category":"1207","breadcrumb_title":"","facebook_title":"","facebook_description":"","facebook_image":"","facebook_image_id":"","twitter_title":"","twitter_description":"","twitter_image":"","twitter_image_id":"","twitter_card_type":"","twitter_use_facebook":"","advanced_robots":"","pillar_content":"","seo_score":"79","contentai_score":"","rich_snippet":""},"_links":{"self":[{"href":"https:\/\/dailynewshungary.com\/it\/wp-json\/wp\/v2\/posts\/781379","targetHints":{"allow":["GET"]}}],"collection":[{"href":"https:\/\/dailynewshungary.com\/it\/wp-json\/wp\/v2\/posts"}],"about":[{"href":"https:\/\/dailynewshungary.com\/it\/wp-json\/wp\/v2\/types\/post"}],"author":[{"embeddable":true,"href":"https:\/\/dailynewshungary.com\/it\/wp-json\/wp\/v2\/users\/18"}],"replies":[{"embeddable":true,"href":"https:\/\/dailynewshungary.com\/it\/wp-json\/wp\/v2\/comments?post=781379"}],"version-history":[{"count":0,"href":"https:\/\/dailynewshungary.com\/it\/wp-json\/wp\/v2\/posts\/781379\/revisions"}],"wp:featuredmedia":[{"embeddable":true,"href":"https:\/\/dailynewshungary.com\/it\/wp-json\/wp\/v2\/media\/781380"}],"wp:attachment":[{"href":"https:\/\/dailynewshungary.com\/it\/wp-json\/wp\/v2\/media?parent=781379"}],"wp:term":[{"taxonomy":"category","embeddable":true,"href":"https:\/\/dailynewshungary.com\/it\/wp-json\/wp\/v2\/categories?post=781379"},{"taxonomy":"post_tag","embeddable":true,"href":"https:\/\/dailynewshungary.com\/it\/wp-json\/wp\/v2\/tags?post=781379"}],"curies":[{"name":"wp","href":"https:\/\/api.w.org\/{rel}","templated":true}]}}