{"id":781520,"date":"2025-07-11T17:34:00","date_gmt":"2025-07-11T15:34:00","guid":{"rendered":"https:\/\/dailynewshungary.com\/it\/il-direttore-politico-di-orban-incolpa-lopposizione-per-aver-appoggiato-gli-aiuti-allucraina\/"},"modified":"2025-07-11T17:34:00","modified_gmt":"2025-07-11T15:34:00","slug":"il-direttore-politico-di-orban-incolpa-lopposizione-per-aver-appoggiato-gli-aiuti-allucraina","status":"publish","type":"post","link":"https:\/\/dailynewshungary.com\/it\/il-direttore-politico-di-orban-incolpa-lopposizione-per-aver-appoggiato-gli-aiuti-allucraina\/","title":{"rendered":"Il direttore politico di Orb\u00e1n incolpa l\u2019opposizione per aver appoggiato gli aiuti all\u2019Ucraina"},"content":{"rendered":"<p><strong>La Presidente della Commissione Europea Ursula von der Leyen ha appoggiato gli interessi ucraini a scapito di quelli europei con il sostegno della &#8216;grande coalizione&#8217; del Partito Tisza e di DK, ha dichiarato gioved\u00ec Bal\u00e1zs Orb\u00e1n, direttore politico del Primo Ministro.<\/strong><\/p>\n\n\n\n<p>Orb\u00e1n ha detto in un <a href=\"https:\/\/www.facebook.com\/orbanbalazsandras\/posts\/pfbid02RKPNwx46kB9Mev44QSb4fYBq8idTrMxVMHUkhYqmDziKreAypoDdCQRD47WudKTXl?locale=hu_HU\" target=\"_blank\" rel=\"noopener\"><strong>post su Facebook<\/strong><\/a> che la von der Leyen \u00e8 stata salvata nel voto di sfiducia al Parlamento europeo da &#8220;l&#8217;\u00e9lite liberale&#8221;, e poi ha &#8220;promesso ancora pi\u00f9 finanziamenti per la continuazione della guerra&#8221; alla conferenza sulla ricostruzione dell&#8217;Ucraina.<\/p>\n\n\n\n<p>Questo, ha aggiunto, equivale a un&#8217;ammissione da parte di <a href=\"https:\/\/www.facebook.com\/magyartisza?locale=hu_HU\" target=\"_blank\" rel=\"noopener\">Tisza<\/a> e <a href=\"https:\/\/www.facebook.com\/dk365?locale=hu_HU\" target=\"_blank\" rel=\"noopener\">DK<\/a> di sostenere l&#8217;Ucraina. Il direttore politico ha citato la von der Leyen che, nel suo discorso, ha affermato che l&#8217;UE si \u00e8 impegnata in un impegno duraturo e incrollabile nei confronti dell&#8217;Ucraina dal punto di vista militare, finanziario e politico.<\/p>\n\n\n\n<p>Ha inoltre affermato che, dopo l&#8217;invasione su larga scala da parte della Russia, l&#8217;Europa \u00e8 stata e rimarr\u00e0 il principale sostenitore finanziario dell&#8217;Ucraina, avendo consegnato &#8220;quasi 165 miliardi di euro finora&#8221; e promettendo un ulteriore sostegno nel 2028 e oltre.<\/p>\n\n\n\n<p>Orb\u00e1n ha notato che la Presidente della Commissione ha fatto riferimento al Fondo faro europeo per la ricostruzione dell&#8217;Ucraina come &#8220;il pi\u00f9 grande fondo di capitale al mondo per sostenere la ricostruzione&#8221;.<\/p>\n\n\n\n<p>Ha anche citato l&#8217;affermazione di Orb\u00e1n secondo cui l&#8217;Ucraina sta realizzando le riforme che ci si aspetta dal Paese in relazione alla sua candidatura a membro dell&#8217;UE. Ha detto che la Commissione \u00e8 stata &#8220;molto chiara&#8221; e che &#8220;l&#8217;Ucraina \u00e8 pronta ad aprire&#8221; i primi capitoli riguardanti i valori fondamentali.<\/p>\n\n\n\n<p>Orb\u00e1n ha anche sottolineato che la von der Leyen ha concluso il suo discorso con il grido &#8220;Slava, Ukraini, viva l&#8217;Europa!&#8221;.<\/p>\n\n\n\n<p>Legga altre notizie sulle <a href=\"https:\/\/dailynewshungary.com\/tag\/ukraine\/\"><strong>relazioni tra Ucraina e Ungheria<\/strong><\/a> su Daily News Hungary!<\/p>\n\n\n\n<p><strong>Legga anche:<\/strong><\/p>\n\n\n\n<ul class=\"wp-block-list\">\n<li><a href=\"https:\/\/dailynewshungary.com\/it\/un-uomo-ungherese-muore-dopo-un-presunto-pestaggio-da-parte-di-ufficiali-di-leva-ucraini-orban-reagisce-ambasciatore-convocato\/\">Un uomo ungherese muore dopo un presunto pestaggio da parte di ufficiali di leva ucraini: Orb\u00e1n reagisce, ambasciatore convocato<\/a><\/li>\n\n\n\n<li><a href=\"https:\/\/dailynewshungary.com\/it\/lucraina-nega-gli-abusi-dopo-la-morte-di-un-soldato-di-etnia-ungherese-lungheria-chiede-risposte\/\">L&#8217;Ucraina nega gli abusi dopo la morte di un soldato di etnia ungherese, l&#8217;Ungheria chiede risposte<\/a><\/li>\n<\/ul>\n","protected":false},"excerpt":{"rendered":"<p>La Presidente della Commissione Europea Ursula von der Leyen ha appoggiato gli interessi ucraini a scapito di quelli europei con il sostegno della &#8216;grande coalizione&#8217; del Partito Tisza e di DK, ha dichiarato gioved\u00ec Bal\u00e1zs Orb\u00e1n, direttore politico del Primo Ministro. Orb\u00e1n ha detto in un post su Facebook che la von der Leyen \u00e8 [&hellip;]<\/p>\n","protected":false},"author":33,"featured_media":781521,"comment_status":"open","ping_status":"open","sticky":false,"template":"","format":"standard","meta":{"_display_image":"yes","footnotes":""},"categories":[1185],"tags":[1093,1079,1077,1076,1081,1080,1075],"class_list":["post-781520","post","type-post","status-publish","format-standard","has-post-thumbnail","hentry","category-politica-in-ungheria","tag-coalizione-democratica","tag-governo-ungherese","tag-guerra-in-ucraina","tag-peter-magyar-e-il-partito-tisza","tag-ucraina","tag-ungherese","tag-unione-europea"],"blocksy_meta":[],"author_username":"ugyelet","telegram_post":"","public_post_metadata":{"breaking_news":"yes","important":"no","csempe":"no","center_tile":"no","disable_thumbnail":"no","target_lang":"","_featured_image_style":"default","telegram_post":"","_xlat_group_id":""},"public_rank_math_data":{"title":"%titolo% %sep% %sitename%","description":"","focus_keyword":"Orb\u00e1n","canonical_url":"","robots":"","primary_category":"1185","breadcrumb_title":"","facebook_title":"","facebook_description":"","facebook_image":"","facebook_image_id":"","twitter_title":"","twitter_description":"","twitter_image":"","twitter_image_id":"","twitter_card_type":"","twitter_use_facebook":"","advanced_robots":"","pillar_content":"","seo_score":"74","contentai_score":"","rich_snippet":""},"_links":{"self":[{"href":"https:\/\/dailynewshungary.com\/it\/wp-json\/wp\/v2\/posts\/781520","targetHints":{"allow":["GET"]}}],"collection":[{"href":"https:\/\/dailynewshungary.com\/it\/wp-json\/wp\/v2\/posts"}],"about":[{"href":"https:\/\/dailynewshungary.com\/it\/wp-json\/wp\/v2\/types\/post"}],"author":[{"embeddable":true,"href":"https:\/\/dailynewshungary.com\/it\/wp-json\/wp\/v2\/users\/33"}],"replies":[{"embeddable":true,"href":"https:\/\/dailynewshungary.com\/it\/wp-json\/wp\/v2\/comments?post=781520"}],"version-history":[{"count":0,"href":"https:\/\/dailynewshungary.com\/it\/wp-json\/wp\/v2\/posts\/781520\/revisions"}],"wp:featuredmedia":[{"embeddable":true,"href":"https:\/\/dailynewshungary.com\/it\/wp-json\/wp\/v2\/media\/781521"}],"wp:attachment":[{"href":"https:\/\/dailynewshungary.com\/it\/wp-json\/wp\/v2\/media?parent=781520"}],"wp:term":[{"taxonomy":"category","embeddable":true,"href":"https:\/\/dailynewshungary.com\/it\/wp-json\/wp\/v2\/categories?post=781520"},{"taxonomy":"post_tag","embeddable":true,"href":"https:\/\/dailynewshungary.com\/it\/wp-json\/wp\/v2\/tags?post=781520"}],"curies":[{"name":"wp","href":"https:\/\/api.w.org\/{rel}","templated":true}]}}