{"id":781613,"date":"2025-07-14T14:04:00","date_gmt":"2025-07-14T12:04:00","guid":{"rendered":"https:\/\/dailynewshungary.com\/it\/fm-ungherese-la-spedizione-di-armi-degli-stati-uniti-mira-alla-pace-ma-lue-e-lucraina-sostengono-la-guerra\/"},"modified":"2025-07-14T14:04:00","modified_gmt":"2025-07-14T12:04:00","slug":"fm-ungherese-la-spedizione-di-armi-degli-stati-uniti-mira-alla-pace-ma-lue-e-lucraina-sostengono-la-guerra","status":"publish","type":"post","link":"https:\/\/dailynewshungary.com\/it\/fm-ungherese-la-spedizione-di-armi-degli-stati-uniti-mira-alla-pace-ma-lue-e-lucraina-sostengono-la-guerra\/","title":{"rendered":"FM ungherese: la spedizione di armi degli Stati Uniti mira alla pace, ma l\u2019UE e l\u2019Ucraina sostengono la guerra"},"content":{"rendered":"<p><strong> Il Governo ungherese spinger\u00e0 affinch\u00e9 l&#8217;Unione Europea prenda una posizione comune &#8220;sulla violenta coscrizione forzata in corso in Ucraina, che ha portato un ungherese ad essere picchiato a morte&#8221;, ha dichiarato luned\u00ec a Budapest P\u00e9ter Szijj\u00e1rt\u00f3, Ministro degli Affari Esteri e del Commercio.<\/strong><\/p>\n\n\n\n<p>Parlando ad una conferenza stampa su un&#8217;altra questione, tenuta insieme al suo omologo marocchino, Szijj\u00e1rt\u00f3 ha definito &#8220;scioccante&#8221; il fatto che la comunit\u00e0 internazionale &#8220;si sia voltata dall&#8217;altra parte mentre venivano alla luce le coscrizioni brutali e violente in Ucraina&#8221;. &#8220;Se un decimo di questo accadesse altrove, l&#8217;UE si precipiterebbe a condannarlo&#8221;.<\/p>\n\n\n\n<p>Szijj\u00e1rt\u00f3 ha insistito sul fatto che la coscrizione in Ucraina spesso equivale a una &#8220;caccia all&#8217;uomo&#8221;. &#8220;Abbiamo visto i video&#8230; persone non addestrate, che spesso non sono in grado di prestare servizio, vengono rapite davanti alle loro famiglie e ai loro figli piccoli e costrette a prestare servizio sui fronti&#8221;, ha detto il Ministro degli Esteri ungherese. Leggi i dettagli: <a href=\"https:\/\/dailynewshungary.com\/it\/lucraina-nega-gli-abusi-dopo-la-morte-di-un-soldato-di-etnia-ungherese-lungheria-chiede-risposte\/\">L&#8217;Ucraina nega gli abusi dopo la morte di un soldato di etnia ungherese, l&#8217;Ungheria chiede risposte<\/a><\/p>\n\n\n\n<p>&#8220;Stanno picchiando le persone a morte&#8230; perch\u00e9 non vogliono andare in guerra e non vogliono partecipare a un massacro privo di qualsiasi razionalit\u00e0. Questo \u00e8 inaccettabile. Tutto questo sta accadendo nel cuore dell&#8217;Europa, e i politici europei fanno finta di niente&#8221;, ha affermato.<\/p>\n\n\n\n<p><a href=\"https:\/\/kormany.hu\/kulgazdasagi-es-kulugyminiszterium\" target=\"_blank\" rel=\"noopener\">Szijj\u00e1rt\u00f3<\/a> si \u00e8 impegnato a presentare la questione al Consiglio Affari Esteri dell&#8217;Unione Europea di marted\u00ec, e a chiedere una presa di posizione &#8220;se Bruxelles considera accettabile un arruolamento forzato violento e brutale&#8221;.<\/p>\n\n\n\n<p>Ha detto di vedere ci\u00f2 che sta accadendo in Ucraina come &#8220;contrario ai diritti umani, al diritto internazionale e ai valori umani fondamentali&#8221;.<\/p>\n\n\n\n<p>&#8220;Siamo naturalmente al fianco delle vittime ungheresi e delle loro famiglie. Stiamo prendendo contatto [con le famiglie] costantemente, e faremo tutto ci\u00f2 che \u00e8 in nostro potere, come sempre in questi casi, per aiutare le famiglie&#8230;&#8221;.<\/p>\n\n\n\n<p>Per quanto riguarda le forniture di armi statunitensi all&#8217;Ucraina, Szijj\u00e1rt\u00f3 ha detto: &#8220;Nessuno ha fatto di pi\u00f9 per la pace del Presidente Donald Trump, i cui sforzi avrebbero potuto avere molto pi\u00f9 successo se i leader europei e ucraini non li avessero ostacolati&#8221;.<\/p>\n\n\n\n<p>Allo stesso tempo, ha affermato che il fatto che i ministri degli Esteri degli Stati Uniti e della Russia abbiano parlato &#8220;per quasi un&#8217;ora al telefono la scorsa settimana&#8221; \u00e8 un &#8220;buon segno&#8221;. &#8220;Spero sinceramente che gli sforzi di pace continuino. La pace \u00e8 nel nostro interesse&#8221;, ha detto Szijj\u00e1rt\u00f3.<\/p>\n\n\n\n<p>Leggi qui per ulteriori notizie sulle <a href=\"https:\/\/dailynewshungary.com\/tag\/ukraine\/\"><strong>relazioni tra Ucraina e Ungheria<\/strong><\/a><\/p>\n\n\n\n<p><strong>legga anche &#8211;<\/strong> Tragico: <a href=\"https:\/\/dailynewshungary.com\/it\/tragico-giovane-soldato-ungherese-ucciso-mentre-combatteva-in-ucraina\/\">giovane soldato ungherese ucciso combattendo in Ucraina<\/a><\/p>\n","protected":false},"excerpt":{"rendered":"<p>Il Governo ungherese spinger\u00e0 affinch\u00e9 l&#8217;Unione Europea prenda una posizione comune &#8220;sulla violenta coscrizione forzata in corso in Ucraina, che ha portato un ungherese ad essere picchiato a morte&#8221;, ha dichiarato luned\u00ec a Budapest P\u00e9ter Szijj\u00e1rt\u00f3, Ministro degli Affari Esteri e del Commercio. Parlando ad una conferenza stampa su un&#8217;altra questione, tenuta insieme al suo [&hellip;]<\/p>\n","protected":false},"author":2,"featured_media":781614,"comment_status":"open","ping_status":"open","sticky":false,"template":"","format":"standard","meta":{"_display_image":"yes","footnotes":""},"categories":[1185],"tags":[1079,1077,1092,1111,1081,1069],"class_list":["post-781613","post","type-post","status-publish","format-standard","has-post-thumbnail","hentry","category-politica-in-ungheria","tag-governo-ungherese","tag-guerra-in-ucraina","tag-ministero-degli-affari-esteri-dellungheria","tag-stati-uniti","tag-ucraina","tag-ungheria"],"blocksy_meta":[],"author_username":"alk","telegram_post":"","public_post_metadata":{"breaking_news":"yes","important":"no","csempe":"no","center_tile":"no","disable_thumbnail":"no","target_lang":"","_featured_image_style":"default","telegram_post":"","_xlat_group_id":""},"public_rank_math_data":{"title":"%title% %sep% %sitename%","description":"","focus_keyword":"Ucraina","canonical_url":"","robots":"","primary_category":"1185","breadcrumb_title":"","facebook_title":"","facebook_description":"","facebook_image":"","facebook_image_id":"","twitter_title":"","twitter_description":"","twitter_image":"","twitter_image_id":"","twitter_card_type":"","twitter_use_facebook":"","advanced_robots":"","pillar_content":"","seo_score":"68","contentai_score":"","rich_snippet":""},"_links":{"self":[{"href":"https:\/\/dailynewshungary.com\/it\/wp-json\/wp\/v2\/posts\/781613","targetHints":{"allow":["GET"]}}],"collection":[{"href":"https:\/\/dailynewshungary.com\/it\/wp-json\/wp\/v2\/posts"}],"about":[{"href":"https:\/\/dailynewshungary.com\/it\/wp-json\/wp\/v2\/types\/post"}],"author":[{"embeddable":true,"href":"https:\/\/dailynewshungary.com\/it\/wp-json\/wp\/v2\/users\/2"}],"replies":[{"embeddable":true,"href":"https:\/\/dailynewshungary.com\/it\/wp-json\/wp\/v2\/comments?post=781613"}],"version-history":[{"count":0,"href":"https:\/\/dailynewshungary.com\/it\/wp-json\/wp\/v2\/posts\/781613\/revisions"}],"wp:featuredmedia":[{"embeddable":true,"href":"https:\/\/dailynewshungary.com\/it\/wp-json\/wp\/v2\/media\/781614"}],"wp:attachment":[{"href":"https:\/\/dailynewshungary.com\/it\/wp-json\/wp\/v2\/media?parent=781613"}],"wp:term":[{"taxonomy":"category","embeddable":true,"href":"https:\/\/dailynewshungary.com\/it\/wp-json\/wp\/v2\/categories?post=781613"},{"taxonomy":"post_tag","embeddable":true,"href":"https:\/\/dailynewshungary.com\/it\/wp-json\/wp\/v2\/tags?post=781613"}],"curies":[{"name":"wp","href":"https:\/\/api.w.org\/{rel}","templated":true}]}}