{"id":782313,"date":"2025-08-06T16:34:00","date_gmt":"2025-08-06T14:34:00","guid":{"rendered":"https:\/\/dailynewshungary.com\/it\/attenzione-ryanair-si-prepara-ad-uno-sciopero-di-mesi-ecco-come-potrebbe-avere-un-impatto-su-di-lei\/"},"modified":"2025-08-06T16:34:00","modified_gmt":"2025-08-06T14:34:00","slug":"attenzione-ryanair-si-prepara-ad-uno-sciopero-di-mesi-ecco-come-potrebbe-avere-un-impatto-su-di-lei","status":"publish","type":"post","link":"https:\/\/dailynewshungary.com\/it\/attenzione-ryanair-si-prepara-ad-uno-sciopero-di-mesi-ecco-come-potrebbe-avere-un-impatto-su-di-lei\/","title":{"rendered":"Attenzione: Ryanair si prepara ad uno sciopero di mesi \u2013 Ecco come potrebbe avere un impatto su di lei"},"content":{"rendered":"<p><strong>I passeggeri Ryanair diretti in vacanza potrebbero subire gravi disagi a partire dal 15 <strong>agosto<\/strong>, quando il personale di terra in Spagna inizier\u00e0 uno sciopero che potrebbe durare fino alla fine dell&#8217;anno. Lo sciopero \u00e8 stato indetto dai dipendenti di Azul Handling, a causa delle controversie di lavoro in corso e delle condizioni di lavoro precarie, secondo il sindacato UGT.<\/strong><\/p>\n\n\n\n<h2 class=\"wp-block-heading\">Quattro giorni di sciopero alla settimana<\/h2>\n\n\n\n<p>Azul Handling serve attualmente 27 aeroporti in tutta la Spagna, tra cui Madrid-Barajas, Barcellona-El Prat e Malaga, fornendo servizi di terra a Ryanair e alle sue filiali, come Buzz e Malta Air. Il primo sciopero \u00e8 previsto per il 15-17 agosto. Successivamente, sono previsti scioperi ogni mercoled\u00ec, venerd\u00ec, sabato e domenica fino al 31 dicembre 2025, <a href=\"https:\/\/hu.euronews.com\/utazas\/2025\/08\/05\/ez-a-magyaroknak-is-nehez-lesz-a-ryanair-augusztustol-sztrajkot-hirdet-a-spanyol-repuloter\" target=\"_blank\" rel=\"noopener\"><strong>riferisce Euronews<\/strong><\/a>.<\/p>\n\n\n\n<p>Gli scioperi interesseranno tre fasce orarie chiave ogni giorno: 5-9 AM, 12-3 PM e 9-11:59 PM. I passeggeri devono aspettarsi ritardi significativi e interruzioni del servizio, soprattutto durante l&#8217;alta stagione delle vacanze.<\/p>\n\n\n\n<h2 class=\"wp-block-heading\">Anche i viaggiatori ungheresi interessati<\/h2>\n\n\n\n<p>L&#8217;impatto dello sciopero non sar\u00e0 limitato ai viaggiatori spagnoli. La Spagna rimane una delle principali destinazioni estive per i turisti ungheresi, con voli diretti Ryanair che collegano Budapest a citt\u00e0 come Barcellona, Madrid, Malaga, Palma di Maiorca e Alicante. I viaggiatori ungheresi devono prepararsi a possibili interruzioni.<\/p>\n\n\n\n<p>Sebbene Ryanair abbia dichiarato di &#8220;non aspettarsi alcuna interruzione&#8221; poich\u00e9 si tratta di una protesta &#8220;di terzi&#8221; da parte di Azul Handling, le operazioni a terra come la gestione dei bagagli, l&#8217;imbarco e l&#8217;assistenza tecnica potrebbero comunque subire forti rallentamenti, <a href=\"https:\/\/www.thesun.ie\/travel\/15646517\/travel-warning-ryanair-flight-staff-spanish-airports-strike\/\" target=\"_blank\" rel=\"noopener\"><strong>secondo The Sun<\/strong><\/a>. La situazione potrebbe aggravarsi ulteriormente se altri dipendenti dell&#8217;aeroporto si unissero allo sciopero.<\/p>\n\n\n\n<h2 class=\"wp-block-heading\">Perch\u00e9 i lavoratori scioperano?<\/h2>\n\n\n\n<p>Il sindacato UGT sostiene che Azul Handling ha ripetutamente violato le leggi sul lavoro. Le accuse includono orari di lavoro irregolari per i dipendenti part-time, straordinari forzati, azioni disciplinari ingiuste e mancato sostegno all&#8217;equilibrio tra lavoro e vita privata. Il sindacato critica anche la mancanza di sistemazioni per i dipendenti che rientrano dopo un congedo per malattia e l&#8217;assenza di orari flessibili.<\/p>\n\n\n\n<figure class=\"wp-block-image aligncenter size-full\"><img loading=\"lazy\" decoding=\"async\" width=\"1280\" height=\"853\" src=\"https:\/\/contentf5.dailynewshungary.com\/wp-content\/uploads\/2024\/04\/ryanair-wizz-air-airlines.jpg\" alt=\"ryanair wizz air airlines destinations Hungarian authorities\" class=\"wp-image-593595\" srcset=\"https:\/\/contentf5.dailynewshungary.com\/wp-content\/uploads\/2024\/04\/ryanair-wizz-air-airlines.jpg 1280w, https:\/\/contentf5.dailynewshungary.com\/wp-content\/uploads\/2024\/04\/ryanair-wizz-air-airlines-768x512.jpg 768w, https:\/\/contentf5.dailynewshungary.com\/wp-content\/uploads\/2024\/04\/ryanair-wizz-air-airlines-333x222.jpg 333w, https:\/\/contentf5.dailynewshungary.com\/wp-content\/uploads\/2024\/04\/ryanair-wizz-air-airlines-248x165.jpg 248w, https:\/\/contentf5.dailynewshungary.com\/wp-content\/uploads\/2024\/04\/ryanair-wizz-air-airlines-1030x686.jpg 1030w, https:\/\/contentf5.dailynewshungary.com\/wp-content\/uploads\/2024\/04\/ryanair-wizz-air-airlines-113x75.jpg 113w, https:\/\/contentf5.dailynewshungary.com\/wp-content\/uploads\/2024\/04\/ryanair-wizz-air-airlines-480x320.jpg 480w\" sizes=\"auto, (max-width: 1280px) 100vw, 1280px\" \/><figcaption class=\"wp-element-caption\">Fonte: <a href=\"https:\/\/depositphotos.com\/photos\/ryanair-wizz-air.html?filter=all&amp;qview=389434928\" target=\"_blank\" rel=\"noopener\">depositphotos.com<\/a><\/figcaption><\/figure>\n\n<p>L&#8217;UGT chiede ad Azul Handling di revocare le misure punitive contro i dipendenti, di onorare le clausole del contratto collettivo di lavoro e di avviare una seria trattativa per migliorare le condizioni di lavoro di oltre 3.000 dipendenti.<\/p>\n\n\n\n<h2 class=\"wp-block-heading\">Cosa accadr\u00e0 in seguito?<\/h2>\n\n\n\n<p>Si prevede che lo sciopero iniziale di tre giorni e i successivi scioperi ricorrenti rappresenteranno una sfida significativa per gli aeroporti spagnoli. La situazione \u00e8 ulteriormente complicata dalla storia spagnola di azioni sindacali durante l&#8217;estate: non molto tempo fa, anche i lavoratori del settore alberghiero delle Isole Baleari hanno minacciato uno sciopero, che alla fine \u00e8 stato scongiurato a seguito di un aumento record dei salari.<\/p>\n\n\n\n<p>Se Ryanair e il suo partner continueranno a respingere le richieste di negoziati significativi, lo sciopero in corso potrebbe interrompere seriamente i viaggi aerei in tutta Europa &#8211; soprattutto durante l&#8217;intensa stagione estiva &#8211; causando frustrazione ai viaggiatori, compresi molti vacanzieri ungheresi. Si consiglia ai passeggeri di monitorare i canali ufficiali delle compagnie aeree prima dei loro viaggi e di essere preparati a possibili ritardi o cancellazioni.<\/p>\n\n\n\n<p><strong>Legga anche:<\/strong><\/p>\n\n\n\n<ul class=\"wp-block-list\">\n<li><a href=\"https:\/\/dailynewshungary.com\/it\/ryanair-si-trova-in-difficolta-in-ungheria-a-causa-dellavvio-di-unindagine-su-pratiche-ingannevoli-durante-la-prenotazione-dei-biglietti\/\">Ryanair si trova in difficolt\u00e0 in Ungheria a causa dell&#8217;avvio di un&#8217;indagine su pratiche ingannevoli durante la prenotazione dei biglietti.<\/a><\/li>\n\n\n\n<li><a href=\"https:\/\/dailynewshungary.com\/it\/wizz-air-lotta-per-i-passeggeri-europei-ma-occasionalmente-perde-terreno-anche-se-gli-investitori-diventano-piu-ottimisti\/\">Wizz Air lotta per i passeggeri europei ma perde occasionalmente terreno, anche se gli investitori sono pi\u00f9 ottimisti<\/a><\/li>\n<\/ul>\n\n\n\n<p>Per leggere o condividere questo articolo in ungherese, clicchi qui: <a href=\"https:\/\/hellomagyar.hu\/?p=85416\" target=\"_blank\" rel=\"noopener\">Hell\u00f3 Magyar<\/a><\/p>\n","protected":false},"excerpt":{"rendered":"<p>I passeggeri Ryanair diretti in vacanza potrebbero subire gravi disagi a partire dal 15 agosto, quando il personale di terra in Spagna inizier\u00e0 uno sciopero che potrebbe durare fino alla fine dell&#8217;anno. Lo sciopero \u00e8 stato indetto dai dipendenti di Azul Handling, a causa delle controversie di lavoro in corso e delle condizioni di lavoro [&hellip;]<\/p>\n","protected":false},"author":62,"featured_media":782314,"comment_status":"open","ping_status":"open","sticky":false,"template":"","format":"standard","meta":{"_display_image":"yes","footnotes":""},"categories":[518],"tags":[1071,1145,1072,1069,1303,1073],"class_list":["post-782313","post","type-post","status-publish","format-standard","has-post-thumbnail","hentry","category-def","tag-ryanair","tag-spagna","tag-turismo","tag-ungheria","tag-utile-dnh","tag-viaggi"],"blocksy_meta":[],"author_username":"hmercedesz","telegram_post":"","public_post_metadata":{"breaking_news":"yes","important":"yes","csempe":"yes","center_tile":"no","disable_thumbnail":"no","target_lang":"","_featured_image_style":"default","telegram_post":"","_xlat_group_id":""},"public_rank_math_data":{"title":"%title% %sep% %sitename%","description":"","focus_keyword":"Ryanair","canonical_url":"","robots":"","primary_category":"1213","breadcrumb_title":"","facebook_title":"","facebook_description":"","facebook_image":"","facebook_image_id":"","twitter_title":"","twitter_description":"","twitter_image":"","twitter_image_id":"","twitter_card_type":"","twitter_use_facebook":"","advanced_robots":"","pillar_content":"","seo_score":"80","contentai_score":"","rich_snippet":""},"_links":{"self":[{"href":"https:\/\/dailynewshungary.com\/it\/wp-json\/wp\/v2\/posts\/782313","targetHints":{"allow":["GET"]}}],"collection":[{"href":"https:\/\/dailynewshungary.com\/it\/wp-json\/wp\/v2\/posts"}],"about":[{"href":"https:\/\/dailynewshungary.com\/it\/wp-json\/wp\/v2\/types\/post"}],"author":[{"embeddable":true,"href":"https:\/\/dailynewshungary.com\/it\/wp-json\/wp\/v2\/users\/62"}],"replies":[{"embeddable":true,"href":"https:\/\/dailynewshungary.com\/it\/wp-json\/wp\/v2\/comments?post=782313"}],"version-history":[{"count":0,"href":"https:\/\/dailynewshungary.com\/it\/wp-json\/wp\/v2\/posts\/782313\/revisions"}],"wp:featuredmedia":[{"embeddable":true,"href":"https:\/\/dailynewshungary.com\/it\/wp-json\/wp\/v2\/media\/782314"}],"wp:attachment":[{"href":"https:\/\/dailynewshungary.com\/it\/wp-json\/wp\/v2\/media?parent=782313"}],"wp:term":[{"taxonomy":"category","embeddable":true,"href":"https:\/\/dailynewshungary.com\/it\/wp-json\/wp\/v2\/categories?post=782313"},{"taxonomy":"post_tag","embeddable":true,"href":"https:\/\/dailynewshungary.com\/it\/wp-json\/wp\/v2\/tags?post=782313"}],"curies":[{"name":"wp","href":"https:\/\/api.w.org\/{rel}","templated":true}]}}