{"id":782525,"date":"2025-08-13T17:34:00","date_gmt":"2025-08-13T15:34:00","guid":{"rendered":"https:\/\/dailynewshungary.com\/it\/lincredibile-storia-dellinno-nazionale-ungherese\/"},"modified":"2025-08-13T17:34:00","modified_gmt":"2025-08-13T15:34:00","slug":"lincredibile-storia-dellinno-nazionale-ungherese","status":"publish","type":"post","link":"https:\/\/dailynewshungary.com\/it\/lincredibile-storia-dellinno-nazionale-ungherese\/","title":{"rendered":"L\u2019incredibile storia dell\u2019inno nazionale ungherese"},"content":{"rendered":"<p><strong>L&#8217;Ungheria ha adottato ufficialmente il suo attuale inno nazionale nel 1989, anche se diverse opere patriottiche si erano contese l&#8217;onore molto tempo prima. Nel XIX secolo, accanto all&#8217;Himnusz, opere come la Sz\u00f3zat, la Marcia di R\u00e1k\u00f3czi e altre cercavano di dare voce all&#8217;unit\u00e0 nazionale.<\/strong><\/p>\n\n\n\n<h2 class=\"wp-block-heading\">La nascita dell&#8217;Inno Nazionale Ungherese<\/h2>\n\n\n\n<p>All&#8217;inizio del XIX secolo, in Ungheria mancava un inno nazionale ufficiale. Molteplici poesie patriottiche e composizioni musicali si contendevano il ruolo di canzone emblematica della nazione. Anche se Ferenc K\u00f6lcsey scrisse il suo poema <a href=\"https:\/\/www.hungarianpod101.com\/blog\/2022\/11\/04\/national-anthem-of-hungary\/\" target=\"_blank\" rel=\"noopener\"><em>Himnusz<\/em> nel <\/a>1823, fu stampato solo anni dopo e ottenne un riconoscimento diffuso solo dopo che Ferenc Erkel lo mise in musica nel 1844.<\/p>\n\n\n\n<p>Nello stesso periodo, anche la rivoluzionaria <em>Canzone Nazionale<\/em> di S\u00e1ndor Pet\u0151fi cattur\u00f2 l&#8217;immaginazione pubblica, diventando uno dei simboli della rivoluzione del 1848. Tuttavia, non raggiunse mai lo status di inno ufficiale. In quell&#8217;epoca, anche la <em>Sz\u00f3zat<\/em> di Mih\u00e1ly V\u00f6r\u00f6smarty e la Marcia di R\u00e1k\u00f3czi erano melodie nazionali popolari. Diverse poesie e opere musicali erano quindi in competizione per fungere da canzone nazionale unificante.<\/p>\n\n\n\n<figure class=\"wp-block-image aligncenter size-full\"><img decoding=\"async\" src=\"https:\/\/contentf5.dailynewshungary.com\/wp-content\/uploads\/2025\/08\/Hungary-national-anthem-Szzat-Petfi-National-Song-Klcsey.jpg\" alt=\"Hungarian national anthem Sz\u00f3zat Pet\u0151fi National Song K\u00f6lcsey\" class=\"wp-image-667447\"\/><figcaption class=\"wp-element-caption\">La rivoluzione del 15 marzo del 1848: la folla ascolta la &#8220;Canzone nazionale&#8221; di Pet\u0151fi (che inizia con il famoso &#8220;Talpra magyar!&#8221;\/Arise Magyar) davanti al Museo Nazionale Ungherese. Foto: <a href=\"https:\/\/commons.wikimedia.org\/wiki\/File:Petofi_1848_marcius_15.jpg\" target=\"_blank\" rel=\"noopener\">Creative Commons<\/a><\/figcaption><\/figure>\n\n<h2 class=\"wp-block-heading\">Il &#8220;primo&#8221; inno non ufficiale: Il Sz\u00f3zat<\/h2>\n\n\n\n<p>Prima che il lavoro di K\u00f6lcsey diventasse ufficiale, lo <em>Sz\u00f3zat<\/em> di Mih\u00e1ly V\u00f6r\u00f6smarty era tra le canzoni nazionali pi\u00f9 amate in Ungheria. Gi\u00e0 negli anni &#8217;40 del XIX secolo, molti ungheresi la consideravano una guida spirituale. Con il suo messaggio unificante rivolto alla nazione e la sua melodia memorabile, il brano ha guadagnato una vasta popolarit\u00e0 e, per molto tempo, ha rivaleggiato con l&#8217;<em>Himnusz<\/em> come simbolo nazionale.<\/p>\n\n\n\n<blockquote class=\"wp-block-quote is-layout-flow wp-block-quote-is-layout-flow\">\n<p><em>&#8220;Nessuno pu\u00f2 portare via o smembrare la patria glorificata nella Sz\u00f3zat. Ci appartiene irrevocabilmente. La portiamo dentro di noi cos\u00ec come essa porta noi; (&#8230;) Il Sz\u00f3zat \u00e8 una &#8216;parte integrante&#8217; di questa patria: senza di esso, il nostro Paese intellettuale sarebbe incompleto e non potremmo pi\u00f9 definirci ungheresi&#8221;.<\/em> &#8211; Mih\u00e1ly Babits sul <em>Sz\u00f3zat<\/em>, scritto nel 1936 per il centenario del poema.<\/p>\n<\/blockquote>\n\n\n\n<p>Negli anni &#8217;40 del XIX secolo, lo <em>Sz\u00f3zat<\/em> veniva cantato durante le celebrazioni pubbliche e <a href=\"https:\/\/www.arcanum.com\/hu\/online-kiadvanyok\/Lexikonok-magyar-eletrajzi-lexikon-7428D\/k-760F2\/kossuth-lajos-76606\/\" target=\"_blank\" rel=\"noopener\">Lajos Kossuth<\/a> dichiar\u00f2 addirittura: &#8220;Lo Sz\u00f3zat di V\u00f6r\u00f6smarty \u00e8 gi\u00e0 diventato il nostro inno nazionale&#8221;. Nel 1843, fu indetto un concorso per musicare la poesia, vinto da B\u00e9ni Egressy. Una volta abbinato alla musica, il brano divenne ancora pi\u00f9 popolare. Anche se non fu mai codificato ufficialmente dalla legge, lo Sz\u00f3zat serv\u00ec per anni come inno nazionale de facto.<\/p>\n\n\n\n<h2 class=\"wp-block-heading\">Il battito di una rivoluzione: La canzone nazionale<\/h2>\n\n\n\n<p>Il 15 marzo 1848, S\u00e1ndor Pet\u0151fi recit\u00f2 la sua <strong>Canzone Nazionale<\/strong>, trasformando immediatamente il poema in un simbolo rivoluzionario. Come opera letteraria e politica, i suoi versi entusiasmanti &#8211; &#8220;Alzati, magiaro, la patria chiama!&#8221; &#8211; ebbero un effetto immediato ed elettrizzante sulle folle. Quello stesso giorno, fu stampata presso la tipografia Landerer senza accompagnamento musicale. Negli anni successivi, circolarono diversi adattamenti musicali, ma <em>non fu mai adottata una versione ufficiale.<\/em> Nonostante la sua popolarit\u00e0, la <em>Canzone Nazionale<\/em> non divenne mai l&#8217;inno nazionale, probabilmente a causa della sua stretta associazione con la rivoluzione e le richieste di cambiamento radicale.<\/p>\n\n\n\n<h2 class=\"wp-block-heading\">I rivali e il trionfo dell&#8217;Himnusz<\/h2>\n\n\n\n<p>A met\u00e0 del XIX secolo, accanto alla Sz\u00f3zat, anche la <strong>Marcia di R\u00e1k\u00f3czi<\/strong> figurava tra le composizioni nazionali pi\u00f9 amate in Ungheria. Veniva comunemente eseguita in occasione di eventi cerimoniali, parate militari e commemorazioni patriottiche, considerata da molti come l&#8217;incarnazione musicale dello spirito nazionale ungherese. Tuttavia, il suo tono solenne e militante evocava la gloria e la resistenza piuttosto che una preghiera nazionale, il che pu\u00f2 contribuire a spiegare perch\u00e9 non divenne mai l&#8217;inno ufficiale.<\/p>\n\n\n\n<p>Di tanto in tanto sono emersi anche altri versi patriottici, oggi in gran parte dimenticati. Ma nessuna era in grado di esprimere con tanta forza il senso storico del destino dell&#8217;Ungheria come l <strong>&#8216;Himnusz di K\u00f6lcsey<\/strong>. Anche se inizialmente si diffuse lentamente, alla fine dell&#8217;era delle riforme e soprattutto all&#8217;inizio del XX secolo, era diventato indispensabile. Il suo tono dignitoso e i suoi motivi religiosi e storici catturavano al meglio l&#8217;identit\u00e0 nazionale ungherese: riflettere sulla perdita, la speranza e la sopravvivenza, onorando il passato.<\/p>\n\n\n\n<p><strong>Articoli correlati:<\/strong><\/p>\n\n\n\n<ul class=\"wp-block-list\">\n<li>8 fatti sull&#8217;inno nazionale ungherese che solo pochi ungheresi conoscono &#8211; continua a leggere <strong><a href=\"https:\/\/dailynewshungary.com\/it\/8-fatti-sullinno-nazionale-ungherese\/\">QUI<\/a><\/strong><\/li>\n\n\n\n<li>Gli affascinanti dettagli dell&#8217;<strong><a href=\"https:\/\/dailynewshungary.com\/it\/gli-affascinanti-dettagli-dellinno-nazionale-ungherese\/\">inno nazionale ungherese<\/a><\/strong><\/li>\n<\/ul>\n\n\n\n<p>Clicchi per altri <strong><a href=\"https:\/\/dailynewshungary.com\/tag\/hungarian-history\/\">articoli di storia<\/a><\/strong>.<\/p>\n\n\n\n<p>Per leggere o condividere questo articolo in ungherese, clicchi qui: <a href=\"https:\/\/hellomagyar.hu\/?p=85365\" target=\"_blank\" rel=\"noopener\">Hell\u00f3 Magyar<\/a><\/p>\n","protected":false},"excerpt":{"rendered":"<p>L&#8217;Ungheria ha adottato ufficialmente il suo attuale inno nazionale nel 1989, anche se diverse opere patriottiche si erano contese l&#8217;onore molto tempo prima. Nel XIX secolo, accanto all&#8217;Himnusz, opere come la Sz\u00f3zat, la Marcia di R\u00e1k\u00f3czi e altre cercavano di dare voce all&#8217;unit\u00e0 nazionale. La nascita dell&#8217;Inno Nazionale Ungherese All&#8217;inizio del XIX secolo, in Ungheria [&hellip;]<\/p>\n","protected":false},"author":86,"featured_media":782526,"comment_status":"open","ping_status":"open","sticky":false,"template":"","format":"standard","meta":{"_display_image":"yes","footnotes":""},"categories":[1304],"tags":[1244,1069],"class_list":["post-782525","post","type-post","status-publish","format-standard","has-post-thumbnail","hentry","category-cultura-in-ungheria","tag-storia-ungherese","tag-ungheria"],"blocksy_meta":[],"author_username":"guestauthor","telegram_post":"","public_post_metadata":{"breaking_news":"yes","important":"no","csempe":"yes","center_tile":"no","disable_thumbnail":"no","target_lang":"","_featured_image_style":"hidden","telegram_post":"","_xlat_group_id":""},"public_rank_math_data":{"title":"%title% %sep% %sitename%","description":"L'Ungheria ha adottato ufficialmente il suo attuale inno nazionale nel 1989, anche se diverse opere patriottiche si erano contese l'onore molto tempo prima.","focus_keyword":"Inno nazionale ungherese","canonical_url":"","robots":"","primary_category":"1304","breadcrumb_title":"","facebook_title":"","facebook_description":"","facebook_image":"","facebook_image_id":"","twitter_title":"","twitter_description":"","twitter_image":"","twitter_image_id":"","twitter_card_type":"","twitter_use_facebook":"","advanced_robots":"","pillar_content":"","seo_score":"75","contentai_score":"","rich_snippet":""},"_links":{"self":[{"href":"https:\/\/dailynewshungary.com\/it\/wp-json\/wp\/v2\/posts\/782525","targetHints":{"allow":["GET"]}}],"collection":[{"href":"https:\/\/dailynewshungary.com\/it\/wp-json\/wp\/v2\/posts"}],"about":[{"href":"https:\/\/dailynewshungary.com\/it\/wp-json\/wp\/v2\/types\/post"}],"author":[{"embeddable":true,"href":"https:\/\/dailynewshungary.com\/it\/wp-json\/wp\/v2\/users\/86"}],"replies":[{"embeddable":true,"href":"https:\/\/dailynewshungary.com\/it\/wp-json\/wp\/v2\/comments?post=782525"}],"version-history":[{"count":0,"href":"https:\/\/dailynewshungary.com\/it\/wp-json\/wp\/v2\/posts\/782525\/revisions"}],"wp:featuredmedia":[{"embeddable":true,"href":"https:\/\/dailynewshungary.com\/it\/wp-json\/wp\/v2\/media\/782526"}],"wp:attachment":[{"href":"https:\/\/dailynewshungary.com\/it\/wp-json\/wp\/v2\/media?parent=782525"}],"wp:term":[{"taxonomy":"category","embeddable":true,"href":"https:\/\/dailynewshungary.com\/it\/wp-json\/wp\/v2\/categories?post=782525"},{"taxonomy":"post_tag","embeddable":true,"href":"https:\/\/dailynewshungary.com\/it\/wp-json\/wp\/v2\/tags?post=782525"}],"curies":[{"name":"wp","href":"https:\/\/api.w.org\/{rel}","templated":true}]}}