{"id":782551,"date":"2025-08-14T15:34:00","date_gmt":"2025-08-14T13:34:00","guid":{"rendered":"https:\/\/dailynewshungary.com\/it\/nuova-proposta-di-legge-luso-dei-dispositivi-digitali-cambiera-in-ungheria\/"},"modified":"2025-08-14T15:34:00","modified_gmt":"2025-08-14T13:34:00","slug":"nuova-proposta-di-legge-luso-dei-dispositivi-digitali-cambiera-in-ungheria","status":"publish","type":"post","link":"https:\/\/dailynewshungary.com\/it\/nuova-proposta-di-legge-luso-dei-dispositivi-digitali-cambiera-in-ungheria\/","title":{"rendered":"Nuova proposta di legge: L\u2019uso dei dispositivi digitali cambier\u00e0 in Ungheria?"},"content":{"rendered":"<p><strong>Istv\u00e1n Hollik, un legislatore del partito cristiano-democratico (KDNP), gioved\u00ec ha dichiarato di aver presentato al Parlamento una proposta di legge per proteggere i bambini dagli effetti nocivi dell&#8217;uso dei dispositivi digitali.<\/strong><\/p>\n\n\n\n<p>I genitori dovrebbero essere consapevoli dei pericoli che l&#8217;uso dei dispositivi digitali comporta per i bambini di et\u00e0 inferiore ai sei anni, come i disturbi del sonno, l&#8217;ansia o l&#8217;alterazione dello sviluppo del linguaggio, ha dichiarato Hollik su Facebook. Sono gi\u00e0 stati scritti degli studi su questi pericoli e anche l&#8217;Organizzazione Mondiale della Sanit\u00e0 sta affrontando la questione, ha aggiunto.<\/p>\n\n\n\n<p>Secondo la proposta di legge, tutti i distributori che vendono dispositivi digitali devono apporre un&#8217;avvertenza accanto ai dispositivi stessi, indicando che il loro uso \u00e8 sconsigliato al di sotto dei sei anni. &#8220;L&#8217;Ungheria ha un futuro solo se i nostri bambini possono crescere sani&#8221;, ha detto <a href=\"https:\/\/www.facebook.com\/hollikistvan\/\" target=\"_blank\" rel=\"noopener\">Hollik<\/a>.<\/p>\n\n\n\n<p>Legga altre <a href=\"https:\/\/dailynewshungary.com\/tag\/health\/\"><strong>storie sulla salute<\/strong><\/a> sul Daily News Hungary.<\/p>\n\n\n\n<p><strong>Legga anche:<\/strong><\/p>\n\n\n\n<ul class=\"wp-block-list\">\n<li><a href=\"https:\/\/dailynewshungary.com\/it\/shocking-lungheria-e-scossa-da-due-casi-di-abuso-su-minori-in-poche-settimane\/\">SCIOCCANTE: l&#8217;Ungheria \u00e8 scossa da due casi di abusi su minori in poche settimane<\/a><\/li>\n\n\n\n<li><a href=\"https:\/\/dailynewshungary.com\/it\/budapest-e-tra-le-citta-meno-a-misura-di-bambino-in-europa\/\">Budapest \u00e8 tra le citt\u00e0 meno a misura di bambino in Europa<\/a><\/li>\n<\/ul>\n\n\n\n<p><\/p>\n","protected":false},"excerpt":{"rendered":"<p>Istv\u00e1n Hollik, un legislatore del partito cristiano-democratico (KDNP), gioved\u00ec ha dichiarato di aver presentato al Parlamento una proposta di legge per proteggere i bambini dagli effetti nocivi dell&#8217;uso dei dispositivi digitali. I genitori dovrebbero essere consapevoli dei pericoli che l&#8217;uso dei dispositivi digitali comporta per i bambini di et\u00e0 inferiore ai sei anni, come i [&hellip;]<\/p>\n","protected":false},"author":33,"featured_media":782552,"comment_status":"open","ping_status":"open","sticky":false,"template":"","format":"standard","meta":{"_display_image":"yes","footnotes":""},"categories":[1190],"tags":[1385,1220,1113,1373,1069],"class_list":["post-782551","post","type-post","status-publish","format-standard","has-post-thumbnail","hentry","category-notizie-flash","tag-bambini","tag-famiglia","tag-salute","tag-tecnologia-2","tag-ungheria"],"blocksy_meta":[],"author_username":"ugyelet","telegram_post":"","public_post_metadata":{"breaking_news":"yes","important":"no","csempe":"no","center_tile":"no","disable_thumbnail":"no","target_lang":"","_featured_image_style":"default","telegram_post":"","_xlat_group_id":""},"public_rank_math_data":{"title":"%title% %sep% %sitename%","description":"","focus_keyword":"dispositivo digitale","canonical_url":"","robots":"","primary_category":"1190","breadcrumb_title":"","facebook_title":"","facebook_description":"","facebook_image":"","facebook_image_id":"","twitter_title":"","twitter_description":"","twitter_image":"","twitter_image_id":"","twitter_card_type":"","twitter_use_facebook":"","advanced_robots":"","pillar_content":"","seo_score":"76","contentai_score":"","rich_snippet":""},"_links":{"self":[{"href":"https:\/\/dailynewshungary.com\/it\/wp-json\/wp\/v2\/posts\/782551","targetHints":{"allow":["GET"]}}],"collection":[{"href":"https:\/\/dailynewshungary.com\/it\/wp-json\/wp\/v2\/posts"}],"about":[{"href":"https:\/\/dailynewshungary.com\/it\/wp-json\/wp\/v2\/types\/post"}],"author":[{"embeddable":true,"href":"https:\/\/dailynewshungary.com\/it\/wp-json\/wp\/v2\/users\/33"}],"replies":[{"embeddable":true,"href":"https:\/\/dailynewshungary.com\/it\/wp-json\/wp\/v2\/comments?post=782551"}],"version-history":[{"count":0,"href":"https:\/\/dailynewshungary.com\/it\/wp-json\/wp\/v2\/posts\/782551\/revisions"}],"wp:featuredmedia":[{"embeddable":true,"href":"https:\/\/dailynewshungary.com\/it\/wp-json\/wp\/v2\/media\/782552"}],"wp:attachment":[{"href":"https:\/\/dailynewshungary.com\/it\/wp-json\/wp\/v2\/media?parent=782551"}],"wp:term":[{"taxonomy":"category","embeddable":true,"href":"https:\/\/dailynewshungary.com\/it\/wp-json\/wp\/v2\/categories?post=782551"},{"taxonomy":"post_tag","embeddable":true,"href":"https:\/\/dailynewshungary.com\/it\/wp-json\/wp\/v2\/tags?post=782551"}],"curies":[{"name":"wp","href":"https:\/\/api.w.org\/{rel}","templated":true}]}}