{"id":782658,"date":"2025-08-18T08:54:00","date_gmt":"2025-08-18T06:54:00","guid":{"rendered":"https:\/\/dailynewshungary.com\/it\/la-storia-non-raccontata-del-principe-kalman-da-un-principato-russo-allinvasione-mongola\/"},"modified":"2025-08-18T08:54:00","modified_gmt":"2025-08-18T06:54:00","slug":"la-storia-non-raccontata-del-principe-kalman-da-un-principato-russo-allinvasione-mongola","status":"publish","type":"post","link":"https:\/\/dailynewshungary.com\/it\/la-storia-non-raccontata-del-principe-kalman-da-un-principato-russo-allinvasione-mongola\/","title":{"rendered":"La storia non raccontata del Principe K\u00e1lm\u00e1n: da un principato russo all\u2019invasione mongola"},"content":{"rendered":"<p><strong>Durante il regno della dinastia \u00c1rp\u00e1d, non era insolito che padri e figli, fratelli o zii e nipoti litigassero aspramente per il potere reale. Tuttavia, un&#8217;eccezione degna di nota fu il Principe K\u00e1lm\u00e1n, il secondo figlio del Re Andrea II, che condusse una vita molto pi\u00f9 esemplare. Combatt\u00e9 fianco a fianco con suo fratello come sovrano incoronato nella Battaglia di Muhi, per poi morire poco dopo la devastante sconfitta.<\/strong><\/p>\n\n\n\n<h2 class=\"wp-block-heading\">Re a soli sei anni<\/h2>\n\n\n\n<p>Il regno di Re Andrea II \u00e8 oggi spesso considerato controverso. Viene ricordato soprattutto per le sue generose concessioni di terre, che indebolirono l&#8217;autorit\u00e0 reale e provocarono l&#8217;emissione della Bolla d&#8217;Oro. Tuttavia, studi recenti mettono Andrew sotto una luce pi\u00f9 sfumata, notando che fu tra i pochi monarchi cristiani della sua epoca in grado di guidare una crociata in Terra Santa. Sebbene la sua campagna abbia ottenuto scarsi risultati militari, torn\u00f2 dopo essersi assicurato matrimoni vantaggiosi e mantenne un&#8217;autorit\u00e0 sufficiente per evitare che il regno crollasse durante la sua assenza. Il suo regno fu anche testimone dell&#8217;espansione del Regno d&#8217;Ungheria, in particolare nel nord-est.<\/p>\n\n\n\n<p>Come risultato di questi sforzi, il secondo figlio di Andrea, K\u00e1lm\u00e1n, fu elevato al trono principesco di Halych (all&#8217;incirca l&#8217;attuale Galizia in Polonia e Ucraina) all&#8217;et\u00e0 di soli sei anni. L&#8217;incoronazione, organizzata con il sostegno papale, faceva parte di un tentativo pi\u00f9 ampio di diffondere il cristianesimo occidentale verso est. In precedenza, Andrea aveva stretto un&#8217;alleanza con Leszek il Bianco, sovrano della Piccola Polonia, facendo sposare sua figlia minore, Salomea, con il giovane K\u00e1lm\u00e1n, rafforzando cos\u00ec la loro pretesa congiunta sul territorio appena conquistato.<\/p>\n\n\n\n<p>Tuttavia, le truppe ungheresi ebbero difficolt\u00e0 a tenere il castello di Halych contro i pretendenti russi rivali sostenuti dai Cumani. Nel 1221, a soli tredici anni, K\u00e1lm\u00e1n e la sua giovane moglie furono cacciati da Halych e fatti brevemente prigionieri. Sebbene portasse con orgoglio il suo titolo reale fino alla morte, non torn\u00f2 mai a governare in quel luogo.<\/p>\n\n\n\n<figure class=\"wp-block-image aligncenter size-full\"><img decoding=\"async\" src=\"https:\/\/contentf5.dailynewshungary.com\/wp-content\/uploads\/2025\/08\/Halicz-Klmn-principality-kingship.jpg\" alt=\"The kingdom of K\u00e1lm\u00e1n\" class=\"wp-image-668114\"\/><figcaption class=\"wp-element-caption\">Il Principato di Halych. I suoi confini cambiavano spesso; K\u00e1lm\u00e1n ne govern\u00f2 solo una parte alla fine del 1210. Fonte: Creative Commons: Creative Commons.<\/figcaption><\/figure>\n\n<h2 class=\"wp-block-heading\">Andrea cerc\u00f2 di mettere i suoi figli l&#8217;uno contro l&#8217;altro<\/h2>\n\n\n\n<p>La dinastia \u00c1rp\u00e1d era spesso caratterizzata da figli minori e nipoti desiderosi di prendere il potere dai loro parenti. Lo stesso re Andrea II si era ribellato al fratello maggiore, re Imre, e in seguito aveva affrontato l&#8217;opposizione del proprio figlio, B\u00e9la IV. All&#8217;inizio degli anni 1220, le tensioni tra Andrea e B\u00e9la erano diventate evidenti. Dopo l&#8217;espulsione di K\u00e1lm\u00e1n da Halych, Andrea lo nomin\u00f2 Duca di Slavonia e invi\u00f2 B\u00e9la a governare la Transilvania come voivoda.<\/p>\n\n\n\n<p>Ma K\u00e1lm\u00e1n non era il tipo che cospirava contro suo fratello. Al contrario, sostenne attivamente e attu\u00f2 le politiche di B\u00e9la. La loro stretta relazione \u00e8 evidente in molti dei documenti superstiti di B\u00e9la, che riportano che egli si consultava e collaborava con K\u00e1lm\u00e1n.<\/p>\n\n\n\n<figure class=\"wp-block-image aligncenter size-large\"><img decoding=\"async\" src=\"https:\/\/contentf5.dailynewshungary.com\/wp-content\/uploads\/2025\/08\/Bansk-Bystrica-IV-Bla-statue-1280x852.jpg\" alt=\"Bansk\u00e1 Bystrica IV B\u00e9la statue, K\u00e1lm\u00e1n was his younger brother\" class=\"wp-image-668115\"\/><figcaption class=\"wp-element-caption\">Bansk\u00e1 Bystrica (Beszterceb\u00e1nya), la statua di B\u00e9la IV. Da principe, non vedeva l&#8217;ora di salire al trono. Foto: MTI<\/figcaption><\/figure>\n\n<h2 class=\"wp-block-heading\">Il principe K\u00e1lm\u00e1n contro i Mongoli<\/h2>\n\n\n\n<p>K\u00e1lm\u00e1n rimase un fedele alleato di B\u00e9la. Abile comandante militare, probabilmente guid\u00f2 diverse spedizioni crociate in Bosnia, estendendo cos\u00ec l&#8217;influenza di \u00c1rp\u00e1d. Svolse anche un ruolo attivo nel governo della sua provincia.<\/p>\n\n\n\n<p>Quando Batu Khan invase l&#8217;Ungheria nel 1241 con un esercito colossale, K\u00e1lm\u00e1n si un\u00ec rapidamente a B\u00e9la con le proprie forze. Nella Battaglia di Muhi, ebbe un ruolo decisivo nell&#8217;impedire ai Mongoli di attraversare un ponte strategicamente vitale sul fiume Saj\u00f3, alla vigilia della battaglia. La vittoria sembr\u00f2 brevemente a portata di mano -atu consider\u00f2 persino la possibilit\u00e0 di ritirarsi &#8211; prima di ascoltare i consigli del suo esperto generale, Subutai. Il risultato fu catastrofico.<\/p>\n\n\n\n<figure class=\"wp-block-image aligncenter size-full\"><img decoding=\"async\" src=\"https:\/\/contentf5.dailynewshungary.com\/wp-content\/uploads\/2025\/08\/Subutai-against-Prince-Klmn.jpg\" alt=\"Mongol leader Subutai against Prince K\u00e1lm\u00e1n\" class=\"wp-image-668116\"\/><figcaption class=\"wp-element-caption\">Il leader militare mongolo Subutai ricreato dal Museo Nazionale della Repubblica di Tuva (Russia). Fonte: Creative Commons<\/figcaption><\/figure>\n\n<p>In seguito, K\u00e1lm\u00e1n riport\u00f2 gravi ferite, ma riusc\u00ec a fuggire a Zagabria, dove si ricongiunse con suo fratello, che si era appena liberato dalla prigionia austriaca. Tuttavia, le sue ferite si rivelarono fatali: non molto tempo dopo, nella sua capitale, K\u00e1lm\u00e1n soccombette alle sue ferite.<\/p>\n\n\n\n<h2 class=\"wp-block-heading\">Il Grande &#8220;Re&#8221; dei Croati?<\/h2>\n\n\n\n<p>K\u00e1lm\u00e1n e Salomea non ebbero figli. Dopo la sua morte, lei si ritir\u00f2 in un convento in Polonia, dove visse il resto della sua vita come suora. Sebbene K\u00e1lm\u00e1n non abbia mai regnato in modo indipendente, la sua vita fu ben documentata da cronisti polacchi, russi e latini. Era molto conosciuto ai suoi tempi e la sua scomparsa non pass\u00f2 inosservata. Oggi, gli storici di Ungheria, Polonia, Ucraina e Croazia continuano a studiare la sua eredit\u00e0.<\/p>\n\n\n\n<p>Alcuni storici croati sostengono addirittura che K\u00e1lm\u00e1n, l&#8217;ex sovrano della Slavonia (all&#8217;incirca la Croazia moderna senza la Dalmazia), dovrebbe essere ricordato come uno dei grandi &#8220;re&#8221; della Croazia. In Ungheria, tuttavia, \u00e8 commemorato solo con un&#8217;unica statua equestre a G\u00f6d\u00f6ll\u0151, eretta dai Premostratensi che si erano reinsediati in Ungheria dopo il <strong><a href=\"https:\/\/dailynewshungary.com\/it\/spiegare-il-trattato-di-trianon-ai-non-ungheresi\/\">Trattato di Trianon<\/a><\/strong>, in onore del loro generoso patrono di un tempo.<\/p>\n\n\n\n<figure class=\"wp-block-image size-large\"><img decoding=\"async\" src=\"https:\/\/contentf5.dailynewshungary.com\/wp-content\/uploads\/2025\/08\/Statue-of-Prince-Klmn-in-Gdll-1280x854.jpg\" alt=\"Statue of Prince K\u00e1lm\u00e1n in G\u00f6d\u00f6ll\u0151\" class=\"wp-image-668118\"\/><figcaption class=\"wp-element-caption\">La statua equestre del Principe K\u00e1lm\u00e1n a G\u00f6d\u00f6ll\u0151 e la commemorazione annuale della citt\u00e0 della Battaglia di Muhi. Foto: FB\/Comune di G\u00f6d\u00f6ll\u0151<\/figcaption><\/figure>\n\n<p>La vita del Principe K\u00e1lm\u00e1n \u00e8 anche oggetto di una monografia del 2017 degli storici M\u00e1rta Font e G\u00e1bor Barab\u00e1s, disponibile <a href=\"https:\/\/www.libri.hu\/konyv\/barabas_gabor.kalman-1208-1241-halics-kiralya-szlavonia-hercege.html\" target=\"_blank\" rel=\"noopener\"><strong>qui<\/strong><\/a>. I due studiosi discutono ulteriormente la sua storia in un episodio del podcast <em>Griffsider &#8211; Digit\u00e1lis Legend\u00e1rium<\/em> <a href=\"https:\/\/open.spotify.com\/episode\/4byVKxqHwbbM3WuLHzw0c2\" target=\"_blank\" rel=\"noopener\"><strong>dedicato a K\u00e1lm\u00e1n<\/strong><\/a>.<\/p>\n\n\n\n<p><strong>Legga anche:<\/strong><\/p>\n\n\n\n<ul class=\"wp-block-list\">\n<li>Mistero frustrante: La morte di Gengis Khan <a href=\"https:\/\/dailynewshungary.com\/it\/mistero-frustrante-la-morte-di-gengis-khan-rimane-irrisolta-dopo-800-anni-ecco-le-teorie\/\"><strong>rimane<\/strong><\/a> irrisolta dopo 800 anni: ecco le teorie<\/li>\n\n\n\n<li><strong><a href=\"https:\/\/dailynewshungary.com\/it\/lincredibile-storia-dellinno-nazionale-ungherese\/\">L&#8217;incredibile storia dell&#8217;inno nazionale ungherese<\/a><\/strong><\/li>\n<\/ul>\n\n\n\n<p>Clicchi per ulteriori notizie sulla <strong><a href=\"https:\/\/dailynewshungary.com\/tag\/hungarian-history\/\">straordinaria storia dell&#8217;Ungheria<\/a><\/strong>.<\/p>\n\n\n\n<p>Per leggere o condividere questo articolo in ungherese, clicchi qui: <a href=\"https:\/\/hellomagyar.hu\/2025\/08\/18\/elfeledett-magyar-hos-kalman-herceg-muhi\/\" target=\"_blank\" rel=\"noopener\">Hell\u00f3 Magyar<\/a><\/p>\n","protected":false},"excerpt":{"rendered":"<p>Durante il regno della dinastia \u00c1rp\u00e1d, non era insolito che padri e figli, fratelli o zii e nipoti litigassero aspramente per il potere reale. Tuttavia, un&#8217;eccezione degna di nota fu il Principe K\u00e1lm\u00e1n, il secondo figlio del Re Andrea II, che condusse una vita molto pi\u00f9 esemplare. Combatt\u00e9 fianco a fianco con suo fratello come [&hellip;]<\/p>\n","protected":false},"author":18,"featured_media":782659,"comment_status":"open","ping_status":"open","sticky":false,"template":"","format":"standard","meta":{"_display_image":"yes","footnotes":""},"categories":[518],"tags":[1140,1144,1244,1081,1080],"class_list":["post-782658","post","type-post","status-publish","format-standard","has-post-thumbnail","hentry","category-def","tag-croazia","tag-polonia","tag-storia-ungherese","tag-ucraina","tag-ungherese"],"blocksy_meta":[],"author_username":"johnwoods","telegram_post":"","public_post_metadata":{"breaking_news":"yes","important":"no","csempe":"yes","center_tile":"no","disable_thumbnail":"no","target_lang":"","_featured_image_style":"hidden","telegram_post":"","_xlat_group_id":""},"public_rank_math_data":{"title":"%titolo% %sep% %sitename%","description":"","focus_keyword":"K\u00e1lm\u00e1n","canonical_url":"","robots":"","primary_category":"2326","breadcrumb_title":"","facebook_title":"","facebook_description":"","facebook_image":"","facebook_image_id":"","twitter_title":"","twitter_description":"","twitter_image":"","twitter_image_id":"","twitter_card_type":"","twitter_use_facebook":"","advanced_robots":"","pillar_content":"","seo_score":"85","contentai_score":"","rich_snippet":""},"_links":{"self":[{"href":"https:\/\/dailynewshungary.com\/it\/wp-json\/wp\/v2\/posts\/782658","targetHints":{"allow":["GET"]}}],"collection":[{"href":"https:\/\/dailynewshungary.com\/it\/wp-json\/wp\/v2\/posts"}],"about":[{"href":"https:\/\/dailynewshungary.com\/it\/wp-json\/wp\/v2\/types\/post"}],"author":[{"embeddable":true,"href":"https:\/\/dailynewshungary.com\/it\/wp-json\/wp\/v2\/users\/18"}],"replies":[{"embeddable":true,"href":"https:\/\/dailynewshungary.com\/it\/wp-json\/wp\/v2\/comments?post=782658"}],"version-history":[{"count":0,"href":"https:\/\/dailynewshungary.com\/it\/wp-json\/wp\/v2\/posts\/782658\/revisions"}],"wp:featuredmedia":[{"embeddable":true,"href":"https:\/\/dailynewshungary.com\/it\/wp-json\/wp\/v2\/media\/782659"}],"wp:attachment":[{"href":"https:\/\/dailynewshungary.com\/it\/wp-json\/wp\/v2\/media?parent=782658"}],"wp:term":[{"taxonomy":"category","embeddable":true,"href":"https:\/\/dailynewshungary.com\/it\/wp-json\/wp\/v2\/categories?post=782658"},{"taxonomy":"post_tag","embeddable":true,"href":"https:\/\/dailynewshungary.com\/it\/wp-json\/wp\/v2\/tags?post=782658"}],"curies":[{"name":"wp","href":"https:\/\/api.w.org\/{rel}","templated":true}]}}