{"id":785409,"date":"2025-11-21T09:44:00","date_gmt":"2025-11-21T08:44:00","guid":{"rendered":"https:\/\/dailynewshungary.com\/it\/il-vice-governatore-della-banca-centrale-ungherese-si-dimette-il-fiorino-scivola-dopo-lannuncio\/"},"modified":"2025-11-21T09:44:00","modified_gmt":"2025-11-21T08:44:00","slug":"il-vice-governatore-della-banca-centrale-ungherese-si-dimette-il-fiorino-scivola-dopo-lannuncio","status":"publish","type":"post","link":"https:\/\/dailynewshungary.com\/it\/il-vice-governatore-della-banca-centrale-ungherese-si-dimette-il-fiorino-scivola-dopo-lannuncio\/","title":{"rendered":"Il vice governatore della banca centrale ungherese si dimette, il fiorino scivola dopo l\u2019annuncio"},"content":{"rendered":"<p><strong>Barnab\u00e1s Vir\u00e1g si \u00e8 dimesso dalla sua posizione di Vice Governatore della Banca Nazionale Ungherese (MNB), ha annunciato l&#8217;istituzione gioved\u00ec mattina. Vir\u00e1g, che era responsabile dell&#8217;analisi, dei sistemi di pagamento e dei programmi della banca centrale, rimarr\u00e0 presso la banca come consigliere del governatore.<\/strong><\/p>\n\n\n\n<p>Le sue dimissioni arrivano prima della fine del suo mandato, che sarebbe dovuto scadere nel giugno 2026, come <a href=\"https:\/\/www.portfolio.hu\/gazdasag\/20251121\/lemondott-virag-barnabas-mnb-alelnok-801102\" target=\"_blank\" rel=\"noopener\">riporta Portfolio<\/a>. Da mesi gli analisti si aspettavano un cambiamento, soprattutto dopo che l&#8217;ex governatore della banca centrale Gy\u00f6rgy Matolcsy si era dimesso all&#8217;inizio dell&#8217;anno ed era stato sostituito dal Ministro delle Finanze Mih\u00e1ly Varga. Al momento della nomina di Varga, \u00e8 apparso chiaro che non avrebbe esteso i mandati dei tre vice governatori ereditati dalla precedente leadership.<\/p>\n\n\n\n<figure class=\"wp-block-image aligncenter size-full\"><img decoding=\"async\" src=\"https:\/\/dailynewshungary.b-cdn.net\/wp-content\/uploads\/2025\/11\/barnabas-virag-mnb.webp\" alt=\"barnab\u00e1s vir\u00e1g deputy governor of hungarian central bank resigns\" class=\"wp-image-678075\"\/><figcaption class=\"wp-element-caption\">Barnab\u00e1s Vir\u00e1g presso la sede della MNB a Budapest il 21 gennaio 2025. Foto: <a href=\"https:\/\/mti.hu\/hirek\/2025\/01\/21\/virag-barnabas-megatrendek-ismerete-segithet-fenntarthato-novekedes-elereseben\" target=\"_blank\" rel=\"noopener\">MTI\/Szigetv\u00e1ry Zsolt<\/a><\/figcaption><\/figure>\n\n<h2 class=\"wp-block-heading\">Banai P\u00e9ter Ben\u0151 nominato come successore<\/h2>\n\n\n\n<p>La Banca Centrale ha nominato P\u00e9ter Ben\u0151 Banai, esperto fiscale, per ricoprire il ruolo di vice governatore, <a href=\"https:\/\/telex.hu\/gazdasag\/2025\/11\/21\/mnb-alelnok-magyar-nemzeti-bank-varga-matolcsy\" target=\"_blank\" rel=\"noopener\">secondo quanto riportato da Telex<\/a>. Banai ha lavorato presso il Ministero delle Finanze e il Ministero dell&#8217;Economia Nazionale tra il 1998 e il 2025, e recentemente ha ricoperto il ruolo di Segretario di Stato responsabile delle finanze pubbliche. Da maggio, \u00e8 stato consigliere principale del Presidente della MNB.<\/p>\n\n\n\n<p>Secondo la banca, l&#8217;esperienza decennale di Banai nel settore delle finanze pubbliche ha contribuito alla stabilit\u00e0 economica dell&#8217;Ungheria, rendendolo un candidato adatto alla posizione di vice governatore. Sar\u00e0 ascoltato dalla Commissione economica del Parlamento il 25 novembre.<\/p>\n\n\n\n<p>Banai \u00e8 stato a lungo considerato come il favorito per il ruolo: durante l&#8217;audizione parlamentare di Varga all&#8217;inizio di quest&#8217;anno, ha gi\u00e0 indicato Banai come una figura chiave nel suo futuro team di leadership.<\/p>\n\n\n\n<figure class=\"wp-block-image aligncenter size-full\"><img decoding=\"async\" src=\"https:\/\/dailynewshungary.b-cdn.net\/wp-content\/uploads\/2025\/11\/banai-peter-beno-virags-successor.webp\" alt=\"p\u00e9ter ben\u0151 banai, possibly successor of barnab\u00e1s vir\u00e1g as mnb deputy governor\" class=\"wp-image-678076\"\/><figcaption class=\"wp-element-caption\">P\u00e9ter Ben\u0151 Banai presso il centro dei media pubblici a Bruxelles il 12 novembre 2024. Foto: <a href=\"https:\/\/mti.hu\/hirek\/2024\/12\/22\/banai-peter-beno-jovo-evi-koltsegvetes-szamos-gazdasagfejleszto-programot\" target=\"_blank\" rel=\"noopener\">MTI\/Bodn\u00e1r Bogl\u00e1rka<\/a><\/figcaption><\/figure>\n\n<h2 class=\"wp-block-heading\">Fine di un&#8217;era: Vir\u00e1g era un tempo il volto della politica monetaria<\/h2>\n\n\n\n<p>Vir\u00e1g \u00e8 entrato a far parte della banca centrale come analista nel 2003, dopo una carriera iniziale presso il Ministero delle Finanze e presso il predecessore dell&#8217;Universit\u00e0 Corvinus. In seguito ha ricoperto il ruolo di direttore responsabile dell&#8217;analisi economica e, dal 2015, di direttore esecutivo con la supervisione della politica monetaria e della ricerca.<\/p>\n\n\n\n<p>\u00c8 diventato vice governatore nel 2020 e, per anni, \u00e8 stato la principale voce pubblica della strategia monetaria della MNB. Nella primavera del 2025, tuttavia, la nuova leadership ha riorganizzato le responsabilit\u00e0, spostando il portafoglio della politica monetaria al vice governatore Zolt\u00e1n Kurali, mentre Vir\u00e1g si \u00e8 trasferito al settore analisi e sistemi di pagamento.<\/p>\n\n\n\n<p>Mentre la banca centrale afferma che continuer\u00e0 a fare affidamento sulla sua esperienza come consigliere presidenziale, i recenti cambiamenti di leadership suggeriscono che non si pu\u00f2 escludere un ulteriore rimpasto all&#8217;interno della banca.<\/p>\n\n\n\n<h2 class=\"wp-block-heading\">Il fiorino scende dopo l&#8217;annuncio, poi si riprende parzialmente<\/h2>\n\n\n\n<p>La reazione del mercato \u00e8 stata immediata. Non appena la dichiarazione della MNB \u00e8 stata rilasciata alle 8:39, il fiorino si \u00e8 indebolito bruscamente, balzando a 385,6 per euro, <a href=\"https:\/\/www.portfolio.hu\/deviza\/20251121\/azonnal-megutottek-a-forintot-ahogy-bejelentettek-az-mnb-alelnok-tavozasat-801088\" target=\"_blank\" rel=\"noopener\">riporta Portfolio<\/a>. Gli investitori avevano premiato la recente politica monetaria rigorosa dell&#8217;Ungheria con un <a href=\"https:\/\/dailynewshungary.com\/hungarian-forint-breaks-15-year-record\/\">fiorino forte nelle ultime settimane<\/a>, e Vir\u00e1g, da tempo associato alla politica da falco della banca, era visto come una figura stabilizzante.<\/p>\n\n\n\n<p>Alle 9.30, il fiorino ha iniziato a correggere, rafforzandosi a 383,6 per euro e 332,4 per dollaro.<\/p>\n\n\n\n<p>Nonostante la volatilit\u00e0 di gioved\u00ec, la valuta rimane vicina ai livelli pi\u00f9 forti da oltre un anno, sostenuta dagli alti tassi di interesse e dalla forte domanda degli investitori di carry trade.<\/p>\n\n\n\n<ul class=\"wp-block-list\">\n<li><a href=\"https:\/\/dailynewshungary.com\/hungarian-forint-breaks-15-year-record\/\">Il fiorino ungherese rompe il record di 1,5 anni dopo il congelamento dei tassi da parte della banca centrale<\/a><\/li>\n<\/ul>\n","protected":false},"excerpt":{"rendered":"<p>Barnab\u00e1s Vir\u00e1g si \u00e8 dimesso dalla sua posizione di Vice Governatore della Banca Nazionale Ungherese (MNB), ha annunciato l&#8217;istituzione gioved\u00ec mattina. Vir\u00e1g, che era responsabile dell&#8217;analisi, dei sistemi di pagamento e dei programmi della banca centrale, rimarr\u00e0 presso la banca come consigliere del governatore. Le sue dimissioni arrivano prima della fine del suo mandato, che [&hellip;]<\/p>\n","protected":false},"author":62,"featured_media":785410,"comment_status":"open","ping_status":"open","sticky":false,"template":"","format":"standard","meta":{"_display_image":"yes","footnotes":""},"categories":[2423],"tags":[1819,1309,1368,1069,1411],"class_list":["post-785409","post","type-post","status-publish","format-standard","has-post-thumbnail","hentry","category-finanza","tag-banca-nazionale-ungherese","tag-denaro","tag-fiorino","tag-ungheria","tag-valuta"],"blocksy_meta":[],"author_username":"hmercedesz","telegram_post":"","public_post_metadata":{"breaking_news":"yes","important":"no","csempe":"yes","center_tile":"no","disable_thumbnail":"no","target_lang":"","_featured_image_style":"hidden","telegram_post":"","_xlat_group_id":"3380587f-c374-4d2e-bd19-490a214ca367"},"public_rank_math_data":{"title":"%title% %sep% %sitename%","description":"","focus_keyword":"banca centrale","canonical_url":"","robots":"","primary_category":"2423","breadcrumb_title":"","facebook_title":"","facebook_description":"","facebook_image":"","facebook_image_id":"","twitter_title":"","twitter_description":"","twitter_image":"","twitter_image_id":"","twitter_card_type":"","twitter_use_facebook":"","advanced_robots":"","pillar_content":"","seo_score":"82","contentai_score":"","rich_snippet":""},"_links":{"self":[{"href":"https:\/\/dailynewshungary.com\/it\/wp-json\/wp\/v2\/posts\/785409","targetHints":{"allow":["GET"]}}],"collection":[{"href":"https:\/\/dailynewshungary.com\/it\/wp-json\/wp\/v2\/posts"}],"about":[{"href":"https:\/\/dailynewshungary.com\/it\/wp-json\/wp\/v2\/types\/post"}],"author":[{"embeddable":true,"href":"https:\/\/dailynewshungary.com\/it\/wp-json\/wp\/v2\/users\/62"}],"replies":[{"embeddable":true,"href":"https:\/\/dailynewshungary.com\/it\/wp-json\/wp\/v2\/comments?post=785409"}],"version-history":[{"count":0,"href":"https:\/\/dailynewshungary.com\/it\/wp-json\/wp\/v2\/posts\/785409\/revisions"}],"wp:featuredmedia":[{"embeddable":true,"href":"https:\/\/dailynewshungary.com\/it\/wp-json\/wp\/v2\/media\/785410"}],"wp:attachment":[{"href":"https:\/\/dailynewshungary.com\/it\/wp-json\/wp\/v2\/media?parent=785409"}],"wp:term":[{"taxonomy":"category","embeddable":true,"href":"https:\/\/dailynewshungary.com\/it\/wp-json\/wp\/v2\/categories?post=785409"},{"taxonomy":"post_tag","embeddable":true,"href":"https:\/\/dailynewshungary.com\/it\/wp-json\/wp\/v2\/tags?post=785409"}],"curies":[{"name":"wp","href":"https:\/\/api.w.org\/{rel}","templated":true}]}}