{"id":785467,"date":"2025-11-23T15:34:00","date_gmt":"2025-11-23T14:34:00","guid":{"rendered":"https:\/\/dailynewshungary.com\/it\/uno-dei-piu-antichi-caffe-di-budapest-riaprira-lo-storico-locale-di-150-anni-ritorna-dopo-la-chiusura-del-2020\/"},"modified":"2025-11-23T15:34:00","modified_gmt":"2025-11-23T14:34:00","slug":"uno-dei-piu-antichi-caffe-di-budapest-riaprira-lo-storico-locale-di-150-anni-ritorna-dopo-la-chiusura-del-2020","status":"publish","type":"post","link":"https:\/\/dailynewshungary.com\/it\/uno-dei-piu-antichi-caffe-di-budapest-riaprira-lo-storico-locale-di-150-anni-ritorna-dopo-la-chiusura-del-2020\/","title":{"rendered":"Uno dei pi\u00f9 antichi caff\u00e8 di Budapest riaprir\u00e0: Lo storico locale di 150 anni ritorna dopo la chiusura del 2020"},"content":{"rendered":"<p><strong>Il M\u00fazeum Caf\u00e9 di Budapest, situato all&#8217;angolo tra via Br\u00f3dy S\u00e1ndor e viale M\u00fazeum, nel centro della citt\u00e0, riaprir\u00e0 nella primavera del 2026. L&#8217;iconico caff\u00e8 sar\u00e0 affittato per 15 anni da CNTRL Ltd., parte del Gruppo Eventrend, che gestisce diversi luoghi di ospitalit\u00e0 prestigiosi a Budapest. Il portafoglio dell&#8217;azienda comprende il Gundel Restaurant and Caf\u00e9, il Centr\u00e1l Caf\u00e9 e il New York Caf\u00e9, assicurando che l&#8217;esperienza non mancher\u00e0 nella nuova location.<\/strong><\/p>\n\n\n\n<h2 class=\"wp-block-heading\">Una storia di 150 anni<\/h2>\n\n\n\n<p>Le origini del caff\u00e8 risalgono al 1876, quando apr\u00ec per la prima volta come Schodl Caf\u00e9. Nel giro di pochi anni, divenne noto come M\u00fazeum Caf\u00e9, dal nome del vicino Museo Nazionale Ungherese, <a href=\"https:\/\/enbudapestem.hu\/2025\/11\/21\/patinas-kavehazakat-uzemelteto-ceg-veszi-at-muzeum-kavehazat\" target=\"_blank\" rel=\"noopener\">secondo \u00c9nBudapestem<\/a>. Il caff\u00e8 divenne rapidamente un punto centrale della vita culturale di Budapest, ospitando serate letterarie, eventi stampa, incontri pubblici, tornei di scacchi e manifestazioni politiche. Nel corso dei decenni, molti scrittori e poeti ungheresi famosi, tra cui Gyula Kr\u00fady, Attila J\u00f3zsef, Zsigmond M\u00f3ricz e Gyula Illy\u00e9s, erano clienti abituali.<\/p>\n\n\n\n<figure class=\"wp-block-image aligncenter size-full\"><img decoding=\"async\" src=\"https:\/\/dailynewshungary.b-cdn.net\/wp-content\/uploads\/2025\/11\/muzeum-kavehaz-budapest.webp\" alt=\"One of Budapest\u2019s oldest caf\u00e9s to reopen: Historic 150-year-old venue returns after 2020 closure\" class=\"wp-image-678233\"\/><figcaption class=\"wp-element-caption\">Il M\u00fazeum Caf\u00e9 nel 1957. Foto: <a href=\"https:\/\/fortepan.hu\/hu\/photos\/?q=m%C3%BAzeum%20k%C3%A1v%C3%A9h%C3%A1z\" target=\"_blank\" rel=\"noopener\">Fortepan\/Bauer S\u00e1ndor<\/a><\/figcaption><\/figure>\n\n<h2 class=\"wp-block-heading\">Chiusura nel 2020<\/h2>\n\n\n\n<p>Nel corso dei suoi 150 anni di storia, il M\u00fazeum Caf\u00e9 ha cambiato pi\u00f9 volte proprietario, e la pandemia COVID-19 ne ha imposto la chiusura nel 2020. <a href=\"https:\/\/jozsefvarosujsag.hu\/2026-nyaran-ujranyit-a-150-eves-muzeum-kavehaz\/\" target=\"_blank\" rel=\"noopener\">Secondo J\u00f3zsefv\u00e1ros \u00dajs\u00e1g<\/a>, l&#8217;edificio da tempo in disuso \u00e8 stato messo in affitto dal Comune di J\u00f3zsefv\u00e1ros nel febbraio 2025. L&#8217;offerta specificava che lo spazio avrebbe dovuto funzionare esclusivamente come luogo di ospitalit\u00e0 (come ristorante, caff\u00e8 o pasticceria) e che l&#8217;atmosfera storica del caff\u00e8 avrebbe dovuto essere preservata.<\/p>\n\n\n\n<h2 class=\"wp-block-heading\">Consegna delle chiavi al nuovo gestore<\/h2>\n\n\n\n<p>Il nuovo affittuario, CNTRL Ltd., ha presentato un piano aziendale dettagliato che comprende la sostenibilit\u00e0 energetica, la modernizzazione dell&#8217;edificio e i contributi di interesse pubblico al distretto. Il Comitato Finanziario e di Propriet\u00e0 ha valutato le richieste utilizzando un sistema a punti, e CNTRL Ltd. ha ottenuto il punteggio pi\u00f9 alto. L&#8217;azienda ha ricevuto le chiavi durante l&#8217;estate e i lavori di ristrutturazione dovrebbero iniziare a breve.<\/p>\n\n\n\n<h2 class=\"wp-block-heading\">Modernizzare preservando il patrimonio<\/h2>\n\n\n\n<p>L&#8217;edificio necessita di significativi aggiornamenti energetici: le finestre originali a vetro singolo e i soffitti alti in precedenza rendevano costoso il riscaldamento invernale e il raffreddamento estivo. I lavori di ristrutturazione modernizzeranno i servizi dell&#8217;edificio, preservando al contempo le caratteristiche del patrimonio, tra cui gli affreschi originali di K\u00e1roly Lotz, le piastrelle da parete di Emil Fischer e le ceramiche di Zsolnay, che rimarranno visibili ai visitatori.<\/p>\n\n\n\n<figure class=\"wp-block-image aligncenter size-full\"><img decoding=\"async\" src=\"https:\/\/dailynewshungary.b-cdn.net\/wp-content\/uploads\/2025\/11\/muzeum-kavehaz-budapest2.webp\" alt=\"One of Budapest\u2019s oldest caf\u00e9s to reopen: Historic 150-year-old venue returns after 2020 closure\" class=\"wp-image-678232\"\/><figcaption class=\"wp-element-caption\">Foto: <a href=\"https:\/\/www.facebook.com\/muzeumkavehazbudapest\/posts\/pfbid027WE3ghE35t24phVS7iwLofR44SZDPHpmhevAP6vdSFb5CT77Rd44gnWjP3McNmvRl?locale=hu_HU\" target=\"_blank\" rel=\"noopener\">Facebook\/M\u00fazeum K\u00e1v\u00e9h\u00e1z &amp; \u00c9tterem<\/a><\/figcaption><\/figure>\n\n<h2 class=\"wp-block-heading\">Programmi di interesse pubblico previsti<\/h2>\n\n\n\n<p>La CNTRL Ltd. ha in programma anche iniziative di pubblica utilit\u00e0. Il caff\u00e8 ospiter\u00e0 gruppi svantaggiati diverse volte all&#8217;anno e organizzer\u00e0 programmi gratuiti per studenti delle scuole superiori e dell&#8217;universit\u00e0, introducendo le giovani generazioni ai 150 anni di storia e al significato culturale del M\u00fazeum Caf\u00e9.<\/p>\n\n\n\n<h2 class=\"wp-block-heading\">Riapertura prevista per la prossima primavera<\/h2>\n\n\n\n<p>La riapertura del Caf\u00e9 \u00e8 prevista per la seconda met\u00e0 della primavera del 2026, consentendo ai visitatori di gustare un caff\u00e8 sulla terrazza durante l&#8217;estate. Con la riapertura, sia gli abitanti del luogo che i turisti potranno nuovamente sperimentare la storica cultura del caff\u00e8 di Budapest. Il caff\u00e8 presenter\u00e0 un nuovo menu, interni rinnovati e programmi culturali per i visitatori.<\/p>\n\n\n\n<ul class=\"wp-block-list\">\n<li><a href=\"https:\/\/dailynewshungary.com\/it\/storie-leggendarie-sul-new-york-cafe-di-fama-mondiale\/\/\">Storie leggendarie sul New York Caf\u00e9 di Budapest, famoso in tutto il mondo<\/a><\/li>\n<\/ul>\n","protected":false},"excerpt":{"rendered":"<p>Il M\u00fazeum Caf\u00e9 di Budapest, situato all&#8217;angolo tra via Br\u00f3dy S\u00e1ndor e viale M\u00fazeum, nel centro della citt\u00e0, riaprir\u00e0 nella primavera del 2026. L&#8217;iconico caff\u00e8 sar\u00e0 affittato per 15 anni da CNTRL Ltd., parte del Gruppo Eventrend, che gestisce diversi luoghi di ospitalit\u00e0 prestigiosi a Budapest. Il portafoglio dell&#8217;azienda comprende il Gundel Restaurant and Caf\u00e9, [&hellip;]<\/p>\n","protected":false},"author":62,"featured_media":785468,"comment_status":"open","ping_status":"open","sticky":false,"template":"","format":"standard","meta":{"_display_image":"yes","footnotes":""},"categories":[2404],"tags":[1158,2442,1080],"class_list":["post-785467","post","type-post","status-publish","format-standard","has-post-thumbnail","hentry","category-budapest","tag-budapest","tag-categoria-storia-ungherese","tag-ungherese"],"blocksy_meta":[],"author_username":"hmercedesz","telegram_post":"","public_post_metadata":{"breaking_news":"yes","important":"no","csempe":"yes","center_tile":"no","disable_thumbnail":"no","target_lang":"","_featured_image_style":"hidden","telegram_post":"","_xlat_group_id":"2e7b2f53-22cd-4b85-99f4-e9661f23bd0a"},"public_rank_math_data":{"title":"%title% %sep% %sitename%","description":"","focus_keyword":"caf\u00e9","canonical_url":"","robots":"","primary_category":"2404","breadcrumb_title":"","facebook_title":"","facebook_description":"","facebook_image":"","facebook_image_id":"","twitter_title":"","twitter_description":"","twitter_image":"","twitter_image_id":"","twitter_card_type":"","twitter_use_facebook":"","advanced_robots":"","pillar_content":"","seo_score":"76","contentai_score":"","rich_snippet":""},"_links":{"self":[{"href":"https:\/\/dailynewshungary.com\/it\/wp-json\/wp\/v2\/posts\/785467","targetHints":{"allow":["GET"]}}],"collection":[{"href":"https:\/\/dailynewshungary.com\/it\/wp-json\/wp\/v2\/posts"}],"about":[{"href":"https:\/\/dailynewshungary.com\/it\/wp-json\/wp\/v2\/types\/post"}],"author":[{"embeddable":true,"href":"https:\/\/dailynewshungary.com\/it\/wp-json\/wp\/v2\/users\/62"}],"replies":[{"embeddable":true,"href":"https:\/\/dailynewshungary.com\/it\/wp-json\/wp\/v2\/comments?post=785467"}],"version-history":[{"count":0,"href":"https:\/\/dailynewshungary.com\/it\/wp-json\/wp\/v2\/posts\/785467\/revisions"}],"wp:featuredmedia":[{"embeddable":true,"href":"https:\/\/dailynewshungary.com\/it\/wp-json\/wp\/v2\/media\/785468"}],"wp:attachment":[{"href":"https:\/\/dailynewshungary.com\/it\/wp-json\/wp\/v2\/media?parent=785467"}],"wp:term":[{"taxonomy":"category","embeddable":true,"href":"https:\/\/dailynewshungary.com\/it\/wp-json\/wp\/v2\/categories?post=785467"},{"taxonomy":"post_tag","embeddable":true,"href":"https:\/\/dailynewshungary.com\/it\/wp-json\/wp\/v2\/tags?post=785467"}],"curies":[{"name":"wp","href":"https:\/\/api.w.org\/{rel}","templated":true}]}}