{"id":785935,"date":"2025-12-10T14:24:00","date_gmt":"2025-12-10T13:24:00","guid":{"rendered":"https:\/\/dailynewshungary.com\/it\/la-prima-del-film-hungarian-wedding-e-stata-un-enorme-successo-a-new-york\/"},"modified":"2025-12-10T14:24:00","modified_gmt":"2025-12-10T13:24:00","slug":"la-prima-del-film-hungarian-wedding-e-stata-un-enorme-successo-a-new-york","status":"publish","type":"post","link":"https:\/\/dailynewshungary.com\/it\/la-prima-del-film-hungarian-wedding-e-stata-un-enorme-successo-a-new-york\/","title":{"rendered":"La prima del film Hungarian Wedding \u00e8 stata un enorme successo a New York"},"content":{"rendered":"<p><strong>L&#8217;attesissima premi\u00e8re statunitense di <em>Hungarian Wedding<\/em> si \u00e8 svolta marted\u00ec a New York, con un&#8217;affollatissima platea.<\/strong><\/p>\n\n\n\n<h2 class=\"wp-block-heading\">Matrimonio ungherese: dal 22 gennaio nei cinema ungheresi<\/h2>\n\n\n\n<p>La proiezione si \u00e8 tenuta nella sala cinematografica del Museum of the Moving Image, dove il regista Csaba K\u00e1el e il produttore-cinematografo Lajos Tam\u00e1s hanno rappresentato i creatori del film.<\/p>\n\n\n\n<p>Dopo la proiezione, Csaba K\u00e1el ha detto a <a href=\"https:\/\/mti.hu\/hirek\/2025\/12\/10\/new-yorkban-telthaz-elott-tartottak-magyar-menyegzo-amerikai-premierjet\" target=\"_blank\" rel=\"noopener\">MTI<\/a> che il feedback americano iniziale ha evidenziato come il film abbia introdotto gran parte del pubblico statunitense alla cultura ungherese. &#8220;Hanno capito che qui c&#8217;\u00e8 una tradizione notevole, di cui forse abbiamo catturato le ultime deboli tracce&#8221;, ha detto il regista, che \u00e8 anche il CEO dell&#8217;Istituto Nazionale del Cinema.<\/p>\n\n\n\n<figure class=\"wp-block-image aligncenter size-full\"><img decoding=\"async\" src=\"https:\/\/dailynewshungary.b-cdn.net\/wp-content\/uploads\/2025\/12\/Hungarian-6.webp\" alt=\"Hungarian wedding\" class=\"wp-image-684547\"\/><figcaption class=\"wp-element-caption\">Foto: FB\/Magyarorsz\u00e1g F\u0151konzul\u00e1tusa Kolozsv\u00e1r<\/figcaption><\/figure>\n\n<p>Ha aggiunto che l&#8217;ispirazione per il film \u00e8 venuta da una visita che ha fatto come studente nel 1980 in Transilvania, dove ha vissuto un matrimonio tradizionale.<\/p>\n\n\n\n<h2 class=\"wp-block-heading\">250\u00b0 anniversario degli Stati Uniti<\/h2>\n\n\n\n<p>In un discorso prima della proiezione, Csaba K\u00e1el ha riflettuto sulle radici comuni della storia cinematografica americana e ungherese, sottolineando che lo studio cinematografico di Cluj (Kolozsv\u00e1r) \u00e8 stato il luogo in cui i pionieri di Hollywood Michael Curtiz (Kert\u00e9sz Mih\u00e1ly) e Alexander Korda (Korda S\u00e1ndor) hanno girato i loro primissimi film. <em>Matrimonio Ungherese<\/em> \u00e8 ambientato nel 1980 a Kalotaszeg, vicino a Cluj.<\/p>\n\n\n\n<figure class=\"wp-block-image aligncenter size-full\"><img decoding=\"async\" src=\"https:\/\/dailynewshungary.b-cdn.net\/wp-content\/uploads\/2025\/12\/Hungarian-7.webp\" alt=\"Hungarian wedding\" class=\"wp-image-684544\"\/><figcaption class=\"wp-element-caption\">Foto: FB\/Magyarorsz\u00e1g F\u0151konzul\u00e1tusa Kolozsv\u00e1r<\/figcaption><\/figure>\n\n<p>Bal\u00e1zs Hank\u00f3, Ministro della Cultura e dell&#8217;Innovazione, ha inviato un videomessaggio per richiamare l&#8217;attenzione sul prossimo 250\u00b0 anniversario degli Stati Uniti nel 2026, sottolineando il desiderio di mostrare i contributi che gli ungheresi hanno dato alla storia nordamericana.<\/p>\n\n\n\n<figure class=\"wp-block-image aligncenter size-full\"><img decoding=\"async\" src=\"https:\/\/dailynewshungary.b-cdn.net\/wp-content\/uploads\/2025\/12\/Hungarian-5.webp\" alt=\"Hungarian wedding\" class=\"wp-image-684546\"\/><figcaption class=\"wp-element-caption\">Foto: FB\/MOL-\u00daj Eur\u00f3pa Alap\u00edtv\u00e1ny<\/figcaption><\/figure>\n\n<p>Alla prima hanno partecipato Gino Pesi, attore e regista americano e commissario cinematografico della Pennsylvania, che ha chiesto una collaborazione pi\u00f9 forte tra le industrie cinematografiche statunitensi e ungheresi, e l&#8217;Ambasciatore Szabolcs Tak\u00e1cs. L&#8217;evento \u00e8 stato organizzato dall&#8217;Istituto Liszt di New York con il sostegno del Fondo Culturale Nazionale.<\/p>\n\n\n\n<figure class=\"wp-block-image aligncenter size-full\"><img decoding=\"async\" src=\"https:\/\/dailynewshungary.b-cdn.net\/wp-content\/uploads\/2025\/12\/Hungarian-4.webp\" alt=\"Hungarian wedding\" class=\"wp-image-684545\"\/><figcaption class=\"wp-element-caption\">Foto: FB\/Magyar \u00c1llami N\u00e9pi Egy\u00fcttes<\/figcaption><\/figure>\n\n<p><strong>Legga anche:<\/strong><\/p>\n\n\n\n<ul class=\"wp-block-list\">\n<li>VIDEO: 7 film ungheresi con sottotitoli in inglese che catturano lo spirito dell&#8217;estate e<a href=\"https:\/\/dailynewshungary.com\/it\/video-7-film-ungheresi-con-sottotitoli-in-inglese-che-catturano-lo-spirito-dellestate-e-perche-dovrebbe-guardarli\/\">perch\u00e9 dovrebbe guardarli<\/a><\/li>\n\n\n\n<li>&#8220;Il film del suo futuro sta gi\u00e0 girando&#8221;: <a href=\"https:\/\/dailynewshungary.com\/budapest-international-documentary-festival-2\/\">il Festival Internazionale del Film Documentario di Budapest prende il via con 60 film<\/a><\/li>\n<\/ul>\n","protected":false},"excerpt":{"rendered":"<p>L&#8217;attesissima premi\u00e8re statunitense di Hungarian Wedding si \u00e8 svolta marted\u00ec a New York, con un&#8217;affollatissima platea. Matrimonio ungherese: dal 22 gennaio nei cinema ungheresi La proiezione si \u00e8 tenuta nella sala cinematografica del Museum of the Moving Image, dove il regista Csaba K\u00e1el e il produttore-cinematografo Lajos Tam\u00e1s hanno rappresentato i creatori del film. Dopo [&hellip;]<\/p>\n","protected":false},"author":33,"featured_media":785936,"comment_status":"open","ping_status":"open","sticky":false,"template":"","format":"standard","meta":{"_display_image":"yes","footnotes":""},"categories":[2422],"tags":[1111,1286,1069],"class_list":["post-785935","post","type-post","status-publish","format-standard","has-post-thumbnail","hentry","category-film","tag-stati-uniti","tag-successo","tag-ungheria"],"blocksy_meta":[],"author_username":"ugyelet","telegram_post":"","public_post_metadata":{"breaking_news":"yes","important":"no","csempe":"no","center_tile":"no","disable_thumbnail":"no","target_lang":"","_featured_image_style":"hidden","telegram_post":"","_xlat_group_id":"fa5c3062-63df-457c-984c-c9e216660aa3"},"public_rank_math_data":{"title":"%title% %sep% %sitename%","description":"L'attesissima anteprima statunitense di Matrimonio ungherese si \u00e8 svolta marted\u00ec a New York, davanti a un pubblico gremito.","focus_keyword":"Matrimonio ungherese","canonical_url":"","robots":"","primary_category":"2422","breadcrumb_title":"","facebook_title":"","facebook_description":"","facebook_image":"","facebook_image_id":"","twitter_title":"","twitter_description":"","twitter_image":"","twitter_image_id":"","twitter_card_type":"","twitter_use_facebook":"","advanced_robots":"","pillar_content":"","seo_score":"82","contentai_score":"","rich_snippet":""},"_links":{"self":[{"href":"https:\/\/dailynewshungary.com\/it\/wp-json\/wp\/v2\/posts\/785935","targetHints":{"allow":["GET"]}}],"collection":[{"href":"https:\/\/dailynewshungary.com\/it\/wp-json\/wp\/v2\/posts"}],"about":[{"href":"https:\/\/dailynewshungary.com\/it\/wp-json\/wp\/v2\/types\/post"}],"author":[{"embeddable":true,"href":"https:\/\/dailynewshungary.com\/it\/wp-json\/wp\/v2\/users\/33"}],"replies":[{"embeddable":true,"href":"https:\/\/dailynewshungary.com\/it\/wp-json\/wp\/v2\/comments?post=785935"}],"version-history":[{"count":0,"href":"https:\/\/dailynewshungary.com\/it\/wp-json\/wp\/v2\/posts\/785935\/revisions"}],"wp:featuredmedia":[{"embeddable":true,"href":"https:\/\/dailynewshungary.com\/it\/wp-json\/wp\/v2\/media\/785936"}],"wp:attachment":[{"href":"https:\/\/dailynewshungary.com\/it\/wp-json\/wp\/v2\/media?parent=785935"}],"wp:term":[{"taxonomy":"category","embeddable":true,"href":"https:\/\/dailynewshungary.com\/it\/wp-json\/wp\/v2\/categories?post=785935"},{"taxonomy":"post_tag","embeddable":true,"href":"https:\/\/dailynewshungary.com\/it\/wp-json\/wp\/v2\/tags?post=785935"}],"curies":[{"name":"wp","href":"https:\/\/api.w.org\/{rel}","templated":true}]}}