{"id":786615,"date":"2026-01-07T05:34:00","date_gmt":"2026-01-07T04:34:00","guid":{"rendered":"https:\/\/dailynewshungary.com\/it\/mercedes-portera-la-produzione-di-un-altro-modello-in-ungheria\/"},"modified":"2026-01-07T05:34:00","modified_gmt":"2026-01-07T04:34:00","slug":"mercedes-portera-la-produzione-di-un-altro-modello-in-ungheria","status":"publish","type":"post","link":"https:\/\/dailynewshungary.com\/it\/mercedes-portera-la-produzione-di-un-altro-modello-in-ungheria\/","title":{"rendered":"Mercedes porter\u00e0 la produzione di un altro modello in Ungheria"},"content":{"rendered":"<p><strong>La Mercedes inizier\u00e0 a produrre la Classe A anche in Ungheria a partire da quest&#8217;anno, ha annunciato marted\u00ec su Facebook il Ministro del Commercio e degli Affari Esteri P\u00e9ter Szijj\u00e1rt\u00f3.<\/strong><\/p>\n\n\n\n<h2 class=\"wp-block-heading\">Mercedes in Ungheria<\/h2>\n\n\n\n<p>Le autovetture Mercedes escono dalle linee di produzione in Ungheria dal 2012 presso lo stabilimento dell&#8217;azienda a Kecskem\u00e9t, rendendo il Paese un attore importante nella rete di produzione globale del marchio. Tuttavia, il moderno stabilimento di Kecskem\u00e9t rappresenta solo l&#8217;ultimo capitolo di una storia Mercedes ungherese lunga pi\u00f9 di un secolo.<\/p>\n\n\n\n<p>La presenza industriale dei predecessori dell&#8217;azienda in Ungheria risale all&#8217;inizio del XX secolo, quando inizi\u00f2 la rappresentanza e la produzione su licenza del marchio Benz. Tra le due guerre mondiali e nei decenni successivi, gli autocarri e gli autobus sono stati prodotti in Ungheria con licenze Benz\/Mercedes, principalmente per le aziende di trasporto nazionali.<\/p>\n\n\n\n<figure class=\"wp-block-image aligncenter size-full\"><img decoding=\"async\" src=\"https:\/\/dailynewshungary.b-cdn.net\/wp-content\/uploads\/2026\/01\/Mercedes-to-bring-production-of-another-model-to-Hungary.webp\" alt=\"Mercedes to bring production of another model to Hungary\" class=\"wp-image-686796\"\/><figcaption class=\"wp-element-caption\">Il modello di Classe A. Foto: Creative Commons<\/figcaption><\/figure>\n\n<p>Dopo la transizione politica dei primi anni &#8217;90, l&#8217;azienda tedesca ha gradualmente rafforzato la sua presenza sul mercato ungherese, prima come distributore e poi come potenziale investitore. La svolta decisiva \u00e8 arrivata nel 2008, quando l&#8217;azienda ha annunciato che avrebbe costruito il suo primo stabilimento di autovetture nell&#8217;Europa centrale e orientale a Kecskem\u00e9t, in Ungheria. La prima pietra \u00e8 stata posata nel 2009 e l&#8217;investimento ha creato migliaia di posti di lavoro e ha portato un significativo sviluppo infrastrutturale nella regione. Il sistema di produzione moderno e flessibile \u00e8 stato progettato specificamente per i modelli compatti premium, inizialmente la Classe B e successivamente la famiglia CLA.<\/p>\n\n\n\n<p>Il 29 marzo 2012, la prima Mercedes Classe B prodotta in serie \u00e8 uscita dalla linea di produzione di Kecskem\u00e9t, segnando ufficialmente l&#8217;inizio della produzione di autovetture Mercedes in Ungheria. <a href=\"https:\/\/gyar.mercedes-benz.hu\/media\/elkeszult-az-elso-magyarorszagon-gyartott-mercedes-benz-osztaly)Within\" target=\"_blank\" rel=\"noreferrer noopener\">Nel giro di<\/a> pochi anni, la produzione si \u00e8 ampliata per includere la CLA e la CLA Shooting Brake, trasformando lo stabilimento in un pilastro fondamentale della strategia globale dell&#8217;azienda per le auto compatte. Oggi, lo stabilimento di Kecskem\u00e9t \u00e8 un elemento centrale della rete di produzione mondiale del marchio, che rifornisce sia i mercati europei che quelli esteri. Le continue espansioni di capacit\u00e0 e gli aggiornamenti tecnologici mirano a garantire che l&#8217;impianto rimanga un attore chiave nella produzione di modelli compatti ed elettrificati in futuro.<\/p>\n\n\n\n<figure class=\"wp-block-image aligncenter size-large\"><img decoding=\"async\" src=\"https:\/\/dailynewshungary.b-cdn.net\/wp-content\/uploads\/2026\/01\/Mercedes-1-1280x853.webp\" alt=\"Mercedes \" class=\"wp-image-686797\"\/><figcaption class=\"wp-element-caption\">Foto: FB\/FM Szijj\u00e1rt\u00f3<\/figcaption><\/figure>\n\n<h2 class=\"wp-block-heading\">Ulteriore espansione, un altro modello<\/h2>\n\n\n\n<p>Nella sua dichiarazione, Szijj\u00e1rt\u00f3 ha scritto che guardando a Kecskem\u00e9t, \u00e8 chiaro che in poco pi\u00f9 di un decennio, Mercedes ha costruito la sua pi\u00f9 grande fabbrica europea in Ungheria, superata a livello globale solo dalle capacit\u00e0 stabilite in Cina. Pi\u00f9 di 5.000 persone lavorano direttamente nello stabilimento, che \u00e8 stato nominato il luogo di lavoro pi\u00f9 attraente dell&#8217;Ungheria nel 2024 ed \u00e8 stato ripetutamente selezionato come il miglior stabilimento del Gruppo Mercedes a livello mondiale.<\/p>\n\n\n\n<p>Nell&#8217;ottobre 2024, il bimillionesimo veicolo \u00e8 uscito dalla linea di produzione di Kecskem\u00e9t. Oggi, lo stabilimento produce veicoli con motore a combustione interna all&#8217;avanguardia, ibridi plug-in e modelli completamente elettrici. Allo stesso tempo, Mercedes sta per creare il suo primo centro di ricerca e sviluppo in Ungheria.<\/p>\n\n\n\n<p>&#8220;Oggi abbiamo un&#8217;altra buona notizia: Mercedes ha deciso di portare la produzione della Classe A anche in Ungheria a partire da quest&#8217;anno&#8221;, ha scritto Szijj\u00e1rt\u00f3. Ha sottolineato che questo significa che Mercedes produrr\u00e0 tre modelli in Ungheria, tra cui la nuova GLB high-tech e completamente elettrica, la nuova Classe C e ancora una volta la Classe A, che ora uscir\u00e0 dalle linee di produzione ungheresi.<\/p>\n\n\n\n<p><strong>Leggi anche:<\/strong><\/p>\n\n\n\n<ul class=\"wp-block-list\">\n<li>La cinese <a href=\"https:\/\/dailynewshungary.com\/it\/la-cinese-byd-acquista-un-enorme-edificio-per-uffici-per-la-nuova-sede-europea-nel-quartiere-centrale-di-budapest\/\">BYD acquista un enorme edificio per uffici per il nuovo quartier generale europeo nel quartiere centrale di Budapest<\/a><\/li>\n\n\n\n<li><a href=\"https:\/\/dailynewshungary.com\/it\/il-mega-stabilimento-mercedes-in-ungheria-sara-inaugurato-il-prossimo-anno-con-modelli-allavanguardia\/\/\">La mega fabbrica Mercedes in Ungheria sar\u00e0 inaugurata il prossimo anno<\/a> con modelli all&#8217;avanguardia<\/li>\n<\/ul>\n\n\n\n<p><\/p>\n","protected":false},"excerpt":{"rendered":"<p>La Mercedes inizier\u00e0 a produrre la Classe A anche in Ungheria a partire da quest&#8217;anno, ha annunciato marted\u00ec su Facebook il Ministro del Commercio e degli Affari Esteri P\u00e9ter Szijj\u00e1rt\u00f3. Mercedes in Ungheria Le autovetture Mercedes escono dalle linee di produzione in Ungheria dal 2012 presso lo stabilimento dell&#8217;azienda a Kecskem\u00e9t, rendendo il Paese un [&hellip;]<\/p>\n","protected":false},"author":33,"featured_media":786616,"comment_status":"open","ping_status":"open","sticky":false,"template":"","format":"standard","meta":{"_display_image":"yes","footnotes":""},"categories":[2402],"tags":[1105,1260,1069],"class_list":["post-786615","post","type-post","status-publish","format-standard","has-post-thumbnail","hentry","category-economia","tag-germania","tag-investimenti","tag-ungheria"],"blocksy_meta":[],"author_username":"ugyelet","telegram_post":"","public_post_metadata":{"breaking_news":"yes","important":"no","csempe":"yes","center_tile":"no","disable_thumbnail":"no","target_lang":"","_featured_image_style":"hidden","telegram_post":"","_xlat_group_id":"8c14562b-5883-4379-b449-83b4504730a2"},"public_rank_math_data":{"title":"%title% %sep% %sitename%","description":"Mercedes inizier\u00e0 a produrre anche la Classe A in Ungheria a partire da quest'anno, ha annunciato il FM P\u00e9ter Szijj\u00e1rt\u00f3.","focus_keyword":"Mercedes","canonical_url":"","robots":"","primary_category":"2402","breadcrumb_title":"","facebook_title":"","facebook_description":"","facebook_image":"","facebook_image_id":"","twitter_title":"","twitter_description":"","twitter_image":"","twitter_image_id":"","twitter_card_type":"","twitter_use_facebook":"","advanced_robots":"","pillar_content":"","seo_score":"81","contentai_score":"","rich_snippet":""},"_links":{"self":[{"href":"https:\/\/dailynewshungary.com\/it\/wp-json\/wp\/v2\/posts\/786615","targetHints":{"allow":["GET"]}}],"collection":[{"href":"https:\/\/dailynewshungary.com\/it\/wp-json\/wp\/v2\/posts"}],"about":[{"href":"https:\/\/dailynewshungary.com\/it\/wp-json\/wp\/v2\/types\/post"}],"author":[{"embeddable":true,"href":"https:\/\/dailynewshungary.com\/it\/wp-json\/wp\/v2\/users\/33"}],"replies":[{"embeddable":true,"href":"https:\/\/dailynewshungary.com\/it\/wp-json\/wp\/v2\/comments?post=786615"}],"version-history":[{"count":0,"href":"https:\/\/dailynewshungary.com\/it\/wp-json\/wp\/v2\/posts\/786615\/revisions"}],"wp:featuredmedia":[{"embeddable":true,"href":"https:\/\/dailynewshungary.com\/it\/wp-json\/wp\/v2\/media\/786616"}],"wp:attachment":[{"href":"https:\/\/dailynewshungary.com\/it\/wp-json\/wp\/v2\/media?parent=786615"}],"wp:term":[{"taxonomy":"category","embeddable":true,"href":"https:\/\/dailynewshungary.com\/it\/wp-json\/wp\/v2\/categories?post=786615"},{"taxonomy":"post_tag","embeddable":true,"href":"https:\/\/dailynewshungary.com\/it\/wp-json\/wp\/v2\/tags?post=786615"}],"curies":[{"name":"wp","href":"https:\/\/api.w.org\/{rel}","templated":true}]}}