{"id":789546,"date":"2026-04-25T04:34:00","date_gmt":"2026-04-25T02:34:00","guid":{"rendered":"https:\/\/dailynewshungary.com\/it\/peter-magyar-annuncia-il-nuovo-membro-del-gabinetto-in-unintervista-video\/"},"modified":"2026-04-25T04:34:00","modified_gmt":"2026-04-25T02:34:00","slug":"peter-magyar-annuncia-il-nuovo-membro-del-gabinetto-in-unintervista-video","status":"publish","type":"post","link":"https:\/\/dailynewshungary.com\/it\/peter-magyar-annuncia-il-nuovo-membro-del-gabinetto-in-unintervista-video\/","title":{"rendered":"P\u00e9ter Magyar annuncia il nuovo membro del gabinetto in un\u2019intervista video"},"content":{"rendered":"<p><strong>P\u00e9ter Magyar, leader del Partito Tisza vincitore delle elezioni e Primo Ministro eletto, ha chiesto a Judit Lannert di ricoprire il ruolo di Ministro dell&#8217;infanzia e dell&#8217;istruzione nel nuovo Governo.<\/strong><\/p>\n\n\n\n<h2 class=\"wp-block-heading\">Ecco il nuovo ministro dell&#8217;istruzione dell&#8217;Ungheria<\/h2>\n\n\n\n<p>Magyar ha fatto l&#8217;annuncio su Facebook venerd\u00ec, dicendo che Lannert \u00e8 un&#8217;economista ed esperta di politiche sociali con un dottorato in sociologia.<\/p>\n\n\n\n<p>In una conversazione con Magyar pubblicata su Facebook venerd\u00ec, Lannert ha promesso un cambiamento nell&#8217;approccio all&#8217;istruzione e ha parlato anche dell&#8217;introduzione di un nuovo curriculum nazionale di base, dell&#8217;innalzamento dell&#8217;et\u00e0 dell&#8217;obbligo scolastico a 18 anni e della revisione del modello di fondazione nell&#8217;istruzione superiore.<\/p>\n\n\n\n<figure class=\"wp-block-image aligncenter size-full\"><img decoding=\"async\" src=\"https:\/\/dailynewshungary.b-cdn.net\/wp-content\/uploads\/2026\/04\/Peter-Magyar-announces-new-cabinet-member-in-video-interview.webp\" alt=\"P\u00e9ter Magyar announces new cabinet member in video interview\" class=\"wp-image-695345\"\/><figcaption class=\"wp-element-caption\">Judit Lanner e P\u00e9ter Magyar. Foto: <a href=\"https:\/\/www.facebook.com\/peter.magyar.102\/videos\/4254798338108235\/\" target=\"_blank\" rel=\"noopener\">PrtScr\/P\u00e9ter Magyar<\/a><\/figcaption><\/figure>\n\n<p>Nel corso della conversazione, Magyar ha promesso che il prossimo Governo Tisza fornir\u00e0 ogni forma di supporto professionale, umano e di bilancio al settore, il cui leader, come il Ministro della Salute, avr\u00e0 privilegi speciali all&#8217;interno del Gabinetto. Magyar ha espresso la speranza che, lavorando insieme a insegnanti, genitori e studenti, si possa lanciare un sistema educativo che permetta a ogni bambino di ottenere le qualifiche necessarie per realizzare i propri sogni.<\/p>\n\n\n\n<p>In risposta alla domanda di Magyar su quale sia, a suo avviso, il problema principale dell&#8217;istruzione, Lannert ha affermato che, secondo le valutazioni PISA, l&#8217;Ungheria \u00e8 costantemente tra i primi tre Paesi in cui il background familiare determina in modo pi\u00f9 marcato il rendimento.<\/p>\n\n\n\n<p>&#8220;<em>Questo blocca i bambini, le famiglie e la societ\u00e0 nella loro posizione e non c&#8217;\u00e8 mobilit\u00e0&#8221;,<\/em> ha detto. L&#8217;unica via d&#8217;uscita \u00e8 un cambiamento di mentalit\u00e0, ha aggiunto.<\/p>\n\n\n\n<ul class=\"wp-block-list\">\n<li>P\u00e9ter Magyar ha promesso di annunciare altri quattro membri del gabinetto la prossima settimana.<\/li>\n<\/ul>\n\n\n\n<iframe loading=\"lazy\" src=\"https:\/\/www.facebook.com\/plugins\/post.php?href=https%3A%2F%2Fwww.facebook.com%2Fpeter.magyar.102%2Fposts%2Fpfbid02pXLw9swkSXBZs2AV9cH716y9ufdrqSkmQ6iD4oVLRUb3oefoPBgJTL23fsEwJj3kl&#038;show_text=false&#038;width=500\" width=\"500\" height=\"399\" style=\"border:none;overflow:hidden\" scrolling=\"no\" frameborder=\"0\" allowfullscreen=\"true\" allow=\"autoplay; clipboard-write; encrypted-media; picture-in-picture; web-share\"><\/iframe>\n\n\n\n<h2 class=\"wp-block-heading\">I giovani dovrebbero lasciare la scuola con una qualifica<\/h2>\n\n\n\n<p>Ha detto che il sistema educativo \u00e8 stato recentemente <em>&#8220;completamente messo in disparte&#8221;<\/em> e, con la scomparsa delle considerazioni professionali, \u00e8 cresciuta la sfiducia nei confronti degli insegnanti. Sono stati fatti dei tentativi per correggere questo aspetto introducendo sempre pi\u00f9 controlli e valutazioni nel sistema, ha detto, aggiungendo che il sistema di valutazione degli insegnanti era difettoso, sostenendo che era solo un peso per il sistema.<\/p>\n\n\n\n<p>Ha detto che \u00e8 necessario ridurre il carico di lavoro sia per i bambini che per gli insegnanti, mentre allo stesso tempo \u00e8 necessario un nuovo curriculum nazionale di base che non sia di controllo o prescrittivo, ma che piuttosto fornisca principi e modelli.<\/p>\n\n\n\n<p>Ha detto che l&#8217;insegnamento del pensiero critico \u00e8 essenziale e ha sottolineato l&#8217;importanza del feedback e della politica educativa basata sui dati.<\/p>\n\n\n\n<p>La Lannert ha detto di volere che la parola &#8220;bambino&#8221; compaia nel nome del Ministero, perch\u00e9 questo aiuterebbe anche a cambiare prospettiva.<\/p>\n\n\n\n<p>Per quanto riguarda l&#8217;innalzamento dell&#8217;et\u00e0 dell&#8217;istruzione obbligatoria da 16 a 18 anni, Lannert ha detto che potrebbe essere introdotto gradualmente, ma \u00e8 importante che i giovani lascino la scuola con una qualche forma di qualifica accettata dal mercato del lavoro.<\/p>\n\n\n\n<h2 class=\"wp-block-heading\">Gli insegnanti dovrebbero concentrarsi solo sull&#8217;insegnamento<\/h2>\n\n\n\n<p>Gli stipendi degli assistenti degli insegnanti devono essere affrontati, ha detto, aggiungendo che il sistema finlandese funziona perch\u00e9 gli insegnanti devono concentrarsi solo sull&#8217;insegnamento.<\/p>\n\n\n\n<p>Parlando dell&#8217;istruzione superiore, ha sollecitato una revisione del modello di fondazione. Magyar, in risposta, ha confermato che rivedr\u00e0 in modo significativo il modello di fondazione, non perch\u00e9 l&#8217;UE lo richieda, ma perch\u00e9 \u00e8 nell&#8217;interesse dell&#8217;istruzione superiore ungherese.<\/p>\n\n\n\n<p><strong>Guardi il video qui sotto:<\/strong><\/p>\n\n\n\n<iframe loading=\"lazy\" src=\"https:\/\/www.facebook.com\/plugins\/video.php?height=314&#038;href=https%3A%2F%2Fwww.facebook.com%2Fpeter.magyar.102%2Fvideos%2F4254798338108235%2F&#038;show_text=false&#038;width=560&#038;t=0\" width=\"560\" height=\"314\" style=\"border:none;overflow:hidden\" scrolling=\"no\" frameborder=\"0\" allowfullscreen=\"true\" allow=\"autoplay; clipboard-write; encrypted-media; picture-in-picture; web-share\" allowFullScreen=\"true\"><\/iframe>\n\n\n\n<p><strong>Se vi siete persi:<\/strong><\/p>\n\n\n\n<pre class=\"wp-block-verse has-true-sunset-gradient-background has-background\"><a href=\"https:\/\/dailynewshungary.com\/it\/il-presidente-convoca-il-nuovo-parlamento-ungherese-con-orban-in-minoranza-mentre-il-partito-tisza-di-peter-magyar-detiene-la-supermaggioranza\/\/\">Il Presidente convoca il nuovo Parlamento ungherese<\/a>, con Orb\u00e1n in minoranza mentre Tisza di P\u00e9ter Magyar detiene la supermaggioranza<br><br><a href=\"https:\/\/dailynewshungary.com\/it\/sembra-che-anche-il-genero-del-premier-viktor-orban-abbia-scommesso-sulla-sconfitta-di-fidesz-e-ha-fatto-una-fortuna\/\/\">Sembra che anche il genero del Premier Viktor Orb\u00e1n abbia scommesso sulla sconfitta di Fidesz<\/a>: e ha fatto una fortuna<\/pre>","protected":false},"excerpt":{"rendered":"<p>P\u00e9ter Magyar, leader del Partito Tisza vincitore delle elezioni e Primo Ministro eletto, ha chiesto a Judit Lannert di ricoprire il ruolo di Ministro dell&#8217;infanzia e dell&#8217;istruzione nel nuovo Governo. Ecco il nuovo ministro dell&#8217;istruzione dell&#8217;Ungheria Magyar ha fatto l&#8217;annuncio su Facebook venerd\u00ec, dicendo che Lannert \u00e8 un&#8217;economista ed esperta di politiche sociali con un [&hellip;]<\/p>\n","protected":false},"author":33,"featured_media":789547,"comment_status":"open","ping_status":"open","sticky":false,"template":"","format":"standard","meta":{"_display_image":"yes","footnotes":""},"categories":[2392],"tags":[2457,2616,1069,1124],"class_list":["post-789546","post","type-post","status-publish","format-standard","has-post-thumbnail","hentry","category-ungherese","tag-categoria-politica","tag-governo-magiaro","tag-ungheria","tag-video"],"blocksy_meta":[],"author_username":"ugyelet","telegram_post":"","public_post_metadata":{"breaking_news":"yes","important":"no","csempe":"yes","center_tile":"no","disable_thumbnail":"no","target_lang":"","_featured_image_style":"hidden","telegram_post":"","_xlat_group_id":"827488f3-f95b-4c87-a4df-6c1f322b19e3"},"public_rank_math_data":{"title":"%title% %sep% %sitename%","description":"P\u00e9ter Magyar ha annunciato il nuovo Ministro per l'Infanzia e l'Istruzione dell'Ungheria in un'intervista video con lei.","focus_keyword":"P\u00e9ter Magyar","canonical_url":"","robots":"","primary_category":"2392","breadcrumb_title":"","facebook_title":"","facebook_description":"","facebook_image":"","facebook_image_id":"","twitter_title":"","twitter_description":"","twitter_image":"","twitter_image_id":"","twitter_card_type":"","twitter_use_facebook":"","advanced_robots":"","pillar_content":"","seo_score":"79","contentai_score":"","rich_snippet":""},"_links":{"self":[{"href":"https:\/\/dailynewshungary.com\/it\/wp-json\/wp\/v2\/posts\/789546","targetHints":{"allow":["GET"]}}],"collection":[{"href":"https:\/\/dailynewshungary.com\/it\/wp-json\/wp\/v2\/posts"}],"about":[{"href":"https:\/\/dailynewshungary.com\/it\/wp-json\/wp\/v2\/types\/post"}],"author":[{"embeddable":true,"href":"https:\/\/dailynewshungary.com\/it\/wp-json\/wp\/v2\/users\/33"}],"replies":[{"embeddable":true,"href":"https:\/\/dailynewshungary.com\/it\/wp-json\/wp\/v2\/comments?post=789546"}],"version-history":[{"count":0,"href":"https:\/\/dailynewshungary.com\/it\/wp-json\/wp\/v2\/posts\/789546\/revisions"}],"wp:featuredmedia":[{"embeddable":true,"href":"https:\/\/dailynewshungary.com\/it\/wp-json\/wp\/v2\/media\/789547"}],"wp:attachment":[{"href":"https:\/\/dailynewshungary.com\/it\/wp-json\/wp\/v2\/media?parent=789546"}],"wp:term":[{"taxonomy":"category","embeddable":true,"href":"https:\/\/dailynewshungary.com\/it\/wp-json\/wp\/v2\/categories?post=789546"},{"taxonomy":"post_tag","embeddable":true,"href":"https:\/\/dailynewshungary.com\/it\/wp-json\/wp\/v2\/tags?post=789546"}],"curies":[{"name":"wp","href":"https:\/\/api.w.org\/{rel}","templated":true}]}}