{"id":789556,"date":"2026-04-25T11:34:00","date_gmt":"2026-04-25T09:34:00","guid":{"rendered":"https:\/\/dailynewshungary.com\/it\/il-riscaldamento-del-clima-di-budapest-potrebbe-ridefinire-gli-estremi-in-pochi-decenni\/"},"modified":"2026-04-25T11:34:00","modified_gmt":"2026-04-25T09:34:00","slug":"il-riscaldamento-del-clima-di-budapest-potrebbe-ridefinire-gli-estremi-in-pochi-decenni","status":"publish","type":"post","link":"https:\/\/dailynewshungary.com\/it\/il-riscaldamento-del-clima-di-budapest-potrebbe-ridefinire-gli-estremi-in-pochi-decenni\/","title":{"rendered":"Il riscaldamento del clima di Budapest potrebbe ridefinire gli \u201cestremi\u201d in pochi decenni"},"content":{"rendered":"<p><strong>Il clima di Budapest \u00e8 destinato a subire una trasformazione significativa nei prossimi decenni, con temperature pi\u00f9 calde, estati pi\u00f9 secche e fenomeni meteorologici estremi pi\u00f9 intensi che diventeranno la norma.<\/strong><\/p>\n\n\n\n<h2 class=\"wp-block-heading\">Budapest potrebbe essere testimone di un riscaldamento significativo in futuro<\/h2>\n\n\n\n<p>Secondo l&#8217;esperto di clima M\u00e1rk Honti, intervenuto ad una recente conferenza dell&#8217;Earth Day nella capitale, la citt\u00e0 ungherese potrebbe sperimentare condizioni simili a quelle di alcune parti dell&#8217;Iran settentrionale, se le attuali tendenze delle emissioni globali continueranno.<\/p>\n\n\n\n<p>Secondo il <a href=\"https:\/\/telex.hu\/techtud\/2026\/04\/25\/klimavaltozas-klimamodellek-budapest-honti-mark-fold-napja-fovaros-konferencia\" target=\"_blank\" rel=\"noopener\">rapporto di Telex<\/a>, gli inverni non scompariranno del tutto, ma la traiettoria generale \u00e8 chiara: aumento delle temperature nella maggior parte delle stagioni e modelli meteorologici sempre pi\u00f9 irregolari. In effetti, i cambiamenti potrebbero sembrare come se Budapest si stesse gradualmente spostando verso sud-est sulla mappa, piuttosto che semplicemente riscaldarsi.<\/p>\n\n\n\n<h2 class=\"wp-block-heading\">I modelli climatici indicano un riscaldamento inevitabile<\/h2>\n\n\n\n<p>Nonostante le incertezze nelle previsioni, una conclusione \u00e8 coerente in tutti i modelli climatici: Budapest si riscalder\u00e0. L&#8217;entit\u00e0 di tale riscaldamento, tuttavia, dipende fortemente dagli sforzi globali per ridurre le emissioni di gas serra.<\/p>\n\n\n\n<p>In uno scenario pi\u00f9 ottimistico, in cui le emissioni vengono ridotte nel prossimo futuro, la maggior parte del riscaldamento si verificherebbe intorno al 2050, seguito da un aumento pi\u00f9 lento. Al contrario, una prospettiva pessimistica suggerisce che le temperature continueranno ad aumentare costantemente fino alla fine del secolo, portando a conseguenze molto pi\u00f9 drammatiche.<\/p>\n\n\n\n<p>La modellazione climatica \u00e8 migliorata notevolmente negli ultimi tre decenni, combinando simulazioni globali e regionali. Mentre i modelli globali catturano le tendenze su larga scala, i modelli regionali a pi\u00f9 alta risoluzione consentono agli scienziati di comprendere meglio gli impatti locali, compreso il modo in cui il terreno dell&#8217;Ungheria influenza i modelli meteorologici.<\/p>\n\n\n\n<h2 class=\"wp-block-heading\">Le ondate di calore si intensificano, le precipitazioni diventano irregolari<\/h2>\n\n\n\n<p>Uno dei cambiamenti pi\u00f9 evidenti sar\u00e0 il forte aumento dei giorni estremamente caldi. Entro la met\u00e0 del secolo, il numero di giorni che superano i 35\u00b0C potrebbe aumentare dell&#8217;85-110%, e potenzialmente raddoppiare o pi\u00f9 entro il 2100, secondo gli scenari peggiori. Gli allarmi per il caldo, un tempo considerati eccezionali, potrebbero diventare una routine.<\/p>\n\n\n\n<p>Allo stesso tempo, gli estremi di freddo diminuiranno, ma non scompariranno. Le giornate invernali gelide continueranno a verificarsi, il che significa che Budapest non si trasformer\u00e0 in una citt\u00e0 subtropicale, nonostante la tendenza al riscaldamento.<\/p>\n\n\n\n<p>Anche i modelli di pioggia dovrebbero cambiare. Mentre le precipitazioni annuali totali non cambieranno drasticamente, lo far\u00e0 la loro distribuzione. \u00c8 probabile che ci siano meno giorni di pioggia, ma quando la pioggia cade, arriver\u00e0 in raffiche intense, spesso dopo periodi di siccit\u00e0 prolungati. Questo crea delle sfide per l&#8217;agricoltura, la gestione dell&#8217;acqua e le infrastrutture urbane.<\/p>\n\n\n\n<p class=\"has-text-align-center has-palette-color-1-color has-aqua-splash-gradient-background has-text-color has-background has-link-color wp-elements-c40164fb526f24b644acc5ebf4ff5a40\"><strong>Ecco qualcosa con cui rinfrescarsi: Pu\u00f2 acquistare il gelato a met\u00e0 prezzo in occasione della <a href=\"https:\/\/dailynewshungary.com\/it\/potra-acquistare-il-gelato-a-meta-prezzo-in-occasione-della-prossima-giornata-del-gelato-ungherese\/\/\">prossima Giornata del Gelato Ungherese<\/a>.<\/strong><\/p>\n\n\n\n<h2 class=\"wp-block-heading\">Ridefinire la parola &#8220;estremo&#8221;<\/h2>\n\n\n\n<p>Poich\u00e9 gli eventi meteorologici estremi diventano sempre pi\u00f9 frequenti, gli esperti avvertono che la societ\u00e0 potrebbe dover ripensare a ci\u00f2 che si qualifica come &#8220;estremo&#8221;. Eventi che una volta si verificavano ogni pochi decenni potrebbero diventare comuni.<\/p>\n\n\n\n<p>Le implicazioni vanno oltre la temperatura e le precipitazioni. I cambiamenti nel bacino idrografico pi\u00f9 ampio del Danubio potrebbero portare sia a livelli idrici medi pi\u00f9 elevati che a maggiori fluttuazioni, aumentando il rischio di inondazioni e siccit\u00e0.<\/p>\n\n\n\n<p class=\"has-text-align-center has-palette-color-1-color has-aqua-splash-gradient-background has-text-color has-background has-link-color wp-elements-91a1cca7127c40584a543b3be51e10c8\"><strong><a href=\"https:\/\/dailynewshungary.com\/it\/il-moderno-metodo-di-pagamento-e-stato-introdotto-nella-metropolitana-di-budapest\/\/\">Un moderno metodo di pagamento viene introdotto<\/a> nella metropolitana di Budapest!<\/strong><\/p>\n\n\n\n<h2 class=\"wp-block-heading\">L&#8217;adattamento \u00e8 ormai inevitabile<\/h2>\n\n\n\n<p>Mentre la riduzione delle emissioni rimane fondamentale, gli esperti affermano che l&#8217;adattamento \u00e8 altrettanto urgente. Le citt\u00e0 come Budapest devono ripensare le infrastrutture, la gestione delle acque e la pianificazione urbana per far fronte agli impatti inevitabili del cambiamento climatico. Come ha sottolineato Honti, il futuro dipender\u00e0 non solo dall&#8217;azione globale, ma anche dall&#8217;efficacia con cui le societ\u00e0 si prepareranno ad affrontare un ambiente in rapido cambiamento.<\/p>\n\n\n\n<p class=\"has-text-align-center has-palette-color-1-color has-aqua-splash-gradient-background has-text-color has-background has-link-color wp-elements-b9a136f13889247c505d9518ee10fff3\"><strong>Due degli <a href=\"https:\/\/dailynewshungary.com\/it\/due-degli-spazi-pubblici-piu-frequentati-di-budapest-sono-destinati-ad-unimportante-trasformazione-immagini\/\/\">spazi pubblici pi\u00f9 frequentati di Budapest sono destinati ad una grande trasformazione<\/a>: Ecco le immagini<\/strong><\/p>\n\n\n\n<p><em>Immagine in evidenza: <a href=\"https:\/\/depositphotos.com\/photos\/heatwave.html?filter=all&amp;qview=767159782\" target=\"_blank\" rel=\"noopener\">depositphotos.com<\/a><\/em><\/p>\n","protected":false},"excerpt":{"rendered":"<p>Il clima di Budapest \u00e8 destinato a subire una trasformazione significativa nei prossimi decenni, con temperature pi\u00f9 calde, estati pi\u00f9 secche e fenomeni meteorologici estremi pi\u00f9 intensi che diventeranno la norma. Budapest potrebbe essere testimone di un riscaldamento significativo in futuro Secondo l&#8217;esperto di clima M\u00e1rk Honti, intervenuto ad una recente conferenza dell&#8217;Earth Day nella [&hellip;]<\/p>\n","protected":false},"author":91,"featured_media":789557,"comment_status":"open","ping_status":"open","sticky":false,"template":"","format":"standard","meta":{"_display_image":"yes","footnotes":""},"categories":[2413],"tags":[1158,1238,2527,2557,1270,1395,1069],"class_list":["post-789556","post","type-post","status-publish","format-standard","has-post-thumbnail","hentry","category-meteo","tag-budapest","tag-cambiamento-climatico","tag-categoria-quotidianita","tag-categoria-vita-in-ungheria","tag-natura","tag-popolazione","tag-ungheria"],"blocksy_meta":[],"author_username":"api","telegram_post":"","public_post_metadata":{"breaking_news":"yes","important":"no","csempe":"yes","center_tile":"no","disable_thumbnail":"no","target_lang":"","_featured_image_style":"hidden","telegram_post":"","_xlat_group_id":"01c60f4e-687b-4599-b6ef-b88177f79a6b"},"public_rank_math_data":{"title":"%title% %sep% %sitename%","description":"","focus_keyword":"budapest","canonical_url":"","robots":"","primary_category":"2413","breadcrumb_title":"","facebook_title":"","facebook_description":"","facebook_image":"","facebook_image_id":"","twitter_title":"","twitter_description":"","twitter_image":"","twitter_image_id":"","twitter_card_type":"","twitter_use_facebook":"","advanced_robots":"","pillar_content":"","seo_score":"76","contentai_score":"","rich_snippet":""},"_links":{"self":[{"href":"https:\/\/dailynewshungary.com\/it\/wp-json\/wp\/v2\/posts\/789556","targetHints":{"allow":["GET"]}}],"collection":[{"href":"https:\/\/dailynewshungary.com\/it\/wp-json\/wp\/v2\/posts"}],"about":[{"href":"https:\/\/dailynewshungary.com\/it\/wp-json\/wp\/v2\/types\/post"}],"author":[{"embeddable":true,"href":"https:\/\/dailynewshungary.com\/it\/wp-json\/wp\/v2\/users\/91"}],"replies":[{"embeddable":true,"href":"https:\/\/dailynewshungary.com\/it\/wp-json\/wp\/v2\/comments?post=789556"}],"version-history":[{"count":0,"href":"https:\/\/dailynewshungary.com\/it\/wp-json\/wp\/v2\/posts\/789556\/revisions"}],"wp:featuredmedia":[{"embeddable":true,"href":"https:\/\/dailynewshungary.com\/it\/wp-json\/wp\/v2\/media\/789557"}],"wp:attachment":[{"href":"https:\/\/dailynewshungary.com\/it\/wp-json\/wp\/v2\/media?parent=789556"}],"wp:term":[{"taxonomy":"category","embeddable":true,"href":"https:\/\/dailynewshungary.com\/it\/wp-json\/wp\/v2\/categories?post=789556"},{"taxonomy":"post_tag","embeddable":true,"href":"https:\/\/dailynewshungary.com\/it\/wp-json\/wp\/v2\/tags?post=789556"}],"curies":[{"name":"wp","href":"https:\/\/api.w.org\/{rel}","templated":true}]}}