{"id":789574,"date":"2026-04-26T07:34:00","date_gmt":"2026-04-26T05:34:00","guid":{"rendered":"https:\/\/dailynewshungary.com\/it\/il-nuovo-ministro-dei-trasporti-vitezy-promette-di-ricostruire-le-ferrovie-ungheresi-dopo-anni-di-declino\/"},"modified":"2026-04-26T07:34:00","modified_gmt":"2026-04-26T05:34:00","slug":"il-nuovo-ministro-dei-trasporti-vitezy-promette-di-ricostruire-le-ferrovie-ungheresi-dopo-anni-di-declino","status":"publish","type":"post","link":"https:\/\/dailynewshungary.com\/it\/il-nuovo-ministro-dei-trasporti-vitezy-promette-di-ricostruire-le-ferrovie-ungheresi-dopo-anni-di-declino\/","title":{"rendered":"Il nuovo ministro dei trasporti Vit\u00e9zy promette di ricostruire le ferrovie ungheresi dopo \u201canni di declino\u201d"},"content":{"rendered":"<p><strong>L&#8217;era dello &#8220;smantellamento del sistema ferroviario ungherese&#8221; sta per finire e sar\u00e0 sostituita da sviluppi ferroviari, ha dichiarato sabato D\u00e1vid Vit\u00e9zy, il nuovo Ministro dei Trasporti e degli Investimenti.<\/strong><\/p>\n\n\n\n<h2 class=\"wp-block-heading\">Nuovo Ministro dei Trasporti: \u00c8 tempo di ricostruire le ferrovie ungheresi<\/h2>\n\n\n\n<p>Viaggiando in treno da Domb\u00f3v\u00e1r a Koml\u00f3, nel sud dell&#8217;Ungheria, insieme a rappresentanti di organizzazioni civili per celebrare la chiusura di una linea ferroviaria tra le due citt\u00e0 nel 2023, Vit\u00e9zy ha detto che la sua visita annunciava la fine di un&#8217;era in cui la rete ferroviaria ungherese era stata esaurita e l&#8217;inizio di una nuova, con sviluppi.<\/p>\n\n\n\n<p>&#8220;Una volta che avremo rilevato il cumulo di rovine che [il Ministro dei Trasporti e delle Costruzioni uscente] J\u00e1nos L\u00e1z\u00e1r ha lasciato dietro di s\u00e9&#8221;, il nuovo Governo, ha detto, lancer\u00e0 immediatamente lo sviluppo del trasporto rurale e dei servizi ferroviari.<\/p>\n\n\n\n<figure class=\"wp-block-image aligncenter size-full\"><img decoding=\"async\" src=\"https:\/\/dailynewshungary.b-cdn.net\/wp-content\/uploads\/2026\/04\/aron-kovacs-david-vitezy.webp\" alt=\"\u00e1ron kov\u00e1cs d\u00e1vid vit\u00e9zy\" class=\"wp-image-695387\"\/><figcaption class=\"wp-element-caption\">\u00c1ron Kov\u00e1cs, rappresentante del Partito Tisza eletto nella circoscrizione parlamentare n. 2 della Contea di Baranya (C-R) e D\u00e1vid Vit\u00e9zy, futuro Ministro dei Trasporti e degli Investimenti (L) alla stazione ferroviaria di Koml\u00f3 il 25 aprile 2026. Foto: MTI\/Tam\u00e1s Kacs\u00far<\/figcaption><\/figure>\n\n<p>Uno dei primi compiti, ha detto Vit\u00e9zy, sar\u00e0 quello di &#8220;gettare nuove basi&#8221; per i servizi ferroviari tra Domb\u00f3v\u00e1r e Koml\u00f3, una delle dieci linee chiuse nel 2023. &#8220;Quando il governo uscente ha iniziato a chiudere le linee ferroviarie intorno a Budapest, molti hanno interpretato le parole di L\u00e1z\u00e1r, secondo cui &#8216;era il turno delle aree rurali&#8217;, come una promessa di sviluppo. Invece, anche le linee ferroviarie rurali sono state chiuse&#8221;, ha detto.<\/p>\n\n\n\n<p>Riferendosi alle barriere agli incroci ferroviari, Vit\u00e9zy ha detto che sono disponibili soluzioni tecnologiche per prevenire gli ingorghi sulle strade, garantendo che le barriere non rimangano abbassate per lunghi periodi di tempo.<\/p>\n\n\n\n<h2 class=\"wp-block-heading\">Ci si aspetta professionalit\u00e0 piuttosto che attivit\u00e0 politica<\/h2>\n\n\n\n<p>Vit\u00e9zy ha detto che ci si aspetta che svolga un lavoro professionale piuttosto che un&#8217;attivit\u00e0 politica nel suo incarico, ha dichiarato in un&#8217;<a href=\"https:\/\/telex.hu\/video\/2026\/04\/24\/vitezy-david-kozlekedesi-miniszter-budapest-magyar-peter-elo-interju\" target=\"_blank\" rel=\"noopener\">intervista a Telex<\/a> venerd\u00ec.<\/p>\n\n\n\n<p>Per quanto riguarda Budapest, Vit\u00e9zy ha detto che la capitale potrebbe trarre beneficio &#8220;se la politica di bloccare gli investimenti e di mettere le province contro Budapest viene abbandonata&#8221;. Ha detto di non aver contribuito al programma del Partito Tisza, ma di aver consultato P\u00e9ter Magyar, il primo ministro entrante, e gli esperti di Tisza sulle direzioni future. Vit\u00e9zy ha detto che Magyar gli ha chiesto di attuare il programma di Tisza piuttosto che le sue idee, cosa che ha detto che avrebbe fatto &#8220;volentieri&#8221;.<\/p>\n\n\n\n<p>Secondo Vit\u00e9zy, Magyar ha anche &#8220;chiarito in modo molto netto che non avrebbe tollerato alcuna corruzione o arroganza di posizione&#8221;.<\/p>\n\n\n\n<iframe loading=\"lazy\" src=\"https:\/\/www.facebook.com\/plugins\/post.php?href=https%3A%2F%2Fwww.facebook.com%2Fvitezydavid%2Fposts%2Fpfbid0tFUQ4ek6o5VoTpcF5cn6YKbzk61ShkxKHih5fmmhru6Ztu2HmnbnpArQRPiSv6wRl&#038;show_text=true&#038;width=500\" width=\"500\" height=\"594\" style=\"border:none;overflow:hidden\" scrolling=\"no\" frameborder=\"0\" allowfullscreen=\"true\" allow=\"autoplay; clipboard-write; encrypted-media; picture-in-picture; web-share\"><\/iframe>\n\n\n\n<p>Rispondendo a una domanda, ha detto che lui e Magyar hanno discusso del fatto che il futuro Primo Ministro lo ha definito un &#8220;hacker di Fidesz&#8221; durante le elezioni locali. Senza fornire dettagli, ha detto che ritiene che ci\u00f2 che il loro gruppo parlamentare e lui personalmente hanno fatto nell&#8217;assemblea generale abbia convinto Magyar a non considerarlo in quel modo.<\/p>\n\n\n\n<p>Vit\u00e9zy ha criticato il Ministero dei Trasporti e delle Costruzioni per aver eliminato tutte le informazioni pubbliche relative agli investimenti, nonch\u00e9 per aver &#8220;distrutto l&#8217;infrastruttura degli investimenti e licenziato gli esperti&#8221;. Ha anche criticato il governo uscente per la mancanza di dialogo sociale sui progetti chiave. Ha detto che tutti questi aspetti devono essere risolti e che il suo compito \u00e8 anche quello di &#8220;riassumere o mantenere i migliori esperti&#8221;.<\/p>\n\n\n\n<h2 class=\"wp-block-heading\">Estate difficile in vista<\/h2>\n\n\n\n<p>Per quanto riguarda la compagnia ferroviaria nazionale M\u00c1V, Vit\u00e9zy ha detto di essere stato informato che &#8220;quest&#8217;estate sar\u00e0 pi\u00f9 difficile dell&#8217;ultima&#8221;, perch\u00e9 sempre meno veicoli sono funzionanti. M\u00c1V non ha acquistato veicoli per anni e l&#8217;azienda \u00e8 &#8220;in gestione di crisi&#8221;, ha detto Vit\u00e9zy, e ha promesso misure per garantire che &#8220;ci siano meno problemi e ritardi possibili&#8221;, ma ha aggiunto che &#8220;\u00e8 importante rimanere realistici&#8221;. Ha anche aggiunto che l&#8217;accesso ai finanziamenti dell&#8217;Unione Europea \u00e8 fondamentale per ulteriori acquisizioni.<\/p>\n\n\n\n<p>Per quanto riguarda i compiti relativi al trasporto pubblico di Budapest, Vit\u00e9zy ha menzionato il rinnovo dei treni locali e di altri veicoli, il potenziamento del trasporto in periferia, aggiungendo che si tratta di un compito anche per altre citt\u00e0.<\/p>\n\n\n\n<p>Vit\u00e9zy ha anche chiesto un rinnovamento delle regole del traffico in Ungheria, con l&#8217;obiettivo di &#8220;proteggere gli indifesi nel traffico&#8221;. &#8220;L&#8217;obiettivo \u00e8 quello di ridurre il numero di incidenti mortali sulle strade ungheresi&#8221;, ha detto il nuovo ministro. Ha anche detto che, sebbene sia il Primo Ministro a nominare i Segretari di Stato, egli far\u00e0 delle raccomandazioni sui candidati.<\/p>\n\n\n\n<pre class=\"wp-block-verse has-text-align-center has-aqua-splash-gradient-background has-background\"><strong>Se ve lo siete perso: <a href=\"https:\/\/dailynewshungary.com\/it\/ultime-notizie-peter-magyar-annuncia-i-nuovi-ministri\/\/\">P\u00e9ter Magyar annuncia i nuovi ministri<\/a><\/strong><\/pre>","protected":false},"excerpt":{"rendered":"<p>L&#8217;era dello &#8220;smantellamento del sistema ferroviario ungherese&#8221; sta per finire e sar\u00e0 sostituita da sviluppi ferroviari, ha dichiarato sabato D\u00e1vid Vit\u00e9zy, il nuovo Ministro dei Trasporti e degli Investimenti. Nuovo Ministro dei Trasporti: \u00c8 tempo di ricostruire le ferrovie ungheresi Viaggiando in treno da Domb\u00f3v\u00e1r a Koml\u00f3, nel sud dell&#8217;Ungheria, insieme a rappresentanti di organizzazioni [&hellip;]<\/p>\n","protected":false},"author":62,"featured_media":789575,"comment_status":"open","ping_status":"open","sticky":false,"template":"","format":"standard","meta":{"_display_image":"yes","footnotes":""},"categories":[1185],"tags":[2504,2540,2467,2616,2613,2612,1480,1069,1073],"class_list":["post-789574","post","type-post","status-publish","format-standard","has-post-thumbnail","hentry","category-politica-in-ungheria","tag-categoria-politica-ungherese","tag-categoria-trasporti-pubblici-di-budapest","tag-categoria-viaggi","tag-governo-magiaro","tag-partito-tisza","tag-peter-magyar","tag-treno","tag-ungheria","tag-viaggi"],"blocksy_meta":[],"author_username":"hmercedesz","telegram_post":"","public_post_metadata":{"breaking_news":"yes","important":"no","csempe":"yes","center_tile":"no","disable_thumbnail":"no","target_lang":"","_featured_image_style":"default","telegram_post":"","_xlat_group_id":"fadf8795-5474-467f-bd55-28124660c4b9"},"public_rank_math_data":{"title":"%title% %sep% %sitename%","description":"","focus_keyword":"trasporti","canonical_url":"","robots":"","primary_category":"1185","breadcrumb_title":"","facebook_title":"","facebook_description":"","facebook_image":"","facebook_image_id":"","twitter_title":"","twitter_description":"","twitter_image":"","twitter_image_id":"","twitter_card_type":"","twitter_use_facebook":"","advanced_robots":"","pillar_content":"","seo_score":"84","contentai_score":"","rich_snippet":""},"_links":{"self":[{"href":"https:\/\/dailynewshungary.com\/it\/wp-json\/wp\/v2\/posts\/789574","targetHints":{"allow":["GET"]}}],"collection":[{"href":"https:\/\/dailynewshungary.com\/it\/wp-json\/wp\/v2\/posts"}],"about":[{"href":"https:\/\/dailynewshungary.com\/it\/wp-json\/wp\/v2\/types\/post"}],"author":[{"embeddable":true,"href":"https:\/\/dailynewshungary.com\/it\/wp-json\/wp\/v2\/users\/62"}],"replies":[{"embeddable":true,"href":"https:\/\/dailynewshungary.com\/it\/wp-json\/wp\/v2\/comments?post=789574"}],"version-history":[{"count":0,"href":"https:\/\/dailynewshungary.com\/it\/wp-json\/wp\/v2\/posts\/789574\/revisions"}],"wp:featuredmedia":[{"embeddable":true,"href":"https:\/\/dailynewshungary.com\/it\/wp-json\/wp\/v2\/media\/789575"}],"wp:attachment":[{"href":"https:\/\/dailynewshungary.com\/it\/wp-json\/wp\/v2\/media?parent=789574"}],"wp:term":[{"taxonomy":"category","embeddable":true,"href":"https:\/\/dailynewshungary.com\/it\/wp-json\/wp\/v2\/categories?post=789574"},{"taxonomy":"post_tag","embeddable":true,"href":"https:\/\/dailynewshungary.com\/it\/wp-json\/wp\/v2\/tags?post=789574"}],"curies":[{"name":"wp","href":"https:\/\/api.w.org\/{rel}","templated":true}]}}