{"id":789576,"date":"2026-04-26T08:54:00","date_gmt":"2026-04-26T06:54:00","guid":{"rendered":"https:\/\/dailynewshungary.com\/it\/il-prossimo-ministro-delleconomia-kapitany-promette-un-bilancio-trasparente-per-ripristinare-la-fiducia-in-ungheria\/"},"modified":"2026-04-26T08:54:00","modified_gmt":"2026-04-26T06:54:00","slug":"il-prossimo-ministro-delleconomia-kapitany-promette-un-bilancio-trasparente-per-ripristinare-la-fiducia-in-ungheria","status":"publish","type":"post","link":"https:\/\/dailynewshungary.com\/it\/il-prossimo-ministro-delleconomia-kapitany-promette-un-bilancio-trasparente-per-ripristinare-la-fiducia-in-ungheria\/","title":{"rendered":"Il prossimo Ministro dell\u2019Economia Kapit\u00e1ny promette un bilancio trasparente per ripristinare la fiducia in Ungheria"},"content":{"rendered":"<p><strong>Il Governo entrante romper\u00e0 con i bilanci irresponsabili e poco trasparenti e ripristiner\u00e0 la fiducia del mercato, ha scritto sabato su Facebook il Ministro dell&#8217;Economia e dell&#8217;Energia entrante Istv\u00e1n Kapit\u00e1ny.<\/strong><\/p>\n\n\n\n<p>Kapit\u00e1ny ha affermato che il margine di manovra di bilancio dell&#8217;Ungheria \u00e8 ora fortemente limitato. &#8220;Il debito pubblico sta aumentando di anno in anno, mentre il Paese spende il 4% del suo PIL annuale per il pagamento degli interessi &#8211; uno dei tassi pi\u00f9 alti dell&#8217;UE&#8221;, ha osservato, aggiungendo che una gestione fiscale responsabile richiede operazioni statali trasparenti e fondi pubblici al servizio del bene comune.<\/p>\n\n\n\n<p><a href=\"https:\/\/www.facebook.com\/kapitanyistvan.tisza\/posts\/pfbid0hM38F15EcGLBBQfYjG641Xzue1yd6U3kvRx1VN9WFbihm1W1ToCssqX7upHkq633l\" target=\"_blank\" rel=\"noopener\">Secondo il suo post<\/a>, sotto il governo Tisza guidato dal ministro delle Finanze entrante, Andr\u00e1s K\u00e1rm\u00e1n, verr\u00e0 stabilita una politica di bilancio stabile e prevedibile. &#8220;Eliminando gli sprechi e gli investimenti troppo costosi, frenando la corruzione e migliorando l&#8217;efficienza delle operazioni statali, libereremo risorse significative per lo sviluppo nazionale&#8221;, ha scritto.<\/p>\n\n\n\n<figure class=\"wp-block-image aligncenter size-large\"><img decoding=\"async\" src=\"https:\/\/dailynewshungary.b-cdn.net\/wp-content\/uploads\/2026\/04\/istvan-kapitany-andras-karman-1280x853.webp\" alt=\"istv\u00e1n kapit\u00e1ny andr\u00e1s k\u00e1rm\u00e1n tisza party finance economy\" class=\"wp-image-695390\"\/><figcaption class=\"wp-element-caption\">Istv\u00e1n Kapit\u00e1ny e Andr\u00e1s K\u00e1rm\u00e1n. Foto: <a href=\"https:\/\/www.facebook.com\/photo?fbid=122124523041096950&amp;set=a.122113088955096950\" target=\"_blank\" rel=\"noopener\">Facebook\/Kapit\u00e1ny Istv\u00e1n<\/a><\/figcaption><\/figure>\n\n<p>&#8220;Stiamo rompendo con i bilanci irresponsabili e opachi e stiamo ripristinando la fiducia del mercato&#8221;, ha ribadito Kapit\u00e1ny, aggiungendo: &#8220;Riducendo i tassi di interesse a livelli regionali, potremmo risparmiare fino a trilioni di fiorini all&#8217;anno&#8221;. Ha anche sottolineato che una gestione responsabile del bilancio e una crescita economica parallela porteranno il debito pubblico su un percorso di diminuzione rispetto al PIL.<\/p>\n\n\n\n<p>Un bilancio stabile fornisce le basi per la crescita economica, lo sviluppo delle imprese e la prevedibilit\u00e0 delle operazioni statali, ha detto Kapit\u00e1ny. &#8220;Quando lo Stato gestisce le finanze in modo responsabile, rafforza la fiducia nell&#8217;economia e migliora la stabilit\u00e0 finanziaria a lungo termine dell&#8217;Ungheria&#8221;, ha aggiunto.<\/p>\n\n\n\n<h2 class=\"wp-block-heading\">Kapit\u00e1ny: PIT sul salario minimo al 9%<\/h2>\n\n\n\n<p>L&#8217;aliquota dell&#8217;imposta sul reddito personale sul salario minimo sar\u00e0 ridotta al 9%, ha dichiarato Kapit\u00e1ny <a href=\"https:\/\/www.facebook.com\/kapitanyistvan.tisza\/posts\/pfbid06e5NxCAD4N6fcennBbopaLxWnxw6HCpnLx9TzqTbpzGqDJqEHkXHucEtw9tnczANl\" target=\"_blank\" rel=\"noopener\">mercoled\u00ec su Facebook<\/a>. Kapit\u00e1ny ha dichiarato che gli obiettivi principali del Partito Tisza includono politiche economiche credibili e prevedibili per contenere l&#8217;inflazione e creare un sistema fiscale pi\u00f9 equo.<\/p>\n\n\n\n<p>&#8220;Uno dei primi passi \u00e8 il taglio dell&#8217;imposta sul reddito delle persone fisiche sul salario minimo al 9%, lasciando oltre 240.000 HUF (661 euro) in pi\u00f9 all&#8217;anno nelle tasche dei lavoratori con redditi pi\u00f9 bassi&#8221;, ha detto. &#8220;Tutti coloro che guadagnano al di sotto del salario mediano &#8211; attualmente circa 625.000 HUF lordi al mese &#8211; pagheranno anche meno tasse sul reddito&#8221;, ha detto Kapit\u00e1ny.<\/p>\n\n\n\n<p>&#8220;Ad esempio, chi guadagna 420.000 fiorini lordi tratterr\u00e0 180.000 fiorini in pi\u00f9 all&#8217;anno, chi guadagna 500.000 fiorini lordi tratterr\u00e0 circa 120.000 fiorini in pi\u00f9 e chi guadagna 625.000 fiorini lordi tratterr\u00e0 60.000 fiorini in pi\u00f9&#8221;.<\/p>\n\n\n\n<iframe loading=\"lazy\" src=\"https:\/\/www.facebook.com\/plugins\/post.php?href=https%3A%2F%2Fwww.facebook.com%2Fkapitanyistvan.tisza%2Fposts%2Fpfbid06e5NxCAD4N6fcennBbopaLxWnxw6HCpnLx9TzqTbpzGqDJqEHkXHucEtw9tnczANl&#038;show_text=true&#038;width=500\" width=\"500\" height=\"736\" style=\"border:none;overflow:hidden\" scrolling=\"no\" frameborder=\"0\" allowfullscreen=\"true\" allow=\"autoplay; clipboard-write; encrypted-media; picture-in-picture; web-share\"><\/iframe>\n\n\n\n<h2 class=\"wp-block-heading\">Kapit\u00e1ny: Il governo di Tisza vuole incrementare la produttivit\u00e0 economica e l&#8217;efficienza del settore delle PMI<\/h2>\n\n\n\n<p>Il Governo di Tisza \u00e8 impegnato a migliorare l&#8217;ambiente commerciale per le imprese; aumenter\u00e0 la produttivit\u00e0 economica e l&#8217;efficienza del settore nazionale delle PMI attraverso una serie completa di misure, ha dichiarato marted\u00ec Kapit\u00e1ny.<\/p>\n\n\n\n<p>Kapit\u00e1ny ha dichiarato <a href=\"https:\/\/www.facebook.com\/kapitanyistvan.tisza\/posts\/pfbid0PhQoDPwezuZNvjziLKmNFT1GKthKTw7BcZhbF4noaWMsQmYRBJU7yTpy3QByVe5nl\" target=\"_blank\" rel=\"noopener\">su Facebook<\/a> che la chiave per un&#8217;economia veramente competitiva non risiede negli stabilimenti di assemblaggio attratti da miliardi di fondi statali, ma in PMI nazionali forti, competitive e capaci di esportare.<\/p>\n\n\n\n<p>Finora le PMI ungheresi hanno affrontato serie sfide su pi\u00f9 fronti, perdendo nella competizione sui prezzi a causa dell&#8217;inflazione, mentre il loro accesso ai finanziamenti esterni \u00e8 stato insufficiente, ha aggiunto.<\/p>\n\n\n\n<p>L&#8217;incertezza \u00e8 stata ulteriormente esacerbata dagli alti prezzi dell&#8217;energia pagati dai consumatori aziendali, dal fiorino debole e da un ambiente normativo imprevedibile, ha detto.<\/p>\n\n\n\n<iframe loading=\"lazy\" src=\"https:\/\/www.facebook.com\/plugins\/post.php?href=https%3A%2F%2Fwww.facebook.com%2Fkapitanyistvan.tisza%2Fposts%2Fpfbid0PhQoDPwezuZNvjziLKmNFT1GKthKTw7BcZhbF4noaWMsQmYRBJU7yTpy3QByVe5nl&#038;show_text=true&#038;width=500\" width=\"500\" height=\"736\" style=\"border:none;overflow:hidden\" scrolling=\"no\" frameborder=\"0\" allowfullscreen=\"true\" allow=\"autoplay; clipboard-write; encrypted-media; picture-in-picture; web-share\"><\/iframe>\n\n\n\n<p>Le &#8220;politiche economiche sbagliate degli ultimi anni&#8221; hanno teso a &#8220;incanalare i fondi statali e dell&#8217;UE verso aziende affiliate al sistema di cooperazione nazionale che non sono competitive sul mercato&#8221;, ha aggiunto.<\/p>\n\n\n\n<p>Kapit\u00e1ny ha detto che \u00e8 comprensibile che il ritardo nella produttivit\u00e0 delle PMI ungheresi si sia radicato, il che a sua volta ha messo gli imprenditori e i dipendenti ungheresi in una posizione difficile.<\/p>\n\n\n\n<p>In linea con un rapporto della Commissione Europea, nel 2024 il valore aggiunto del settore delle PMI ungheresi diminuir\u00e0 con uno dei margini pi\u00f9 ampi in Europa, mentre Polonia e Bulgaria registreranno una crescita significativa, ha detto.<\/p>\n\n\n\n<pre class=\"wp-block-verse has-text-align-center has-aqua-splash-gradient-background has-background\"><strong>Se se l'\u00e8 perso: <a href=\"https:\/\/dailynewshungary.com\/it\/quanto-e-lontana-lungheria-dalleuro-la-realta-dietro-lobiettivo-del-2030\/\/\">Quanto \u00e8 lontana l'Ungheria dall'euro? La realt\u00e0 dietro l'obiettivo del 2030<\/a><\/strong><\/pre>\n\n<p><em>Immagine in evidenza: <a href=\"https:\/\/www.facebook.com\/photo?fbid=122124167733096950&amp;set=a.122113088955096950\" target=\"_blank\" rel=\"noopener\">Facebook\/Kapit\u00e1ny Istv\u00e1n<\/a><\/em><\/p>\n","protected":false},"excerpt":{"rendered":"<p>Il Governo entrante romper\u00e0 con i bilanci irresponsabili e poco trasparenti e ripristiner\u00e0 la fiducia del mercato, ha scritto sabato su Facebook il Ministro dell&#8217;Economia e dell&#8217;Energia entrante Istv\u00e1n Kapit\u00e1ny. Kapit\u00e1ny ha affermato che il margine di manovra di bilancio dell&#8217;Ungheria \u00e8 ora fortemente limitato. &#8220;Il debito pubblico sta aumentando di anno in anno, mentre [&hellip;]<\/p>\n","protected":false},"author":62,"featured_media":789577,"comment_status":"open","ping_status":"open","sticky":false,"template":"","format":"standard","meta":{"_display_image":"yes","footnotes":""},"categories":[1185],"tags":[2454,2465,2504,1219,2616,2613,1366,1460,1318,1069],"class_list":["post-789576","post","type-post","status-publish","format-standard","has-post-thumbnail","hentry","category-politica-in-ungheria","tag-categoria-affari","tag-categoria-economia-in-ungheria","tag-categoria-politica-ungherese","tag-economia-ungherese","tag-governo-magiaro","tag-partito-tisza","tag-pmi","tag-soldi","tag-tasse","tag-ungheria"],"blocksy_meta":[],"author_username":"hmercedesz","telegram_post":"","public_post_metadata":{"breaking_news":"yes","important":"no","csempe":"yes","center_tile":"no","disable_thumbnail":"no","target_lang":"","_featured_image_style":"hidden","telegram_post":"","_xlat_group_id":"9d54d102-9c66-42ce-bbbc-4f652a6ac344"},"public_rank_math_data":{"title":"%titolo% %sep% %sitename%","description":"","focus_keyword":"kapit\u00e1ny","canonical_url":"","robots":"","primary_category":"1185","breadcrumb_title":"","facebook_title":"","facebook_description":"","facebook_image":"","facebook_image_id":"","twitter_title":"","twitter_description":"","twitter_image":"","twitter_image_id":"","twitter_card_type":"","twitter_use_facebook":"","advanced_robots":"","pillar_content":"","seo_score":"85","contentai_score":"","rich_snippet":""},"_links":{"self":[{"href":"https:\/\/dailynewshungary.com\/it\/wp-json\/wp\/v2\/posts\/789576","targetHints":{"allow":["GET"]}}],"collection":[{"href":"https:\/\/dailynewshungary.com\/it\/wp-json\/wp\/v2\/posts"}],"about":[{"href":"https:\/\/dailynewshungary.com\/it\/wp-json\/wp\/v2\/types\/post"}],"author":[{"embeddable":true,"href":"https:\/\/dailynewshungary.com\/it\/wp-json\/wp\/v2\/users\/62"}],"replies":[{"embeddable":true,"href":"https:\/\/dailynewshungary.com\/it\/wp-json\/wp\/v2\/comments?post=789576"}],"version-history":[{"count":0,"href":"https:\/\/dailynewshungary.com\/it\/wp-json\/wp\/v2\/posts\/789576\/revisions"}],"wp:featuredmedia":[{"embeddable":true,"href":"https:\/\/dailynewshungary.com\/it\/wp-json\/wp\/v2\/media\/789577"}],"wp:attachment":[{"href":"https:\/\/dailynewshungary.com\/it\/wp-json\/wp\/v2\/media?parent=789576"}],"wp:term":[{"taxonomy":"category","embeddable":true,"href":"https:\/\/dailynewshungary.com\/it\/wp-json\/wp\/v2\/categories?post=789576"},{"taxonomy":"post_tag","embeddable":true,"href":"https:\/\/dailynewshungary.com\/it\/wp-json\/wp\/v2\/tags?post=789576"}],"curies":[{"name":"wp","href":"https:\/\/api.w.org\/{rel}","templated":true}]}}