{"id":789580,"date":"2026-04-26T11:34:00","date_gmt":"2026-04-26T09:34:00","guid":{"rendered":"https:\/\/dailynewshungary.com\/it\/il-prossimo-premier-magyar-si-rechera-a-bruxelles-per-colloqui-urgenti-sui-fondi-ue-con-ursula-von-der-leyen\/"},"modified":"2026-04-26T11:34:00","modified_gmt":"2026-04-26T09:34:00","slug":"il-prossimo-premier-magyar-si-rechera-a-bruxelles-per-colloqui-urgenti-sui-fondi-ue-con-ursula-von-der-leyen","status":"publish","type":"post","link":"https:\/\/dailynewshungary.com\/it\/il-prossimo-premier-magyar-si-rechera-a-bruxelles-per-colloqui-urgenti-sui-fondi-ue-con-ursula-von-der-leyen\/","title":{"rendered":"Il prossimo premier Magyar si recher\u00e0 a Bruxelles per colloqui urgenti sui fondi UE con Ursula von der Leyen"},"content":{"rendered":"<p><strong>P\u00e9ter Magyar si recher\u00e0 a Bruxelles mercoled\u00ec per colloqui informali con Ursula von der Leyen, concentrandosi sul ritorno dei fondi UE in Ungheria.<\/strong><\/p>\n\n\n\n<p>Annunciando la visita <a href=\"https:\/\/www.facebook.com\/peter.magyar.102\/posts\/pfbid0zBp63fRVwkWGpaM4rFq6rWJ5VX67spxL2vSq2Wc9QxE59Ee1kZiNgRpXdbdH8JH2l?locale=hu_HU\" target=\"_blank\" rel=\"noopener\">sui social media<\/a>, il leader del Partito Tisza ha sottolineato l&#8217;urgenza della situazione, scrivendo: &#8220;Non abbiamo tempo da perdere&#8221;.<\/p>\n\n\n\n<p>L&#8217;incontro arriva dopo diverse conversazioni telefoniche tra i due leader dopo le elezioni del 12 aprile in Ungheria, che hanno visto una <a href=\"https:\/\/dailynewshungary.com\/it\/breaking-elezioni-ungheria-2026-tutti-i-voti-sono-stati-contati-e-tisza-si-assicura-una-storica-supermaggioranza\/\/\">vittoria schiacciante<\/a> per Magyar. Secondo quanto riferito, la Von der Leyen si \u00e8 congratulata con lui la sera delle elezioni e successivamente ha discusso le priorit\u00e0 chiave, notando che l&#8217;Ungheria \u00e8 &#8220;tornata nel cuore dell&#8217;Europa&#8221;.<\/p>\n\n\n\n<figure class=\"wp-block-image aligncenter size-full\"><img decoding=\"async\" src=\"https:\/\/dailynewshungary.b-cdn.net\/wp-content\/uploads\/2026\/04\/Magyar-Peter_Von-der-Leyen.webp\" alt=\"P\u00e9ter Magyar Tisza von der Leyen Orban Hungary\" class=\"wp-image-694466\"\/><figcaption class=\"wp-element-caption\">Ursula von der Leyen e P\u00e9ter Magyar. Foto: <a href=\"https:\/\/www.facebook.com\/photo?fbid=27081092984831793&amp;set=a.115525025148621\" target=\"_blank\" rel=\"noopener\">Facebook\/P\u00e9ter Magyar<\/a><\/figcaption><\/figure>\n\n<h2 class=\"wp-block-heading\">Miliardi in gioco, scadenze strette<\/h2>\n\n\n\n<p>Il governo entrante si trova ad affrontare enormi pressioni per risolvere controversie di lunga data con Bruxelles, che hanno lasciato congelati importanti finanziamenti dell&#8217;Unione Europea.<\/p>\n\n\n\n<p>Sebbene il Primo Ministro uscente Viktor Orb\u00e1n abbia precedentemente suggerito che i finanziamenti rimarranno sicuri fino al 2027, questo vale solo per alcuni programmi. In realt\u00e0, i ritardi e le preoccupazioni relative allo stato di diritto hanno gi\u00e0 portato a perdite finanziarie sostanziali, <a href=\"https:\/\/telex.hu\/belfold\/2026\/04\/26\/magyar-peter-tisza-part-brusszel-utazas-unios-forrasok\" target=\"_blank\" rel=\"noopener\">ricorda Telex<\/a>.<\/p>\n\n\n\n<p>Secondo quanto riferito, l&#8217;Ungheria ha perso pi\u00f9 di 2 miliardi di euro a causa delle scadenze non rispettate, mentre altri fondi rimangono a rischio. Entro la fine di agosto di quest&#8217;anno, il Paese deve soddisfare le condizioni legate a oltre 10 miliardi di euro (circa 3.700 miliardi di fiorini) di sostegno da parte dell&#8217;UE.<\/p>\n\n\n\n<p>L&#8217;urgenza di questi negoziati \u00e8 uno dei motivi per cui Magyar ha fatto pressione sul Presidente Tam\u00e1s Sulyok affinch\u00e9 gli conferisca rapidamente un mandato per formare un governo.<\/p>\n\n\n\n<figure class=\"wp-block-image aligncenter size-full\"><img decoding=\"async\" src=\"https:\/\/dailynewshungary.b-cdn.net\/wp-content\/uploads\/2026\/04\/PeterMagyarTamasSulyok.webp\" alt=\"P\u00e9ter Magyar elected prime minister Tam\u00e1s Sulyok president Hungary hungarian government\" class=\"wp-image-694744\"\/><figcaption class=\"wp-element-caption\">Foto: <a href=\"https:\/\/www.facebook.com\/photo.php?fbid=27089156674025424&amp;set=pb.100000733720126.-2207520000&amp;type=3\" target=\"_blank\" rel=\"noopener\">P\u00e9ter Magyar\/Facebook<\/a><\/figcaption><\/figure>\n\n<h2 class=\"wp-block-heading\">Le prime mosse diplomatiche segnalano un cambiamento<\/h2>\n\n\n\n<p>I membri del futuro gabinetto di Magyar hanno gi\u00e0 iniziato a confrontarsi con i funzionari dell&#8217;Unione Europea a Bruxelles durante il fine settimana, con Anita Orb\u00e1n, Andr\u00e1s K\u00e1rm\u00e1n e M\u00e1rton Mell\u00e9thei-Barna nella capitale belga.<\/p>\n\n\n\n<p>La nuova leadership sembra desiderosa di ricostruire la fiducia con le istituzioni dell&#8217;UE e di assicurarsi i fondi necessari per stabilizzare le finanze dell&#8217;Ungheria e sostenere i settori chiave, tra cui l&#8217;istruzione superiore e le infrastrutture.<\/p>\n\n\n\n<h2 class=\"wp-block-heading\">Annunciata la prima del documentario in Italia<\/h2>\n\n\n\n<p>In un <a href=\"https:\/\/www.facebook.com\/peter.magyar.102\/posts\/pfbid0rP2aNdvzmBvntTGjcFXsHGwtxTvRjJFwXayhffDAsrUgu2L5UmpdtH8iK5cSYRXnl?locale=hu_HU\" target=\"_blank\" rel=\"noopener\">annuncio separato<\/a>, Magyar ha confermato che si recher\u00e0 in Italia il 5 maggio per partecipare alla proiezione di un documentario su di lui al Riviera International Film Festival.<\/p>\n\n\n\n<p>Il film, intitolato <em>Vento di Primavera<\/em><em>(Tavaszi sz\u00e9l<\/em>), sar\u00e0 proiettato al festival di Sestri Levante, che si svolger\u00e0 dal 5 al 10 maggio e si concentrer\u00e0 sui registi di et\u00e0 inferiore ai 35 anni.<\/p>\n\n\n\n<p>Secondo Magyar, il documentario \u00e8 gi\u00e0 diventato il documentario ungherese pi\u00f9 visto nei cinema. Ha anche attirato 3,3 milioni di visualizzazioni su YouTube in due giorni ed \u00e8 stato in cima alle classifiche di visualizzazione di HBO nelle ultime due settimane.<\/p>\n\n\n\n<iframe loading=\"lazy\" src=\"https:\/\/www.facebook.com\/plugins\/post.php?href=https%3A%2F%2Fwww.facebook.com%2Fpeter.magyar.102%2Fposts%2Fpfbid0rP2aNdvzmBvntTGjcFXsHGwtxTvRjJFwXayhffDAsrUgu2L5UmpdtH8iK5cSYRXnl&#038;show_text=false&#038;width=500\" width=\"500\" height=\"498\" style=\"border:none;overflow:hidden\" scrolling=\"no\" frameborder=\"0\" allowfullscreen=\"true\" allow=\"autoplay; clipboard-write; encrypted-media; picture-in-picture; web-share\"><\/iframe>\n\n\n\n<p>Il film, uscito il 12 marzo, \u00e8 stato prodotto da Juno Pictures, fondata da Claudia S\u00fcmeghy e Tam\u00e1s Yvan Topol\u00e1nszky, che ha anche diretto il documentario.<\/p>\n\n\n\n<p>Il festival, istituito nel 2017, ha precedentemente premiato Topol\u00e1nszky come miglior regista nel 2019 per il suo film biografico <em>Curtiz: The Hungarian Who Changed Hollywood<\/em>.<\/p>\n\n\n\n<pre class=\"wp-block-verse has-text-align-center has-juicy-peach-gradient-background has-background\"><strong>Se se l'\u00e8 perso: <a href=\"https:\/\/dailynewshungary.com\/it\/peter-magyar-la-cerchia-ristretta-del-precedente-premier-orban-risparmia-dieci-milioni-di-euro-allestero\/\/\">P\u00e9ter Magyar: la cerchia ristretta del precedente premier Orb\u00e1n risparmia dieci milioni di euro all'estero<\/a><\/strong><\/pre>","protected":false},"excerpt":{"rendered":"<p>P\u00e9ter Magyar si recher\u00e0 a Bruxelles mercoled\u00ec per colloqui informali con Ursula von der Leyen, concentrandosi sul ritorno dei fondi UE in Ungheria. Annunciando la visita sui social media, il leader del Partito Tisza ha sottolineato l&#8217;urgenza della situazione, scrivendo: &#8220;Non abbiamo tempo da perdere&#8221;. L&#8217;incontro arriva dopo diverse conversazioni telefoniche tra i due leader [&hellip;]<\/p>\n","protected":false},"author":62,"featured_media":789581,"comment_status":"open","ping_status":"open","sticky":false,"template":"","format":"standard","meta":{"_display_image":"yes","footnotes":""},"categories":[2372],"tags":[2506,2457,2500,1262,2616,2613,2612,1460,1069,1075],"class_list":["post-789580","post","type-post","status-publish","format-standard","has-post-thumbnail","hentry","category-business","tag-categoria-finanza-ungherese","tag-categoria-politica","tag-categoria-relazioni-con-lue","tag-finanziamenti-ue","tag-governo-magiaro","tag-partito-tisza","tag-peter-magyar","tag-soldi","tag-ungheria","tag-unione-europea"],"blocksy_meta":[],"author_username":"hmercedesz","telegram_post":"","public_post_metadata":{"breaking_news":"yes","important":"no","csempe":"yes","center_tile":"no","disable_thumbnail":"no","target_lang":"","_featured_image_style":"default","telegram_post":"","_xlat_group_id":"1db6bbb9-300e-40c1-bfe5-6c1cf3bcf6b4"},"public_rank_math_data":{"title":"%title% %sep% %sitename%","description":"","focus_keyword":"Magyar","canonical_url":"","robots":"","primary_category":"2372","breadcrumb_title":"","facebook_title":"","facebook_description":"","facebook_image":"","facebook_image_id":"","twitter_title":"","twitter_description":"","twitter_image":"","twitter_image_id":"","twitter_card_type":"","twitter_use_facebook":"","advanced_robots":"","pillar_content":"","seo_score":"84","contentai_score":"","rich_snippet":""},"_links":{"self":[{"href":"https:\/\/dailynewshungary.com\/it\/wp-json\/wp\/v2\/posts\/789580","targetHints":{"allow":["GET"]}}],"collection":[{"href":"https:\/\/dailynewshungary.com\/it\/wp-json\/wp\/v2\/posts"}],"about":[{"href":"https:\/\/dailynewshungary.com\/it\/wp-json\/wp\/v2\/types\/post"}],"author":[{"embeddable":true,"href":"https:\/\/dailynewshungary.com\/it\/wp-json\/wp\/v2\/users\/62"}],"replies":[{"embeddable":true,"href":"https:\/\/dailynewshungary.com\/it\/wp-json\/wp\/v2\/comments?post=789580"}],"version-history":[{"count":0,"href":"https:\/\/dailynewshungary.com\/it\/wp-json\/wp\/v2\/posts\/789580\/revisions"}],"wp:featuredmedia":[{"embeddable":true,"href":"https:\/\/dailynewshungary.com\/it\/wp-json\/wp\/v2\/media\/789581"}],"wp:attachment":[{"href":"https:\/\/dailynewshungary.com\/it\/wp-json\/wp\/v2\/media?parent=789580"}],"wp:term":[{"taxonomy":"category","embeddable":true,"href":"https:\/\/dailynewshungary.com\/it\/wp-json\/wp\/v2\/categories?post=789580"},{"taxonomy":"post_tag","embeddable":true,"href":"https:\/\/dailynewshungary.com\/it\/wp-json\/wp\/v2\/tags?post=789580"}],"curies":[{"name":"wp","href":"https:\/\/api.w.org\/{rel}","templated":true}]}}