{"id":789582,"date":"2026-04-26T12:54:00","date_gmt":"2026-04-26T10:54:00","guid":{"rendered":"https:\/\/dailynewshungary.com\/it\/orban-invia-un-messaggio-a-trump-dopo-la-sparatoria-a-washington\/"},"modified":"2026-04-26T12:54:00","modified_gmt":"2026-04-26T10:54:00","slug":"orban-invia-un-messaggio-a-trump-dopo-la-sparatoria-a-washington","status":"publish","type":"post","link":"https:\/\/dailynewshungary.com\/it\/orban-invia-un-messaggio-a-trump-dopo-la-sparatoria-a-washington\/","title":{"rendered":"Orb\u00e1n invia un messaggio a Trump dopo la sparatoria a Washington"},"content":{"rendered":"<p><strong>Un uomo armato ha interrotto l&#8217;annuale Cena dei Corrispondenti della Casa Bianca a Washington sabato scorso, in quello che le autorit\u00e0 stanno trattando come un tentativo di attacco a Donald Trump.<\/strong><\/p>\n\n\n\n<p>Secondo <a href=\"https:\/\/telex.hu\/kulfold\/2026\/04\/26\/lovesek-dordultek-a-feher-hazi-tudositok-vacsorajanak-helyszinen-trumpot-es-feleseget-ki-kellett-menekiteni\" target=\"_blank\" rel=\"noopener\">Telex<\/a>, il sospetto ha aperto il fuoco durante l&#8217;evento, colpendo un agente dei Servizi Segreti. L&#8217;agente \u00e8 sopravvissuto grazie a un giubbotto antiproiettile, mentre Trump \u00e8 rimasto illeso ed \u00e8 stato rapidamente evacuato dal personale di sicurezza insieme ad altri partecipanti.<\/p>\n\n\n\n<p>Il sospetto, identificato come un uomo di 31 anni della California, secondo quanto riferito, aveva con s\u00e9 una pistola, un fucile e diversi coltelli. Le indagini preliminari suggeriscono che potrebbe aver agito da solo.<\/p>\n\n\n\n<iframe src=\"https:\/\/truthsocial.com\/@realDonaldTrump\/116468652963767750\/embed\" class=\"truthsocial-embed\" style=\"max-width: 100%; border: 0\" width=\"600\" allowfullscreen=\"allowfullscreen\"><\/iframe><script src=\"https:\/\/truthsocial.com\/embed.js\" async=\"async\"><\/script>\n\n\n\n<h2 class=\"wp-block-heading\">Orb\u00e1n reagisce: &#8220;Non c&#8217;\u00e8 posto per la violenza&#8221;.<\/h2>\n\n\n\n<p>Tra i leader internazionali che hanno reagito all&#8217;incidente c&#8217;\u00e8 il Primo Ministro ungherese uscente Viktor Orb\u00e1n, che ha <a href=\"https:\/\/x.com\/PM_ViktorOrban\/status\/2048330819765166222\">condiviso un messaggio<\/a> sui social media esprimendo preoccupazione e solidariet\u00e0.<\/p>\n\n\n\n<p>&#8220;Sono sconvolto dalla notizia del tentativo di sparare al Presidente @realDonaldTrump durante un evento a Washington. I nostri pensieri e le nostre preghiere sono con lui e Melania. Non c&#8217;\u00e8 posto per la violenza in politica!&#8221;. ha scritto Orb\u00e1n.<\/p>\n\n\n\n<p>Orb\u00e1n e Trump hanno mantenuto una stretta relazione politica negli ultimi anni, <a href=\"https:\/\/dailynewshungary.com\/trump-backs-orban-in-video-message-cpac\/\">sostenendosi<\/a> spesso a <a href=\"https:\/\/dailynewshungary.com\/trump-backs-orban-in-video-message-cpac\/\">vicenda<\/a> durante le campagne elettorali, anche se i loro legami sono apparsi meno importanti dopo la <a href=\"https:\/\/dailynewshungary.com\/it\/orban-abbiamo-perso-e-mi-sono-congratulato-con-il-vincitore\/\/\">recente sconfitta di Orb\u00e1n<\/a>.<\/p>\n\n\n\n<h2 class=\"wp-block-heading\">I leader mondiali si uniscono nella condanna<\/h2>\n\n\n\n<p>Un&#8217;ondata di reazioni internazionali ha seguito l&#8217;incidente, con i leader di tutta Europa che hanno denunciato con forza l&#8217;attacco.<\/p>\n\n\n\n<p>Il Primo Ministro britannico Keir Starmer si \u00e8 detto &#8220;scioccato&#8221; dalla sparatoria e sollevato dal fatto che non ci siano stati ulteriori feriti, sottolineando che gli attacchi alle istituzioni democratiche e alla libert\u00e0 di stampa devono essere respinti con fermezza.<\/p>\n\n\n\n<p>Il Primo Ministro italiano Giorgia Meloni ha espresso &#8220;piena solidariet\u00e0&#8221; a Trump, sottolineando che non si deve permettere all&#8217;odio politico di avvelenare il discorso democratico.<\/p>\n\n\n\n<p>Il Presidente francese Emmanuel Macron ha definito l&#8217;attacco inaccettabile, ribadendo che la violenza non ha posto nella democrazia. Sentimenti simili sono stati ripresi da Ursula von der Leyen e Ant\u00f3nio Costa, che hanno entrambi condannato l&#8217;incidente e si sono rallegrati che i partecipanti siano rimasti al sicuro.<\/p>\n\n\n\n<h2 class=\"wp-block-heading\">Sicurezza rafforzata in vista della visita reale<\/h2>\n\n\n\n<p>Sulla scia dell&#8217;incidente, i preparativi di sicurezza per l&#8217;imminente visita a Washington del Re Carlo III e della Regina Camilla sono stati rafforzati. Secondo quanto riferito, i servizi di sicurezza britannici e statunitensi stanno lavorando a stretto contatto per garantire che la visita si svolga in sicurezza.<\/p>\n\n\n\n<h2 class=\"wp-block-heading\">Indagine in corso<\/h2>\n\n\n\n<p>Secondo <a href=\"https:\/\/index.hu\/kulfold\/2026\/04\/26\/orban-viktor-donald-trump-merenyletkiserlet-tudositok-vacsoraja-washington\/\" target=\"_blank\" rel=\"noopener\">Index<\/a>, Trump ha poi affrontato l&#8217;incidente in una conferenza stampa alla Casa Bianca, confermando di aver parlato con il sindaco di Washington e che le forze dell&#8217;ordine locali sono attivamente coinvolte nelle indagini.<\/p>\n\n\n\n<p>Il<a href=\"https:\/\/truthsocial.com\/@realDonaldTrump\/posts\/116468650367386223\" target=\"_blank\" rel=\"noopener\">video<\/a> condiviso sui social media sembra mostrare gli agenti dei Servizi Segreti che affrontano il sospetto durante il caos.<\/p>\n\n\n\n<iframe src=\"https:\/\/truthsocial.com\/@realDonaldTrump\/116468650367386223\/embed\" class=\"truthsocial-embed truthsocial-video\" style=\"max-width: 100%; border: 0\" width=\"600\" allowfullscreen=\"allowfullscreen\"><\/iframe><script src=\"https:\/\/truthsocial.com\/embed.js\" async=\"async\"><\/script>\n","protected":false},"excerpt":{"rendered":"<p>Un uomo armato ha interrotto l&#8217;annuale Cena dei Corrispondenti della Casa Bianca a Washington sabato scorso, in quello che le autorit\u00e0 stanno trattando come un tentativo di attacco a Donald Trump. Secondo Telex, il sospetto ha aperto il fuoco durante l&#8217;evento, colpendo un agente dei Servizi Segreti. L&#8217;agente \u00e8 sopravvissuto grazie a un giubbotto antiproiettile, [&hellip;]<\/p>\n","protected":false},"author":62,"featured_media":789583,"comment_status":"open","ping_status":"open","sticky":false,"template":"","format":"standard","meta":{"_display_image":"yes","footnotes":""},"categories":[1197],"tags":[2528,2495,2557,1111,1069,1083],"class_list":["post-789582","post","type-post","status-publish","format-standard","has-post-thumbnail","hentry","category-mondo","tag-categoria-crimine","tag-categoria-notizie-globali","tag-categoria-vita-in-ungheria","tag-stati-uniti","tag-ungheria","tag-viktor-orban"],"blocksy_meta":[],"author_username":"hmercedesz","telegram_post":"","public_post_metadata":{"breaking_news":"yes","important":"no","csempe":"yes","center_tile":"no","disable_thumbnail":"no","target_lang":"","_featured_image_style":"default","telegram_post":"","_xlat_group_id":"de952af4-1833-4314-a623-f0f43ada0af9"},"public_rank_math_data":{"title":"%title% %sep% %sitename%","description":"","focus_keyword":"Trump","canonical_url":"","robots":"","primary_category":"1197","breadcrumb_title":"","facebook_title":"","facebook_description":"","facebook_image":"","facebook_image_id":"","twitter_title":"","twitter_description":"","twitter_image":"","twitter_image_id":"","twitter_card_type":"","twitter_use_facebook":"","advanced_robots":"","pillar_content":"","seo_score":"81","contentai_score":"","rich_snippet":""},"_links":{"self":[{"href":"https:\/\/dailynewshungary.com\/it\/wp-json\/wp\/v2\/posts\/789582","targetHints":{"allow":["GET"]}}],"collection":[{"href":"https:\/\/dailynewshungary.com\/it\/wp-json\/wp\/v2\/posts"}],"about":[{"href":"https:\/\/dailynewshungary.com\/it\/wp-json\/wp\/v2\/types\/post"}],"author":[{"embeddable":true,"href":"https:\/\/dailynewshungary.com\/it\/wp-json\/wp\/v2\/users\/62"}],"replies":[{"embeddable":true,"href":"https:\/\/dailynewshungary.com\/it\/wp-json\/wp\/v2\/comments?post=789582"}],"version-history":[{"count":0,"href":"https:\/\/dailynewshungary.com\/it\/wp-json\/wp\/v2\/posts\/789582\/revisions"}],"wp:featuredmedia":[{"embeddable":true,"href":"https:\/\/dailynewshungary.com\/it\/wp-json\/wp\/v2\/media\/789583"}],"wp:attachment":[{"href":"https:\/\/dailynewshungary.com\/it\/wp-json\/wp\/v2\/media?parent=789582"}],"wp:term":[{"taxonomy":"category","embeddable":true,"href":"https:\/\/dailynewshungary.com\/it\/wp-json\/wp\/v2\/categories?post=789582"},{"taxonomy":"post_tag","embeddable":true,"href":"https:\/\/dailynewshungary.com\/it\/wp-json\/wp\/v2\/tags?post=789582"}],"curies":[{"name":"wp","href":"https:\/\/api.w.org\/{rel}","templated":true}]}}