{"id":789584,"date":"2026-04-26T14:14:00","date_gmt":"2026-04-26T12:14:00","guid":{"rendered":"https:\/\/dailynewshungary.com\/it\/18-ex-detenuto-ungherese-racconta-anni-di-abusi-sessuali-allinterno-della-casa-di-correzione-statale-e-indica-un-potente-politico\/"},"modified":"2026-04-26T14:14:00","modified_gmt":"2026-04-26T12:14:00","slug":"18-ex-detenuto-ungherese-racconta-anni-di-abusi-sessuali-allinterno-della-casa-di-correzione-statale-e-indica-un-potente-politico","status":"publish","type":"post","link":"https:\/\/dailynewshungary.com\/it\/18-ex-detenuto-ungherese-racconta-anni-di-abusi-sessuali-allinterno-della-casa-di-correzione-statale-e-indica-un-potente-politico\/","title":{"rendered":"18+: Ex detenuto ungherese racconta anni di abusi sessuali all\u2019interno della casa di correzione statale e indica un potente politico"},"content":{"rendered":"<p><strong>S\u00e1ndor Bang\u00f3, ora 20enne, ha rotto il suo silenzio sugli abusi subiti da adolescente nell&#8217;Istituto Correzionale di Sz\u0151l\u0151 Street a Budapest, descrivendo con dettagli grafici come l&#8217;ex direttore, P\u00e9ter P\u00e1l Juh\u00e1sz, avrebbe usato la sua posizione per costringerlo a ripetuti atti sessuali. Ex residente del sistema di assistenza all&#8217;infanzia, S\u00e1ndor dice di essere stato abusato sessualmente per la prima volta all&#8217;et\u00e0 di sei anni e successivamente in case per bambini, esperienze che, secondo lui, lo hanno fatto sentire indifeso quando Juh\u00e1sz ha iniziato a sfruttarlo nell&#8217;istituto.<\/strong><\/p>\n\n\n\n<p>S\u00e1ndor <a href=\"https:\/\/kontroll.hu\/cikk\/belfold\/2026\/04\/24\/megdoebbento-vallomast-tett-a-kontrollnak-zsolti-bacsi-aldozata-1\" target=\"_blank\" rel=\"noopener\">ha spiegato a Kontroll<\/a> che gli furono prescritti dei farmaci che lo lasciarono &#8220;stordito&#8221; durante questi incontri, anche se sottolinea che era ancora consapevole di ci\u00f2 che stava accadendo. Racconta che gli abusi avvenivano nell&#8217;ufficio di Juh\u00e1sz, in una stanza separata con un letto matrimoniale e nell&#8217;auto del direttore, e che Juh\u00e1sz gli ha ripetutamente promesso un rilascio anticipato in cambio del suo rispetto.<\/p>\n\n\n\n<figure class=\"wp-block-embed is-type-video is-provider-youtube wp-block-embed-youtube wp-embed-aspect-16-9 wp-has-aspect-ratio\"><div class=\"wp-block-embed__wrapper\">\nhttps:\/\/www.youtube.com\/watch?v=73cykWAjq6o<\/div><\/figure>\n\n\n\n<h2 class=\"wp-block-heading\" id=\"the-figure-known-as-zsolti-bcsi\">La figura nota come &#8220;zio Zsolti&#8221;<\/h2>\n\n\n\n<p>Nella stessa <a href=\"https:\/\/www.youtube.com\/watch?v=73cykWAjq6o\" target=\"_blank\" rel=\"noopener\">intervista a Kontroll<\/a>, S\u00e1ndor afferma che era coinvolto un altro uomo, di cui il media dice di conoscere l&#8217;identit\u00e0, ma che non pu\u00f2 rivelare pubblicamente per motivi di privacy. Descrive di essere stato portato da Juh\u00e1sz in una stanza buia, dove ha avuto rapporti sessuali con un uomo pi\u00f9 anziano che non poteva vedere; ha visto il volto dell&#8217;uomo solo dopo, quando l&#8217;uomo si \u00e8 vestito e ha acceso la luce. S\u00e1ndor aggiunge di non aver riconosciuto l&#8217;uomo in quel momento, spiegando che a 14 anni non seguiva la politica e non aveva mai sentito parlare di colui che oggi \u00e8 ampiamente soprannominato &#8220;zio Zsolti&#8221; nel discorso pubblico ungherese.<a href=\"https:\/\/www.youtube.com\/watch?v=73cykWAjq6o\" target=\"_blank\" rel=\"noreferrer noopener\"><\/a><\/p>\n\n\n\n<p>Il programma Kontroll ha poi dichiarato che chiunque sia a conoscenza di episodi simili dovrebbe seguire l&#8217;esempio di S\u00e1ndor e denunciarli ai pubblici ministeri. <\/p>\n\n\n\n<iframe loading=\"lazy\" src=\"https:\/\/www.facebook.com\/plugins\/post.php?href=https%3A%2F%2Fwww.facebook.com%2FJuhi.JuhaszPeter%2Fposts%2Fpfbid0nvjgJwkL8q1Fr6T4eodmFK7hnaDU17Vdjx3KxAG5g354ZZURedBeyz2txmicyaVil&#038;show_text=true&#038;width=500\" width=\"500\" height=\"722\" style=\"border:none;overflow:hidden\" scrolling=\"no\" frameborder=\"0\" allowfullscreen=\"true\" allow=\"autoplay; clipboard-write; encrypted-media; picture-in-picture; web-share\"><\/iframe>\n\n\n\n<h2 class=\"wp-block-heading\">Uno scandalo istituzionale pi\u00f9 ampio<\/h2>\n\n\n\n<p>Il caso di Sz\u0151l\u0151 Street <a href=\"https:\/\/dailynewshungary.com\/it\/politici-ungheresi-coinvolti-nello-scandalo-dei-pedofili-di-szolo-street-ecco-cosa-si-sa-finora\/\/\">\u00e8 scoppiato nell&#8217;autunno del 2025<\/a> come uno dei pi\u00f9 gravi scandali politici e di protezione dell&#8217;infanzia in Ungheria, dopo che sono emerse prove che i bambini dell&#8217;istituto venivano sistematicamente abusati fisicamente e sessualmente per anni. Juh\u00e1sz, divenuto direttore in seguito alle note voci di relazioni inappropriate con ragazze minorenni, \u00e8 stato arrestato nel maggio 2025 con l&#8217;accusa di traffico di esseri umani e prostituzione forzata, accuse che hanno scatenato un&#8217;ondata di testimonianze di ex detenuti.<a href=\"https:\/\/kekvillogo.hu\/zsolti-bacsi-ott-volt-akit-igy-ismernek-most-ez-egy-politikus-szemely-volt-megszolalt-a-szolo-utcai-javitointezet-igazgatoja-elleni-eljaras-koronatanuja\/\" target=\"_blank\" rel=\"noreferrer noopener\"><\/a><a href=\"https:\/\/www.youtube.com\/watch?v=73cykWAjq6o\" target=\"_blank\" rel=\"noreferrer noopener\"><\/a><a href=\"https:\/\/kontroll.hu\/cikk\/belfold\/2026\/04\/24\/megdoebbento-vallomast-tett-a-kontrollnak-zsolti-bacsi-aldozata-1\" target=\"_blank\" rel=\"noreferrer noopener\"><\/a><\/p>\n\n\n\n<p>In seguito, gli investigatori hanno esteso il caso alla sua precedente leadership presso l&#8217;Istituto Correzionale di Budapest, e anche diversi altri dirigenti di Sz\u0151l\u0151 Street sono stati arrestati. Il Governo, sotto pressione, ha dapprima posto l&#8217;istituto sotto la supervisione del servizio carcerario e successivamente lo ha chiuso, trasferendo i giovani in una nuova sezione del complesso carcerario di T\u00f6k\u00f6l.<\/p>\n\n\n\n<ul class=\"wp-block-list\">\n<li><a href=\"https:\/\/dailynewshungary.com\/it\/politici-ungheresi-coinvolti-nello-scandalo-dei-pedofili-di-szolo-street-ecco-cosa-si-sa-finora\/\/\"><strong>Politici ungheresi coinvolti nello scandalo pedofilia di Sz\u0151l\u0151 Street: ecco cosa si sa finora<\/strong><\/a><\/li>\n<\/ul>\n\n\n\n<h2 class=\"wp-block-heading\" id=\"the-kdnps-denial-and-political-fallout\">La smentita del KDNP e le ricadute politiche<\/h2>\n\n\n\n<p>Il riferimento allo &#8220;zio Zsolti&#8221; ha attirato una brusca risposta politica da parte del Partito Popolare Cristiano Democratico (KDNP), il cui portavoce, L\u0151rinc Nacsa, ha <a href=\"https:\/\/www.facebook.com\/kdnphu\/posts\/pfbid08F1r2NMid4x3fxupF3bsDo4zepaWbAVUTsL4ZeSqoXuvsmiSq7DdRF5bh9WTZWAyl\" target=\"_blank\" rel=\"noopener\">liquidato il<\/a> racconto di S\u00e1ndor come una &#8220;completa montatura&#8221; e ha annunciato che il partito intraprender\u00e0 un&#8217;azione legale (anche se nessuno, n\u00e9 S\u00e1ndor n\u00e9 il giornalista, ha menzionato nulla che avesse a che fare con il KDNP).<\/p>\n\n\n\n<figure class=\"wp-block-image aligncenter size-large\"><img decoding=\"async\" src=\"https:\/\/dailynewshungary.b-cdn.net\/wp-content\/uploads\/2025\/09\/Deputy-PM-Semjen-fair-peace-in-Ukraine-1280x853.jpg\" alt=\"Deputy PM Semj\u00e9n fair peace in Ukraine\" class=\"wp-image-671375\"\/><figcaption class=\"wp-element-caption\">Foto: <a href=\"https:\/\/www.facebook.com\/photo.php?fbid=1318877779609337&amp;set=pb.100044613811394.-2207520000&amp;type=3\" target=\"_blank\" rel=\"noopener\">Facebook\/Semj\u00e9n Zsolt<\/a><\/figcaption><\/figure>\n\n<p>Il leader del KDNP, Zsolt Semj\u00e9n, ha accusato in precedenza i critici di aver intrapreso una &#8220;orchestrazione di un&#8217;aggressione caratteriale&#8221; contro di lui, quando in parlamento gli \u00e8 stato chiesto chi potesse essere lo &#8220;zio Zsolti&#8221;, paragonando gli attacchi a una &#8220;diffamazione di sangue&#8221;.<\/p>\n\n\n\n<pre class=\"wp-block-verse has-text-align-center has-juicy-peach-gradient-background has-background\"><strong>Se se l'\u00e8 perso: <a href=\"https:\/\/dailynewshungary.com\/it\/i-bambini-affidati-allo-stato-ungherese-vengono-portati-alle-orge-dei-politici-ex-responsabile-della-protezione-dellinfanzia\/\/\">Bambini affidati allo Stato ungherese portati alle orge dei politici: Ex responsabile della protezione dell'infanzia<\/a><\/strong><\/pre>","protected":false},"excerpt":{"rendered":"<p>S\u00e1ndor Bang\u00f3, ora 20enne, ha rotto il suo silenzio sugli abusi subiti da adolescente nell&#8217;Istituto Correzionale di Sz\u0151l\u0151 Street a Budapest, descrivendo con dettagli grafici come l&#8217;ex direttore, P\u00e9ter P\u00e1l Juh\u00e1sz, avrebbe usato la sua posizione per costringerlo a ripetuti atti sessuali. Ex residente del sistema di assistenza all&#8217;infanzia, S\u00e1ndor dice di essere stato abusato [&hellip;]<\/p>\n","protected":false},"author":62,"featured_media":789585,"comment_status":"open","ping_status":"open","sticky":false,"template":"","format":"standard","meta":{"_display_image":"yes","footnotes":""},"categories":[2443],"tags":[1627,1385,2528,1069],"class_list":["post-789584","post","type-post","status-publish","format-standard","has-post-thumbnail","hentry","category-life","tag-abuso","tag-bambini","tag-categoria-crimine","tag-ungheria"],"blocksy_meta":[],"author_username":"hmercedesz","telegram_post":"","public_post_metadata":{"breaking_news":"yes","important":"no","csempe":"yes","center_tile":"no","disable_thumbnail":"no","target_lang":"","_featured_image_style":"default","telegram_post":"","_xlat_group_id":"2af5968d-5128-48cb-b363-295b254d737f"},"public_rank_math_data":{"title":"%title% %sep% %sitename%","description":"","focus_keyword":"abusi","canonical_url":"","robots":"","primary_category":"2443","breadcrumb_title":"","facebook_title":"","facebook_description":"","facebook_image":"","facebook_image_id":"","twitter_title":"","twitter_description":"","twitter_image":"","twitter_image_id":"","twitter_card_type":"","twitter_use_facebook":"","advanced_robots":"","pillar_content":"","seo_score":"80","contentai_score":"","rich_snippet":""},"_links":{"self":[{"href":"https:\/\/dailynewshungary.com\/it\/wp-json\/wp\/v2\/posts\/789584","targetHints":{"allow":["GET"]}}],"collection":[{"href":"https:\/\/dailynewshungary.com\/it\/wp-json\/wp\/v2\/posts"}],"about":[{"href":"https:\/\/dailynewshungary.com\/it\/wp-json\/wp\/v2\/types\/post"}],"author":[{"embeddable":true,"href":"https:\/\/dailynewshungary.com\/it\/wp-json\/wp\/v2\/users\/62"}],"replies":[{"embeddable":true,"href":"https:\/\/dailynewshungary.com\/it\/wp-json\/wp\/v2\/comments?post=789584"}],"version-history":[{"count":0,"href":"https:\/\/dailynewshungary.com\/it\/wp-json\/wp\/v2\/posts\/789584\/revisions"}],"wp:featuredmedia":[{"embeddable":true,"href":"https:\/\/dailynewshungary.com\/it\/wp-json\/wp\/v2\/media\/789585"}],"wp:attachment":[{"href":"https:\/\/dailynewshungary.com\/it\/wp-json\/wp\/v2\/media?parent=789584"}],"wp:term":[{"taxonomy":"category","embeddable":true,"href":"https:\/\/dailynewshungary.com\/it\/wp-json\/wp\/v2\/categories?post=789584"},{"taxonomy":"post_tag","embeddable":true,"href":"https:\/\/dailynewshungary.com\/it\/wp-json\/wp\/v2\/tags?post=789584"}],"curies":[{"name":"wp","href":"https:\/\/api.w.org\/{rel}","templated":true}]}}