{"id":789600,"date":"2026-04-27T08:54:00","date_gmt":"2026-04-27T06:54:00","guid":{"rendered":"https:\/\/dailynewshungary.com\/it\/il-quotidiano-filogovernativo-ha-ordinato-di-scusarsi-con-il-premier-entrante-magyar-per-gli-insulti-insetti\/"},"modified":"2026-04-27T08:54:00","modified_gmt":"2026-04-27T06:54:00","slug":"il-quotidiano-filogovernativo-ha-ordinato-di-scusarsi-con-il-premier-entrante-magyar-per-gli-insulti-insetti","status":"publish","type":"post","link":"https:\/\/dailynewshungary.com\/it\/il-quotidiano-filogovernativo-ha-ordinato-di-scusarsi-con-il-premier-entrante-magyar-per-gli-insulti-insetti\/","title":{"rendered":"Il quotidiano filogovernativo ha ordinato di scusarsi con il premier entrante Magyar per gli insulti \u201cinsetti\u201d"},"content":{"rendered":"<p><strong>Un tribunale ungherese ha ordinato al quotidiano filogovernativo Magyar Nemzet di scusarsi con il Primo Ministro designato P\u00e9ter Magyar e di astenersi dall&#8217;utilizzare un linguaggio disumanizzante nei suoi confronti.<\/strong><\/p>\n\n\n\n<h2 class=\"wp-block-heading\">Il tribunale ha riscontrato una violazione della dignit\u00e0 e della reputazione<\/h2>\n\n\n\n<p>La sentenza ha stabilito che <a href=\"https:\/\/magyarnemzet.hu\/\" target=\"_blank\" rel=\"noopener\">Magyar Nemzet<\/a> ha violato i diritti personali di P\u00e9ter Magyar raffigurandolo ripetutamente come un insetto in articoli e illustrazioni pubblicati nel marzo 2025.<\/p>\n\n\n\n<p>Secondo il tribunale, la copertura ha violato il suo diritto alla dignit\u00e0 umana e alla protezione della reputazione. Di conseguenza, al giornale \u00e8 stato vietato di ripetere dichiarazioni o immagini simili in futuro.<\/p>\n\n\n\n<p>Alla pubblicazione \u00e8 stato anche richiesto di presentare <a href=\"https:\/\/magyarnemzet.hu\/belfold\/2026\/04\/kozlemeny-a-magyar-petert-poloskanak-nevezo-irasunk-miatt\" target=\"_blank\" rel=\"noopener\">scuse formali<\/a> e di esporle in modo visibile sul suo sito web per 24 ore:<\/p>\n\n\n\n<figure class=\"wp-block-image aligncenter size-full\"><img decoding=\"async\" src=\"https:\/\/dailynewshungary.b-cdn.net\/wp-content\/uploads\/2026\/04\/magyar-nemzet-poloska-peter-magyar-apology.webp\" alt=\"magyar nemzet poloska insect p\u00e9ter magyar apology\" class=\"wp-image-695482\"\/><figcaption class=\"wp-element-caption\">Schermata: <a href=\"https:\/\/magyarnemzet.hu\/belfold\/2026\/04\/kozlemeny-a-magyar-petert-poloskanak-nevezo-irasunk-miatt\" target=\"_blank\" rel=\"noopener\">Magyar Nemzet<\/a><\/figcaption><\/figure>\n\n<h2 class=\"wp-block-heading\">Scuse in seguito all&#8217;ordine del tribunale<\/h2>\n\n\n\n<p>In una dichiarazione pubblicata sulle sue piattaforme, Magyar Nemzet ha espresso il suo rammarico per i contenuti che facevano riferimento al nuovo premier utilizzando un linguaggio e immagini sprezzanti.<\/p>\n\n\n\n<p>Le scuse hanno riconosciuto che l&#8217;outlet ha descritto il premier utilizzando termini offensivi e ha pubblicato illustrazioni che lo ritraggono come un insetto, cosa che il tribunale ha giudicato illegale.<\/p>\n\n\n\n<p>Il giornale ha dichiarato che in futuro si asterr\u00e0 dal fare riferimento a Magyar &#8220;in qualsiasi contesto&#8221; con tali termini o dal raffigurarlo in modo disumano.<\/p>\n\n\n\n<h2 class=\"wp-block-heading\">Copertura e immagini controverse<\/h2>\n\n\n\n<p>Il caso era incentrato su diversi articoli e materiali visivi pubblicati nel marzo 2025. Questi includevano titoli e immagini che ritraevano il politico come un insetto e utilizzavano un linguaggio incendiario che suggeriva di &#8220;rimuoverlo&#8221;.<\/p>\n\n\n\n<p>Il tribunale ha contestato anche le illustrazioni di accompagnamento, tra cui immagini che raffiguravano simbolicamente un danno inflitto alla figura che rappresentava Magyar.<\/p>\n\n\n\n<h2 class=\"wp-block-heading\">Contesto politico e reazione<\/h2>\n\n\n\n<p>Il linguaggio utilizzato nella copertura ha ripreso la retorica che era apparsa in precedenza nel discorso politico dell&#8217;Ungheria, comprese le dichiarazioni del Primo Ministro uscente Viktor Orb\u00e1n durante un <a href=\"https:\/\/dailynewshungary.com\/it\/il-primo-ministro-orban-ha-ordinato-al-centro-nazionale-di-informazione-di-compilare-lelenco-delle-ong-e-dei-media-finanziati-dallestero\/\/\">discorso nazionale nel 2025<\/a>.<\/p>\n\n\n\n<p>Il premier eletto ha risposto alla sentenza <a href=\"https:\/\/www.facebook.com\/photo.php?fbid=27225587440382346&amp;set=pb.100000733720126.-2207520000&amp;type=3&amp;locale=hu_HU\" target=\"_blank\" rel=\"noopener\">sui social media<\/a>, notando il contrasto tra il tono precedente della copertura e le scuse formali ora richieste dal tribunale. Ha suggerito che l&#8217;outlet potrebbe astenersi da un linguaggio simile in futuro, criticando al contempo ci\u00f2 che ha descritto come una continua disinformazione.<\/p>\n\n\n\n<iframe loading=\"lazy\" src=\"https:\/\/www.facebook.com\/plugins\/post.php?href=https%3A%2F%2Fwww.facebook.com%2Fpeter.magyar.102%2Fposts%2Fpfbid0w554NichB2HsQ8VQwPC11Q6jn9MKfZaF5tPikAPi82Aazyj5L3A7d67m3hr9LwV8l&#038;show_text=true&#038;width=500\" width=\"500\" height=\"653\" style=\"border:none;overflow:hidden\" scrolling=\"no\" frameborder=\"0\" allowfullscreen=\"true\" allow=\"autoplay; clipboard-write; encrypted-media; picture-in-picture; web-share\"><\/iframe>\n\n\n\n<pre class=\"wp-block-verse has-text-align-center has-juicy-peach-gradient-background has-background\"><strong>Se se l'\u00e8 perso: <a href=\"https:\/\/dailynewshungary.com\/it\/la-ricchezza-dellelite-ungherese-sotto-orban-viene-fatta-volare-via-da-vienna-dopo-la-sconfitta-elettorale-rapporto\/\/\">Rapporto: La ricchezza dell'\u00e9lite ungherese sotto Orb\u00e1n 'viene portata via da Vienna' dopo la sconfitta elettorale - AGGIORNAMENTO: autorit\u00e0 fiscale<\/a><\/strong><\/pre>","protected":false},"excerpt":{"rendered":"<p>Un tribunale ungherese ha ordinato al quotidiano filogovernativo Magyar Nemzet di scusarsi con il Primo Ministro designato P\u00e9ter Magyar e di astenersi dall&#8217;utilizzare un linguaggio disumanizzante nei suoi confronti. Il tribunale ha riscontrato una violazione della dignit\u00e0 e della reputazione La sentenza ha stabilito che Magyar Nemzet ha violato i diritti personali di P\u00e9ter Magyar [&hellip;]<\/p>\n","protected":false},"author":62,"featured_media":789601,"comment_status":"open","ping_status":"open","sticky":false,"template":"","format":"standard","meta":{"_display_image":"yes","footnotes":""},"categories":[2394],"tags":[2457,2504,2557,2619,2612,1069,1083],"class_list":["post-789600","post","type-post","status-publish","format-standard","has-post-thumbnail","hentry","category-crimine","tag-categoria-politica","tag-categoria-politica-ungherese","tag-categoria-vita-in-ungheria","tag-governo-orban","tag-peter-magyar","tag-ungheria","tag-viktor-orban"],"blocksy_meta":[],"author_username":"hmercedesz","telegram_post":"","public_post_metadata":{"breaking_news":"yes","important":"no","csempe":"yes","center_tile":"no","disable_thumbnail":"no","target_lang":"","_featured_image_style":"default","telegram_post":"","_xlat_group_id":"9cd399ff-d2cb-4a06-a1d3-99983c122803"},"public_rank_math_data":{"title":"%title% %sep% %sitename%","description":"","focus_keyword":"magyar","canonical_url":"","robots":"","primary_category":"2394","breadcrumb_title":"","facebook_title":"","facebook_description":"","facebook_image":"","facebook_image_id":"","twitter_title":"","twitter_description":"","twitter_image":"","twitter_image_id":"","twitter_card_type":"","twitter_use_facebook":"","advanced_robots":"","pillar_content":"","seo_score":"79","contentai_score":"","rich_snippet":""},"_links":{"self":[{"href":"https:\/\/dailynewshungary.com\/it\/wp-json\/wp\/v2\/posts\/789600","targetHints":{"allow":["GET"]}}],"collection":[{"href":"https:\/\/dailynewshungary.com\/it\/wp-json\/wp\/v2\/posts"}],"about":[{"href":"https:\/\/dailynewshungary.com\/it\/wp-json\/wp\/v2\/types\/post"}],"author":[{"embeddable":true,"href":"https:\/\/dailynewshungary.com\/it\/wp-json\/wp\/v2\/users\/62"}],"replies":[{"embeddable":true,"href":"https:\/\/dailynewshungary.com\/it\/wp-json\/wp\/v2\/comments?post=789600"}],"version-history":[{"count":0,"href":"https:\/\/dailynewshungary.com\/it\/wp-json\/wp\/v2\/posts\/789600\/revisions"}],"wp:featuredmedia":[{"embeddable":true,"href":"https:\/\/dailynewshungary.com\/it\/wp-json\/wp\/v2\/media\/789601"}],"wp:attachment":[{"href":"https:\/\/dailynewshungary.com\/it\/wp-json\/wp\/v2\/media?parent=789600"}],"wp:term":[{"taxonomy":"category","embeddable":true,"href":"https:\/\/dailynewshungary.com\/it\/wp-json\/wp\/v2\/categories?post=789600"},{"taxonomy":"post_tag","embeddable":true,"href":"https:\/\/dailynewshungary.com\/it\/wp-json\/wp\/v2\/tags?post=789600"}],"curies":[{"name":"wp","href":"https:\/\/api.w.org\/{rel}","templated":true}]}}