{"id":789602,"date":"2026-04-27T10:14:00","date_gmt":"2026-04-27T08:14:00","guid":{"rendered":"https:\/\/dailynewshungary.com\/it\/leuroparlamentare-di-fidesz-la-madre-di-peter-magyar-ha-presentato-una-denuncia-per-diffamazione-contro-di-me\/"},"modified":"2026-04-27T10:14:00","modified_gmt":"2026-04-27T08:14:00","slug":"leuroparlamentare-di-fidesz-la-madre-di-peter-magyar-ha-presentato-una-denuncia-per-diffamazione-contro-di-me","status":"publish","type":"post","link":"https:\/\/dailynewshungary.com\/it\/leuroparlamentare-di-fidesz-la-madre-di-peter-magyar-ha-presentato-una-denuncia-per-diffamazione-contro-di-me\/","title":{"rendered":"L\u2019europarlamentare di Fidesz: la madre di P\u00e9ter Magyar ha presentato una denuncia per diffamazione contro di me"},"content":{"rendered":"<p><strong>L&#8217;eurodeputato di Fidesz Tam\u00e1s Deutsch ha dichiarato che la madre del Primo Ministro designato P\u00e9ter Magyar ha presentato una denuncia per diffamazione contro di lui, in una controversia legata a rivendicazioni sull&#8217;imparzialit\u00e0 giudiziaria.<\/strong><\/p>\n\n\n\n<h2 class=\"wp-block-heading\">Deutsch conferma la denuncia per dichiarazioni pubbliche<\/h2>\n\n\n\n<p>Tam\u00e1s Deutsch ha annunciato <a href=\"https:\/\/www.facebook.com\/dajcstomi\/posts\/pfbid02DDz3TQVDf3RM5DyEf8KkGycw55f9F1PSpY3z9eNa3bipZKxsijX7D6NB7SG9L2Ayl\" target=\"_blank\" rel=\"noopener\">sui social media<\/a> che M\u00f3nika Er\u0151ss, la madre di P\u00e9ter Magyar, ha presentato una denuncia per diffamazione.<\/p>\n\n\n\n<p>Secondo Deutsch, la denuncia si riferisce alle dichiarazioni da lui rilasciate pubblicamente in merito alle affermazioni secondo cui un giudice coinvolto in un caso di alto profilo mediatico avrebbe legami con il Partito Tisza.<\/p>\n\n\n\n<p>Ha detto che le sue osservazioni si basavano su rapporti provenienti da un post anonimo sui social media, che sosteneva che i dati legati al giudice erano apparsi tra le <a href=\"https:\/\/dailynewshungary.com\/it\/la-casa-turistica-ungherese-dellanno-ci-aspetta-con-un-panorama-mozzafiato-foto\/\/\">informazioni trapelate<\/a> da un&#8217;applicazione legata al partito.<\/p>\n\n\n\n<h2 class=\"wp-block-heading\">La controversia \u00e8 incentrata sulla controversa sentenza del tribunale<\/h2>\n\n\n\n<p>Il caso \u00e8 legato a una decisione del tribunale del dicembre 2025 che ha <a href=\"https:\/\/444.hu\/2025\/12\/19\/magyar-peter-a-torvenyszek-megtiltotta-a-bors-tiszas-kulonszamanak-terjeszteset\" target=\"_blank\" rel=\"noopener\">vietato la distribuzione<\/a> di un numero speciale del giornale Bors, che si era concentrato sulle presunte politiche economiche del Partito Tisza.<\/p>\n\n\n\n<p>La sentenza \u00e8 stata descritta da alcune figure filogovernative come senza precedenti. Deutsch ha sostenuto che il giudice coinvolto aveva mostrato pregiudizi politici, un&#8217;affermazione che non \u00e8 stata verificata in modo indipendente.<\/p>\n\n\n\n<p>Nella sua dichiarazione, Deutsch ha anche fatto riferimento al background familiare di Magyar, notando che sua madre aveva precedentemente ricoperto posizioni di rilievo all&#8217;interno del sistema giudiziario.<\/p>\n\n\n\n<figure class=\"wp-block-image aligncenter size-full\"><img loading=\"lazy\" decoding=\"async\" width=\"1024\" height=\"683\" src=\"https:\/\/dailynewshungary.b-cdn.net\/wp-content\/uploads\/2023\/09\/Tamas-Deutsch-Copy.jpg\" alt=\"Hungarian MEP Tam\u00e1s Deutsch fidesz tisza\" class=\"wp-image-571714\" srcset=\"https:\/\/contentf5.dailynewshungary.com\/wp-content\/uploads\/2023\/09\/Tamas-Deutsch-Copy.jpg 1024w, https:\/\/contentf5.dailynewshungary.com\/wp-content\/uploads\/2023\/09\/Tamas-Deutsch-Copy-768x512.jpg 768w, https:\/\/contentf5.dailynewshungary.com\/wp-content\/uploads\/2023\/09\/Tamas-Deutsch-Copy-333x222.jpg 333w, https:\/\/contentf5.dailynewshungary.com\/wp-content\/uploads\/2023\/09\/Tamas-Deutsch-Copy-248x165.jpg 248w, https:\/\/contentf5.dailynewshungary.com\/wp-content\/uploads\/2023\/09\/Tamas-Deutsch-Copy-112x75.jpg 112w, https:\/\/contentf5.dailynewshungary.com\/wp-content\/uploads\/2023\/09\/Tamas-Deutsch-Copy-480x320.jpg 480w\" sizes=\"auto, (max-width: 1024px) 100vw, 1024px\" \/><figcaption class=\"wp-element-caption\">Foto: <a href=\"https:\/\/www.facebook.com\/photo.php?fbid=588313860087856&amp;set=pb.100067277402262.-2207520000&amp;type=3\" target=\"_blank\" rel=\"noopener\">Facebook\/Deutsch Tam\u00e1s<\/a><\/figcaption><\/figure>\n\n<h2 class=\"wp-block-heading\">Forte retorica e risposta legale<\/h2>\n\n\n\n<p>Deutsch ha difeso i suoi commenti come fattuali e ha detto che non si sarebbe avvalso dell&#8217;immunit\u00e0 parlamentare, aggiungendo che sarebbe comparso in tribunale se richiesto.<\/p>\n\n\n\n<p>Rivolgendosi direttamente alla madre di Magyar, ha scritto che &#8220;minacciare un avvocato con una causa \u00e8 come minacciare uno chef con la cucina&#8221;, segnalando la sua intenzione di contestare il caso.<\/p>\n\n\n\n<p>Ha anche criticato quelli che ha descritto come tentativi di metterlo a tacere, facendo un parallelo con le epoche politiche passate.<\/p>\n\n\n\n<pre class=\"wp-block-verse has-text-align-center has-juicy-peach-gradient-background has-background\"><strong>Se se l'\u00e8 perso: <a href=\"https:\/\/dailynewshungary.com\/it\/la-ricchezza-dellelite-ungherese-sotto-orban-viene-fatta-volare-via-da-vienna-dopo-la-sconfitta-elettorale-rapporto\/\/\">Rapporto: La ricchezza dell'\u00e9lite ungherese sotto Orb\u00e1n 'viene portata via da Vienna' dopo la sconfitta elettorale - AGGIORNAMENTO: autorit\u00e0 fiscale<\/a><\/strong><\/pre>","protected":false},"excerpt":{"rendered":"<p>L&#8217;eurodeputato di Fidesz Tam\u00e1s Deutsch ha dichiarato che la madre del Primo Ministro designato P\u00e9ter Magyar ha presentato una denuncia per diffamazione contro di lui, in una controversia legata a rivendicazioni sull&#8217;imparzialit\u00e0 giudiziaria. Deutsch conferma la denuncia per dichiarazioni pubbliche Tam\u00e1s Deutsch ha annunciato sui social media che M\u00f3nika Er\u0151ss, la madre di P\u00e9ter Magyar, [&hellip;]<\/p>\n","protected":false},"author":62,"featured_media":789603,"comment_status":"open","ping_status":"open","sticky":false,"template":"","format":"standard","meta":{"_display_image":"yes","footnotes":""},"categories":[2392],"tags":[2457,1078,2621,2612,1080],"class_list":["post-789602","post","type-post","status-publish","format-standard","has-post-thumbnail","hentry","category-ungherese","tag-categoria-politica","tag-fidesz","tag-governo-orbano","tag-peter-magyar","tag-ungherese"],"blocksy_meta":[],"author_username":"hmercedesz","telegram_post":"","public_post_metadata":{"breaking_news":"yes","important":"no","csempe":"yes","center_tile":"no","disable_thumbnail":"no","target_lang":"","_featured_image_style":"default","telegram_post":"","_xlat_group_id":"08e245ea-95df-418f-97e7-f66f4f1aa9ac"},"public_rank_math_data":{"title":"%title% %sep% %sitename%","description":"","focus_keyword":"magyar","canonical_url":"","robots":"","primary_category":"2392","breadcrumb_title":"","facebook_title":"","facebook_description":"","facebook_image":"","facebook_image_id":"","twitter_title":"","twitter_description":"","twitter_image":"","twitter_image_id":"","twitter_card_type":"","twitter_use_facebook":"","advanced_robots":"","pillar_content":"","seo_score":"81","contentai_score":"","rich_snippet":""},"_links":{"self":[{"href":"https:\/\/dailynewshungary.com\/it\/wp-json\/wp\/v2\/posts\/789602","targetHints":{"allow":["GET"]}}],"collection":[{"href":"https:\/\/dailynewshungary.com\/it\/wp-json\/wp\/v2\/posts"}],"about":[{"href":"https:\/\/dailynewshungary.com\/it\/wp-json\/wp\/v2\/types\/post"}],"author":[{"embeddable":true,"href":"https:\/\/dailynewshungary.com\/it\/wp-json\/wp\/v2\/users\/62"}],"replies":[{"embeddable":true,"href":"https:\/\/dailynewshungary.com\/it\/wp-json\/wp\/v2\/comments?post=789602"}],"version-history":[{"count":0,"href":"https:\/\/dailynewshungary.com\/it\/wp-json\/wp\/v2\/posts\/789602\/revisions"}],"wp:featuredmedia":[{"embeddable":true,"href":"https:\/\/dailynewshungary.com\/it\/wp-json\/wp\/v2\/media\/789603"}],"wp:attachment":[{"href":"https:\/\/dailynewshungary.com\/it\/wp-json\/wp\/v2\/media?parent=789602"}],"wp:term":[{"taxonomy":"category","embeddable":true,"href":"https:\/\/dailynewshungary.com\/it\/wp-json\/wp\/v2\/categories?post=789602"},{"taxonomy":"post_tag","embeddable":true,"href":"https:\/\/dailynewshungary.com\/it\/wp-json\/wp\/v2\/tags?post=789602"}],"curies":[{"name":"wp","href":"https:\/\/api.w.org\/{rel}","templated":true}]}}