{"id":789604,"date":"2026-04-27T11:34:00","date_gmt":"2026-04-27T09:34:00","guid":{"rendered":"https:\/\/dailynewshungary.com\/it\/lex-capo-dellorganizzazione-fidesz-e-stato-arrestato-allaeroporto-di-budapest\/"},"modified":"2026-04-27T11:34:00","modified_gmt":"2026-04-27T09:34:00","slug":"lex-capo-dellorganizzazione-fidesz-e-stato-arrestato-allaeroporto-di-budapest","status":"publish","type":"post","link":"https:\/\/dailynewshungary.com\/it\/lex-capo-dellorganizzazione-fidesz-e-stato-arrestato-allaeroporto-di-budapest\/","title":{"rendered":"L\u2019ex capo dell\u2019organizzazione Fidesz \u00e8 stato arrestato all\u2019aeroporto di Budapest"},"content":{"rendered":"<p><strong>L&#8217;ex capo dell&#8217;organizzazione di Szeged del partito Fidesz \u00e8 stato preso in custodia all&#8217;aeroporto di Budapest venerd\u00ec sera dopo essere tornato dall&#8217;Egitto, secondo le informazioni confermate dall&#8217;Amministrazione Nazionale delle Tasse e delle Dogane (NAV) a RTL.<\/strong><\/p>\n\n\n\n<p>L&#8217;uomo si \u00e8 dimesso dalla sua posizione sabato, dopo aver appreso che era stato emesso un mandato di arresto nei suoi confronti, ha <a href=\"https:\/\/rtl.hu\/hirado\/2026\/04\/26\/rtl-a-repteren-fogtak-el-a-fidesz-nemreg-lemondott-szegedi-elnoket\" target=\"_blank\" rel=\"noopener\">riferito RTL<\/a>.<\/p>\n\n\n\n<p>Le autorit\u00e0 hanno detto che il mandato \u00e8 stato emesso in relazione a una sospetta frode di bilancio, sulla base di una decisione dell&#8217;unit\u00e0 Kecskem\u00e9t del NAV.<\/p>\n\n\n\n<h2 class=\"wp-block-heading\">Le dimissioni seguono la pubblicazione del mandato<\/h2>\n\n\n\n<p>In una dichiarazione, l&#8217;organizzazione Fidesz di Szeged ha affermato che Fer\u00edz R\u00e1di si \u00e8 dimesso dalla sua posizione &#8220;immediatamente dopo aver appreso le accuse contro di lui&#8221;.<\/p>\n\n\n\n<p>Le dimissioni sono arrivate dopo che la stampa ha reso noto che era stato emesso un mandato di arresto nei suoi confronti.<\/p>\n\n\n\n<h2 class=\"wp-block-heading\">Sospetto caso di frode di bilancio<\/h2>\n\n\n\n<p>Secondo le informazioni ufficiali, il mandato di arresto riguarda una sospetta frode di bilancio. Al momento non sono stati divulgati ulteriori dettagli sul caso.<\/p>\n\n\n\n<p>La detenzione \u00e8 avvenuta all&#8217;aeroporto poco dopo il ritorno dell&#8217;ex funzionario del partito in Ungheria.<\/p>\n\n\n\n<h2 class=\"wp-block-heading\">Ex legame con DK e successivo ruolo di leader di Fidesz<\/h2>\n\n\n\n<p>Fer\u00edz R\u00e1di \u00e8 stato nominato capo dell&#8217;organizzazione locale Fidesz di Szeged nel 2023, dopo le dimissioni del suo predecessore, secondo <a href=\"https:\/\/telex.hu\/belfold\/2026\/04\/26\/elfogas-szegedi-fidesz-elnok-nav\" target=\"_blank\" rel=\"noopener\">Telex<\/a>.<\/p>\n\n\n\n<p>In precedenza aveva lavorato come esperto di agricoltura per la Coalizione Democratica (DK), rendendo la sua successiva nomina a un ruolo di leadership locale di Fidesz politicamente notevole all&#8217;epoca.<\/p>\n\n\n\n<p>La sua selezione \u00e8 stata descritta da alcuni esponenti politici come insolita, dato il suo precedente passato nel partito di opposizione.<\/p>\n\n\n\n<h2 class=\"wp-block-heading\">Background accademico e professionale<\/h2>\n\n\n\n<p>Fer\u00edz \u00e8 un genetista vegetale e un membro del corpo pubblico dell&#8217;Accademia delle Scienze ungherese.<\/p>\n\n\n\n<p>Ha studiato all&#8217;Universit\u00e0 di Szeged e ha conseguito il dottorato di ricerca nel 2021, concentrandosi sulla selezione del mais e sullo sviluppo delle risorse genetiche. Nello stesso anno, ha ricevuto un premio che lo ha riconosciuto come &#8220;Giovane selezionatore di piante dell&#8217;anno&#8221;.<\/p>\n\n\n\n<p>Attualmente \u00e8 amministratore delegato di un&#8217;azienda che si occupa della distribuzione di sementi e fertilizzanti di alta qualit\u00e0.<\/p>\n\n\n\n<h2 class=\"wp-block-heading\">Commenti pubblici e attivit\u00e0 politica precedenti<\/h2>\n\n\n\n<p>Le precedenti dichiarazioni pubbliche attribuite a Fer\u00edz indicano che ha origini egiziane ed \u00e8 nato in Ungheria. In precedenza ha parlato di discriminazione e ha criticato la retorica anti-migrazione nel discorso pubblico ungherese.<\/p>\n\n\n\n<p>Rapporti locali hanno suggerito che negli ultimi anni ha operato in gran parte da Budapest, mentre formalmente guidava l&#8217;organizzazione del partito di Szeged.<\/p>\n\n\n\n<h2 class=\"wp-block-heading\">Risposta del partito<\/h2>\n\n\n\n<p>L&#8217;organizzazione Fidesz di Szeged ha dichiarato che le dimissioni sono seguite immediatamente dopo che il politico \u00e8 venuto a conoscenza delle accuse contro di lui. Le indagini sul caso sono in corso.<\/p>\n\n\n\n<pre class=\"wp-block-verse has-text-align-center has-juicy-peach-gradient-background has-background\"><strong>Se se l'\u00e8 perso: <a href=\"https:\/\/dailynewshungary.com\/it\/la-ricchezza-dellelite-ungherese-sotto-orban-viene-fatta-volare-via-da-vienna-dopo-la-sconfitta-elettorale-rapporto\/\/\">Rapporto: La ricchezza dell'\u00e9lite ungherese sotto Orb\u00e1n 'viene fatta volare via da Vienna' dopo la sconfitta elettorale - AGGIORNAMENTO: autorit\u00e0 fiscale<\/a><\/strong><\/pre>","protected":false},"excerpt":{"rendered":"<p>L&#8217;ex capo dell&#8217;organizzazione di Szeged del partito Fidesz \u00e8 stato preso in custodia all&#8217;aeroporto di Budapest venerd\u00ec sera dopo essere tornato dall&#8217;Egitto, secondo le informazioni confermate dall&#8217;Amministrazione Nazionale delle Tasse e delle Dogane (NAV) a RTL. L&#8217;uomo si \u00e8 dimesso dalla sua posizione sabato, dopo aver appreso che era stato emesso un mandato di arresto [&hellip;]<\/p>\n","protected":false},"author":62,"featured_media":789605,"comment_status":"open","ping_status":"open","sticky":false,"template":"","format":"standard","meta":{"_display_image":"yes","footnotes":""},"categories":[2443],"tags":[1068,2528,2457,2504,1093,1078,1115,1080],"class_list":["post-789604","post","type-post","status-publish","format-standard","has-post-thumbnail","hentry","category-life","tag-aeroporto-di-budapest","tag-categoria-crimine","tag-categoria-politica","tag-categoria-politica-ungherese","tag-coalizione-democratica","tag-fidesz","tag-polizia","tag-ungherese"],"blocksy_meta":[],"author_username":"hmercedesz","telegram_post":"","public_post_metadata":{"breaking_news":"yes","important":"no","csempe":"yes","center_tile":"no","disable_thumbnail":"no","target_lang":"","_featured_image_style":"default","telegram_post":"","_xlat_group_id":"d6200700-be84-4c5d-84b9-d2e606f708a4"},"public_rank_math_data":{"title":"%title% %sep% %sitename%","description":"","focus_keyword":"fidesz","canonical_url":"","robots":"","primary_category":"2443","breadcrumb_title":"","facebook_title":"","facebook_description":"","facebook_image":"","facebook_image_id":"","twitter_title":"","twitter_description":"","twitter_image":"","twitter_image_id":"","twitter_card_type":"","twitter_use_facebook":"","advanced_robots":"","pillar_content":"","seo_score":"80","contentai_score":"","rich_snippet":""},"_links":{"self":[{"href":"https:\/\/dailynewshungary.com\/it\/wp-json\/wp\/v2\/posts\/789604","targetHints":{"allow":["GET"]}}],"collection":[{"href":"https:\/\/dailynewshungary.com\/it\/wp-json\/wp\/v2\/posts"}],"about":[{"href":"https:\/\/dailynewshungary.com\/it\/wp-json\/wp\/v2\/types\/post"}],"author":[{"embeddable":true,"href":"https:\/\/dailynewshungary.com\/it\/wp-json\/wp\/v2\/users\/62"}],"replies":[{"embeddable":true,"href":"https:\/\/dailynewshungary.com\/it\/wp-json\/wp\/v2\/comments?post=789604"}],"version-history":[{"count":0,"href":"https:\/\/dailynewshungary.com\/it\/wp-json\/wp\/v2\/posts\/789604\/revisions"}],"wp:featuredmedia":[{"embeddable":true,"href":"https:\/\/dailynewshungary.com\/it\/wp-json\/wp\/v2\/media\/789605"}],"wp:attachment":[{"href":"https:\/\/dailynewshungary.com\/it\/wp-json\/wp\/v2\/media?parent=789604"}],"wp:term":[{"taxonomy":"category","embeddable":true,"href":"https:\/\/dailynewshungary.com\/it\/wp-json\/wp\/v2\/categories?post=789604"},{"taxonomy":"post_tag","embeddable":true,"href":"https:\/\/dailynewshungary.com\/it\/wp-json\/wp\/v2\/tags?post=789604"}],"curies":[{"name":"wp","href":"https:\/\/api.w.org\/{rel}","templated":true}]}}