{"id":789606,"date":"2026-04-27T12:54:00","date_gmt":"2026-04-27T10:54:00","guid":{"rendered":"https:\/\/dailynewshungary.com\/it\/laeroporto-internazionale-ungherese-sospendera-le-operazioni-per-diversi-giorni\/"},"modified":"2026-04-27T12:54:00","modified_gmt":"2026-04-27T10:54:00","slug":"laeroporto-internazionale-ungherese-sospendera-le-operazioni-per-diversi-giorni","status":"publish","type":"post","link":"https:\/\/dailynewshungary.com\/it\/laeroporto-internazionale-ungherese-sospendera-le-operazioni-per-diversi-giorni\/","title":{"rendered":"L\u2019aeroporto internazionale ungherese sospender\u00e0 le operazioni per diversi giorni"},"content":{"rendered":"<p><strong>I voli all&#8217;Aeroporto Internazionale di Debrecen saranno temporaneamente sospesi all&#8217;inizio di maggio, in quanto la struttura sar\u00e0 sottoposta a una manutenzione essenziale della pista, con ripercussioni su un piccolo numero di servizi di linea.<\/strong><\/p>\n\n\n\n<h2 class=\"wp-block-heading\">Chiusura temporanea per lavori di prevenzione<\/h2>\n\n\n\n<p>Le operazioni all&#8217;Aeroporto Internazionale di Debrecen saranno interrotte tra il 4 maggio alle 13.45 e l&#8217;8 maggio alle 07.00 per consentire la manutenzione preventiva della pista.<\/p>\n\n\n\n<p><a href=\"https:\/\/www.facebook.com\/debrecenairport\/posts\/pfbid0GYdcC8jpjSx9KvMLiRxGkt8KVvTJnEycZttsqyjKwBseXddBXdHSVwBiYiaYMddsl\" target=\"_blank\" rel=\"noopener\">Gli operatori aeroportuali hanno dichiarato che<\/a> i lavori sono finalizzati a garantire l&#8217;affidabilit\u00e0 a lungo termine dell&#8217;infrastruttura e a migliorare continuamente le condizioni della pista.<\/p>\n\n\n\n<p>Durante questo periodo, nessun volo partir\u00e0 o arriver\u00e0 all&#8217;aeroporto.<\/p>\n\n\n\n<iframe loading=\"lazy\" src=\"https:\/\/www.facebook.com\/plugins\/post.php?href=https%3A%2F%2Fwww.facebook.com%2Fdebrecenairport%2Fposts%2Fpfbid0GYdcC8jpjSx9KvMLiRxGkt8KVvTJnEycZttsqyjKwBseXddBXdHSVwBiYiaYMddsl&#038;show_text=false&#038;width=500\" width=\"500\" height=\"419\" style=\"border:none;overflow:hidden\" scrolling=\"no\" frameborder=\"0\" allowfullscreen=\"true\" allow=\"autoplay; clipboard-write; encrypted-media; picture-in-picture; web-share\"><\/iframe>\n\n\n\n<h2 class=\"wp-block-heading\">La sicurezza e l&#8217;affidabilit\u00e0 a lungo termine sono prioritarie<\/h2>\n\n\n\n<p>Secondo l&#8217;aeroporto, la sicurezza dei passeggeri rimane la priorit\u00e0 assoluta, rendendo questa manutenzione preventiva essenziale per la sicurezza dei viaggi aerei.<\/p>\n\n\n\n<p>Gli specialisti effettueranno ispezioni approfondite della pista ed eseguiranno le riparazioni necessarie, assicurando che l&#8217;aeroporto continui a soddisfare elevati standard operativi.<\/p>\n\n\n\n<p>Le compagnie aeree e i partner sono gi\u00e0 stati informati dei lavori previsti.<\/p>\n\n\n\n<h2 class=\"wp-block-heading\">Solo una manciata di voli interessati<\/h2>\n\n\n\n<pre class=\"wp-block-verse has-text-align-center\">I tempi della manutenzione sono stati programmati per ridurre al minimo i disagi, e si prevede che solo quattro voli programmati saranno interessati.<\/pre>\n\n<p>Si consiglia ai passeggeri di verificare con le proprie compagnie aeree gli aggiornamenti e le disposizioni alternative, se necessario.<\/p>\n\n\n\n<h2 class=\"wp-block-heading\">Chiusure precedenti legate a problemi della pista<\/h2>\n\n\n\n<p>L&#8217;aeroporto ha affrontato chiusure simili in passato. Nell&#8217;estate del 2024, le operazioni sono state temporaneamente sospese a causa di danni alla pista causati dal caldo estremo.<\/p>\n\n\n\n<p>I funzionari affermano che gli attuali lavori di prevenzione hanno lo scopo di evitare problemi simili in futuro.<\/p>\n\n\n\n<h2 class=\"wp-block-heading\">ETA: Cambiamenti di viaggio<\/h2>\n\n\n\n<p>Sapeva che senza un&#8217;autorizzazione adeguata, dalla fine di febbraio di quest&#8217;anno non pu\u00f2 pi\u00f9 imbarcarsi sui voli negli aeroporti di Budapest e Debrecen? Fortunatamente, ottenere l&#8217;autorizzazione di viaggio necessaria \u00e8 semplice, anche se ha un costo e a volte pu\u00f2 richiedere giorni.<\/p>\n\n\n\n<pre class=\"wp-block-verse has-text-align-center has-palette-color-5-background-color has-background\"><strong>Per saperne di pi\u00f9, consulti il sito: <a href=\"https:\/\/dailynewshungary.com\/united-kingdom-travelling-changes-today-eta\/\">Viaggiare da Budapest e Debrecen verso il Regno Unito cambia significativamente per molti da oggi<\/a><\/strong><\/pre>\n\n<h2 class=\"wp-block-heading\">Nuovo volo per Istanbul da Debrecen<\/h2>\n\n\n\n<p>Una buona notizia: a partire dal 1\u00b0 luglio, i passeggeri potranno volare dall&#8217;aeroporto ungherese orientale a Istanbul, la citt\u00e0 pi\u00f9 grande della Turchia! I voli saranno attivi due volte a settimana, il mercoled\u00ec e la domenica, tra le due citt\u00e0.<\/p>\n\n\n\n<figure class=\"wp-block-image aligncenter size-full\"><img decoding=\"async\" src=\"https:\/\/dailynewshungary.b-cdn.net\/wp-content\/uploads\/2025\/08\/Debrecen-airport-Wizz-Air-new-route.jpg\" alt=\"Debrecen airport Wizz Air new route\" class=\"wp-image-666474\"\/><figcaption class=\"wp-element-caption\">Foto: <a href=\"https:\/\/www.facebook.com\/photo.php?fbid=654676070158477&amp;set=pb.100068482698245.-2207520000&amp;type=3&amp;locale=hu_HU\" target=\"_blank\" rel=\"noopener\">Facebook\/Debrecen Nemzetk\u00f6zi Rep\u00fcl\u0151t\u00e9r<\/a><\/figcaption><\/figure>\n\n<p>Wizz Air ha ampliato in modo significativo il suo servizio tra l&#8217;Ungheria e la Turchia negli ultimi mesi. Durante la stagione estiva, i voli Wizz operano quotidianamente da Budapest a Istanbul e Antalya, e quest&#8217;anno la compagnia aerea lancer\u00e0 anche un nuovo collegamento tra le capitali dei due Paesi, Budapest e Ankara, da cui \u00e8 facilmente raggiungibile una delle regioni pi\u00f9 incantevoli della T\u00fcrkiye, la Cappadocia. I biglietti possono essere prenotati sul sito web della compagnia aerea o tramite la sua app.<\/p>\n\n\n\n<pre class=\"wp-block-verse has-text-align-center has-palette-color-5-background-color has-background\"><strong>Per saperne di pi\u00f9 su questa opportunit\u00e0: <a href=\"https:\/\/dailynewshungary.com\/it\/ora-puo-acquistare-i-biglietti-per-il-nuovissimo-volo-wizz-air-per-la-turkiye-dallungheria\/\/\">Ora pu\u00f2 prenotare i suoi biglietti per il nuovissimo volo di Wizz Air per la T\u00fcrkiye dall'Ungheria<\/a><\/strong><\/pre>","protected":false},"excerpt":{"rendered":"<p>I voli all&#8217;Aeroporto Internazionale di Debrecen saranno temporaneamente sospesi all&#8217;inizio di maggio, in quanto la struttura sar\u00e0 sottoposta a una manutenzione essenziale della pista, con ripercussioni su un piccolo numero di servizi di linea. Chiusura temporanea per lavori di prevenzione Le operazioni all&#8217;Aeroporto Internazionale di Debrecen saranno interrotte tra il 4 maggio alle 13.45 e [&hellip;]<\/p>\n","protected":false},"author":62,"featured_media":789607,"comment_status":"open","ping_status":"open","sticky":false,"template":"","format":"standard","meta":{"_display_image":"yes","footnotes":""},"categories":[2429],"tags":[2488,1389,1069,1073],"class_list":["post-789606","post","type-post","status-publish","format-standard","has-post-thumbnail","hentry","category-viaggi","tag-categoria-viaggi-aeroporto-di-budapest-e-altri-aeroporti-ungheresi","tag-debrecen","tag-ungheria","tag-viaggi"],"blocksy_meta":[],"author_username":"hmercedesz","telegram_post":"","public_post_metadata":{"breaking_news":"yes","important":"no","csempe":"yes","center_tile":"no","disable_thumbnail":"no","target_lang":"","_featured_image_style":"default","telegram_post":"","_xlat_group_id":"9277b64e-4155-497d-81ee-92c1b3355d78"},"public_rank_math_data":{"title":"%title% %sep% %sitename%","description":"","focus_keyword":"airport","canonical_url":"","robots":"","primary_category":"2429","breadcrumb_title":"","facebook_title":"","facebook_description":"","facebook_image":"","facebook_image_id":"","twitter_title":"","twitter_description":"","twitter_image":"","twitter_image_id":"","twitter_card_type":"","twitter_use_facebook":"","advanced_robots":"","pillar_content":"","seo_score":"81","contentai_score":"","rich_snippet":""},"_links":{"self":[{"href":"https:\/\/dailynewshungary.com\/it\/wp-json\/wp\/v2\/posts\/789606","targetHints":{"allow":["GET"]}}],"collection":[{"href":"https:\/\/dailynewshungary.com\/it\/wp-json\/wp\/v2\/posts"}],"about":[{"href":"https:\/\/dailynewshungary.com\/it\/wp-json\/wp\/v2\/types\/post"}],"author":[{"embeddable":true,"href":"https:\/\/dailynewshungary.com\/it\/wp-json\/wp\/v2\/users\/62"}],"replies":[{"embeddable":true,"href":"https:\/\/dailynewshungary.com\/it\/wp-json\/wp\/v2\/comments?post=789606"}],"version-history":[{"count":0,"href":"https:\/\/dailynewshungary.com\/it\/wp-json\/wp\/v2\/posts\/789606\/revisions"}],"wp:featuredmedia":[{"embeddable":true,"href":"https:\/\/dailynewshungary.com\/it\/wp-json\/wp\/v2\/media\/789607"}],"wp:attachment":[{"href":"https:\/\/dailynewshungary.com\/it\/wp-json\/wp\/v2\/media?parent=789606"}],"wp:term":[{"taxonomy":"category","embeddable":true,"href":"https:\/\/dailynewshungary.com\/it\/wp-json\/wp\/v2\/categories?post=789606"},{"taxonomy":"post_tag","embeddable":true,"href":"https:\/\/dailynewshungary.com\/it\/wp-json\/wp\/v2\/tags?post=789606"}],"curies":[{"name":"wp","href":"https:\/\/api.w.org\/{rel}","templated":true}]}}