{"id":789608,"date":"2026-04-27T14:14:00","date_gmt":"2026-04-27T12:14:00","guid":{"rendered":"https:\/\/dailynewshungary.com\/it\/orban-esce-dal-parlamento-figure-di-spicco-si-fanno-da-parte-annunciata-la-fazione-ufficiale-di-fidesz\/"},"modified":"2026-04-27T14:14:00","modified_gmt":"2026-04-27T12:14:00","slug":"orban-esce-dal-parlamento-figure-di-spicco-si-fanno-da-parte-annunciata-la-fazione-ufficiale-di-fidesz","status":"publish","type":"post","link":"https:\/\/dailynewshungary.com\/it\/orban-esce-dal-parlamento-figure-di-spicco-si-fanno-da-parte-annunciata-la-fazione-ufficiale-di-fidesz\/","title":{"rendered":"Orb\u00e1n esce dal Parlamento, figure di spicco si fanno da parte, annunciata la fazione ufficiale di Fidesz"},"content":{"rendered":"<p><strong>Viktor Orb\u00e1n ha difeso la sua decisione di non assumere il mandato parlamentare dopo le elezioni del 12 aprile, segnando la fine dei suoi 36 anni di carriera come deputato.<\/strong><\/p>\n\n\n\n<p><a href=\"https:\/\/www.instagram.com\/reels\/DXoWg74AMWR\/\" target=\"_blank\" rel=\"noopener\">Parlando con i giornalisti<\/a> fuori dal Palazzo degli Uffici Parlamentari luned\u00ec, il Primo Ministro uscente ha fatto ripetutamente riferimento alle strutture interne del partito, quando gli \u00e8 stato chiesto perch\u00e9 fosse tornato sulle sue precedenti dichiarazioni che suggerivano che si sarebbe ritirato in Parlamento dopo una potenziale sconfitta elettorale.<\/p>\n\n\n\n&#8220;<pre class=\"wp-block-verse has-text-align-center\"><strong>Il consiglio nazionale si riunir\u00e0 questa settimana; tutte le decisioni vengono prese l\u00ec\", ha detto, aggiungendo che ora crede che \"sia necessario qualcosa di diverso<\/strong><\/pre>&#8220;.\n\n<p>Orb\u00e1n <a href=\"https:\/\/dailynewshungary.com\/it\/viktor-orban-non-siedera-nel-nuovo-parlamento\/\/\">ha confermato sabato<\/a> che restituir\u00e0 il suo mandato e si allontaner\u00e0 completamente dall&#8217;Assemblea Nazionale, affermando che il suo ruolo si concentrer\u00e0 invece sulla &#8220;riorganizzazione della parte nazionale&#8221; della politica ungherese. Solo pochi mesi prima, aveva suggerito la sua intenzione di ritirarsi come deputato.<\/p>\n\n\n\n<p>In seguito al suo annuncio, anche diverse figure di spicco hanno confermato che non prenderanno il loro posto, tra cui Zsolt Semj\u00e9n, Erik B\u00e1nki e Lajos K\u00f3sa.<\/p>\n\n\n\n<h2 class=\"wp-block-heading\">Grande rimpasto nel gruppo parlamentare Fidesz-KDNP<\/h2>\n\n\n\n<p>Il gruppo parlamentare Fidesz-KDNP si \u00e8 riunito formalmente luned\u00ec, finalizzando chi sieder\u00e0 nel nuovo Parlamento di 199 seggi, che sar\u00e0 costituito il 9 maggio.<\/p>\n\n\n\n<p>Sebbene la lista ufficiale non sia ancora stata pubblicata, si prevede che molti politici di alto livello assumeranno dei mandati, tra cui P\u00e9ter Szijj\u00e1rt\u00f3, J\u00e1nos L\u00e1z\u00e1r, M\u00e1t\u00e9 Kocsis, Bal\u00e1zs Orb\u00e1n, Alexandra Szentkir\u00e1lyi, Zsolt N\u00e9meth e altri, <a href=\"https:\/\/telex.hu\/belfold\/2026\/04\/27\/parlament-fidesz-frakcio-megalakulasa-orban-viktor-gulyas-gergely\" target=\"_blank\" rel=\"noopener\">secondo Telex<\/a>.<\/p>\n\n\n\n<figure class=\"wp-block-image aligncenter size-full\"><img decoding=\"async\" src=\"https:\/\/dailynewshungary.b-cdn.net\/wp-content\/uploads\/2026\/01\/Foreign-Minister-Szijjarto.webp\" alt=\"Foreign Minister Szijj\u00e1rt\u00f3\" class=\"wp-image-687932\"\/><figcaption class=\"wp-element-caption\">Foto: <a href=\"https:\/\/www.facebook.com\/photo.php?fbid=1353344676258822&amp;set=pb.100047499063575.-2207520000&amp;type=3&amp;locale=hu_HU\" target=\"_blank\" rel=\"noopener\">Facebook\/Szijj\u00e1rt\u00f3 P\u00e9ter<\/a><\/figcaption><\/figure>\n\n<p>La fazione KDNP sar\u00e0 guidata da Bence R\u00e9tv\u00e1ri, con otto membri confermati tra cui Mikl\u00f3s Seszt\u00e1k, Istv\u00e1n Simicsk\u00f3 e Hajnalka Juh\u00e1sz.<\/p>\n\n\n\n<p>Allo stesso tempo, diverse figure di alto profilo si stanno allontanando dalla politica parlamentare. I rapporti suggeriscono che Antal Rog\u00e1n, Szil\u00e1rd N\u00e9meth, G\u00e1bor Kubatov e Gabriella Selmeczi non prenderanno posto.<\/p>\n\n\n\n<p>Anche tra le figure di lunga data dell&#8217;era del cambiamento di sistema, le partenze sono significative. Oltre a Viktor Orb\u00e1n, anche L\u00e1szl\u00f3 K\u00f6v\u00e9r e Lajos K\u00f3sa lasciano il Parlamento dopo decenni di servizio.<\/p>\n\n\n\n<figure class=\"wp-block-image aligncenter size-full\"><img loading=\"lazy\" decoding=\"async\" width=\"1080\" height=\"720\" src=\"https:\/\/dailynewshungary.b-cdn.net\/wp-content\/uploads\/2024\/08\/Speaker-Laszlo-Kover-Copy.jpg\" alt=\"Speaker L\u00e1szl\u00f3 K\u00f6v\u00e9r (Copy) Hungarian parliament speaker European Union\" class=\"wp-image-607808\" srcset=\"https:\/\/contentf5.dailynewshungary.com\/wp-content\/uploads\/2024\/08\/Speaker-Laszlo-Kover-Copy.jpg 1080w, https:\/\/contentf5.dailynewshungary.com\/wp-content\/uploads\/2024\/08\/Speaker-Laszlo-Kover-Copy-768x512.jpg 768w, https:\/\/contentf5.dailynewshungary.com\/wp-content\/uploads\/2024\/08\/Speaker-Laszlo-Kover-Copy-333x222.jpg 333w, https:\/\/contentf5.dailynewshungary.com\/wp-content\/uploads\/2024\/08\/Speaker-Laszlo-Kover-Copy-248x165.jpg 248w, https:\/\/contentf5.dailynewshungary.com\/wp-content\/uploads\/2024\/08\/Speaker-Laszlo-Kover-Copy-1030x687.jpg 1030w, https:\/\/contentf5.dailynewshungary.com\/wp-content\/uploads\/2024\/08\/Speaker-Laszlo-Kover-Copy-113x75.jpg 113w, https:\/\/contentf5.dailynewshungary.com\/wp-content\/uploads\/2024\/08\/Speaker-Laszlo-Kover-Copy-480x320.jpg 480w\" sizes=\"auto, (max-width: 1080px) 100vw, 1080px\" \/><figcaption class=\"wp-element-caption\">L\u00e1szl\u00f3 K\u00f6v\u00e9r. Foto: <a href=\"https:\/\/commons.wikimedia.org\/wiki\/File:17_02_2022_Encontro_com_o_Presidente_da_Assembleia_Nacional,_L%C3%A1szl%C3%B3_K%C3%B6ver_%2851887697031%29.jpg\" target=\"_blank\" rel=\"noopener\">Wikimedia Commons<\/a><\/figcaption><\/figure>\n\n<h2 class=\"wp-block-heading\">J\u00e1nos L\u00e1z\u00e1r ritorna &#8211; ma solo temporaneamente<\/h2>\n\n\n\n<p>Una delle eccezioni pi\u00f9 notevoli all&#8217;ondata di ritiri \u00e8 J\u00e1nos L\u00e1z\u00e1r, che ha confermato che riprender\u00e0 il suo mandato, ma solo per un anno.<\/p>\n\n\n\n<p>Il Ministro delle Costruzioni e dei Trasporti uscente ha dichiarato che contribuir\u00e0 al rinnovamento interno del partito e aiuter\u00e0 a rimodellare Fidesz nel suo nuovo ruolo parlamentare dopo la sconfitta.<\/p>\n\n\n\n<p>L\u00e1z\u00e1r \u00e8 rimasto in gran parte lontano dagli occhi del pubblico dal giorno delle elezioni, riconoscendo brevemente il risultato e citando Winston Churchill: &#8220;Il successo non \u00e8 definitivo, il fallimento non \u00e8 fatale: \u00e8 il coraggio di continuare che conta&#8221;.<\/p>\n\n\n\n<p>Gergely Guly\u00e1s ha annunciato i nomi della fazione ufficiale Fidesz-KDNP sulla <a href=\"https:\/\/www.facebook.com\/reel\/2552185895179763\" target=\"_blank\" rel=\"noopener\">sua pagina Facebook<\/a>:<\/p>\n\n\n\n<iframe loading=\"lazy\" src=\"https:\/\/www.facebook.com\/plugins\/video.php?height=314&#038;href=https%3A%2F%2Fwww.facebook.com%2Freel%2F2552185895179763%2F&#038;show_text=true&#038;width=560&#038;t=0\" width=\"560\" height=\"429\" style=\"border:none;overflow:hidden\" scrolling=\"no\" frameborder=\"0\" allowfullscreen=\"true\" allow=\"autoplay; clipboard-write; encrypted-media; picture-in-picture; web-share\" allowFullScreen=\"true\"><\/iframe>\n\n\n\n<h2 class=\"wp-block-heading\">Fidesz si prepara a un ruolo parlamentare fondamentalmente diverso<\/h2>\n\n\n\n<p>Il rimpasto arriva dopo che <a href=\"https:\/\/dailynewshungary.com\/it\/pensavo-che-avremmo-vinto-orban-respinge-le-accuse-di-corruzione-e-segnala-la-ricostruzione-del-partito-fidesz-dopo-la-sconfitta\/\/\">lo stesso Orb\u00e1n ha riconosciuto<\/a> che il partito deve adattarsi a una nuova realt\u00e0 politica, affermando poco dopo le elezioni che il gruppo parlamentare avrebbe richiesto &#8220;persone completamente diverse&#8221; rispetto a quelle adatte alla politica della maggioranza di governo.<\/p>\n\n\n\n<p>Secondo gli addetti ai lavori del partito, l&#8217;obiettivo \u00e8 quello di costruire un gruppo che combini il rinnovamento politico con l&#8217;esperienza professionale e la competenza politica.<\/p>\n\n\n\n<p>Fidesz ha dominato la politica ungherese con una maggioranza parlamentare di due terzi per la maggior parte degli ultimi 16 anni, un periodo in cui il lavoro parlamentare \u00e8 stato spesso visto come altamente centralizzato e disciplinato, con un dibattito interno limitato.<\/p>\n\n\n\n<pre class=\"wp-block-verse has-text-align-center has-juicy-peach-gradient-background has-background\"><strong>Se se l'\u00e8 perso: <a href=\"https:\/\/dailynewshungary.com\/it\/la-ricchezza-dellelite-ungherese-sotto-orban-viene-fatta-volare-via-da-vienna-dopo-la-sconfitta-elettorale-rapporto\/\/\">Rapporto: La ricchezza dell'\u00e9lite ungherese sotto Orb\u00e1n 'viene fatta volare via da Vienna' dopo la sconfitta elettorale - AGGIORNAMENTO: autorit\u00e0 fiscale<\/a><\/strong><\/pre>","protected":false},"excerpt":{"rendered":"<p>Viktor Orb\u00e1n ha difeso la sua decisione di non assumere il mandato parlamentare dopo le elezioni del 12 aprile, segnando la fine dei suoi 36 anni di carriera come deputato. Parlando con i giornalisti fuori dal Palazzo degli Uffici Parlamentari luned\u00ec, il Primo Ministro uscente ha fatto ripetutamente riferimento alle strutture interne del partito, quando [&hellip;]<\/p>\n","protected":false},"author":62,"featured_media":789609,"comment_status":"open","ping_status":"open","sticky":false,"template":"","format":"standard","meta":{"_display_image":"yes","footnotes":""},"categories":[2392],"tags":[2447,2457,1078,2619,1247,1080,1083],"class_list":["post-789608","post","type-post","status-publish","format-standard","has-post-thumbnail","hentry","category-ungherese","tag-categoria-elezioni-parlamentari-ungheresi-2026","tag-categoria-politica","tag-fidesz","tag-governo-orban","tag-parlamento","tag-ungherese","tag-viktor-orban"],"blocksy_meta":[],"author_username":"hmercedesz","telegram_post":"","public_post_metadata":{"breaking_news":"yes","important":"no","csempe":"yes","center_tile":"no","disable_thumbnail":"no","target_lang":"","_featured_image_style":"default","telegram_post":"","_xlat_group_id":"f48e90c2-ad58-4592-b642-d9b63e96dd6b"},"public_rank_math_data":{"title":"%title% %sep% %sitename%","description":"","focus_keyword":"orb\u00e1n","canonical_url":"","robots":"","primary_category":"2392","breadcrumb_title":"","facebook_title":"","facebook_description":"","facebook_image":"","facebook_image_id":"","twitter_title":"","twitter_description":"","twitter_image":"","twitter_image_id":"","twitter_card_type":"","twitter_use_facebook":"","advanced_robots":"","pillar_content":"","seo_score":"83","contentai_score":"","rich_snippet":""},"_links":{"self":[{"href":"https:\/\/dailynewshungary.com\/it\/wp-json\/wp\/v2\/posts\/789608","targetHints":{"allow":["GET"]}}],"collection":[{"href":"https:\/\/dailynewshungary.com\/it\/wp-json\/wp\/v2\/posts"}],"about":[{"href":"https:\/\/dailynewshungary.com\/it\/wp-json\/wp\/v2\/types\/post"}],"author":[{"embeddable":true,"href":"https:\/\/dailynewshungary.com\/it\/wp-json\/wp\/v2\/users\/62"}],"replies":[{"embeddable":true,"href":"https:\/\/dailynewshungary.com\/it\/wp-json\/wp\/v2\/comments?post=789608"}],"version-history":[{"count":0,"href":"https:\/\/dailynewshungary.com\/it\/wp-json\/wp\/v2\/posts\/789608\/revisions"}],"wp:featuredmedia":[{"embeddable":true,"href":"https:\/\/dailynewshungary.com\/it\/wp-json\/wp\/v2\/media\/789609"}],"wp:attachment":[{"href":"https:\/\/dailynewshungary.com\/it\/wp-json\/wp\/v2\/media?parent=789608"}],"wp:term":[{"taxonomy":"category","embeddable":true,"href":"https:\/\/dailynewshungary.com\/it\/wp-json\/wp\/v2\/categories?post=789608"},{"taxonomy":"post_tag","embeddable":true,"href":"https:\/\/dailynewshungary.com\/it\/wp-json\/wp\/v2\/tags?post=789608"}],"curies":[{"name":"wp","href":"https:\/\/api.w.org\/{rel}","templated":true}]}}