{"id":789610,"date":"2026-04-27T15:34:00","date_gmt":"2026-04-27T13:34:00","guid":{"rendered":"https:\/\/dailynewshungary.com\/it\/attenzione-unondata-di-freddo-portera-il-gelo-prima-dellarrivo-del-caldo-estivo-per-il-weekend-lungo-in-ungheria\/"},"modified":"2026-04-27T15:34:00","modified_gmt":"2026-04-27T13:34:00","slug":"attenzione-unondata-di-freddo-portera-il-gelo-prima-dellarrivo-del-caldo-estivo-per-il-weekend-lungo-in-ungheria","status":"publish","type":"post","link":"https:\/\/dailynewshungary.com\/it\/attenzione-unondata-di-freddo-portera-il-gelo-prima-dellarrivo-del-caldo-estivo-per-il-weekend-lungo-in-ungheria\/","title":{"rendered":"Attenzione: Un\u2019ondata di freddo porter\u00e0 il gelo prima dell\u2019arrivo del caldo estivo per il weekend lungo in Ungheria"},"content":{"rendered":"<p><strong>L&#8217;Ungheria \u00e8 destinata a subire una brusca ondata di freddo a met\u00e0 settimana, con gelate mattutine, prima che un drammatico riscaldamento porti le temperature di inizio estate, giusto in tempo per il weekend lungo.<\/strong><\/p>\n\n\n\n<p>Un fronte freddo si \u00e8 mosso attraverso il Paese domenica, portando un notevole calo delle temperature e venti pi\u00f9 forti, anche se le piogge tanto necessarie non si sono materializzate.<\/p>\n\n\n\n<p>Secondo le previsioni, luned\u00ec e marted\u00ec rimarranno per lo pi\u00f9 asciutti e soleggiati, con massime diurne di circa 16-22 gradi. Tuttavia, si prevede un aumento della copertura nuvolosa da sud-ovest entro marted\u00ec sera, con un aumento dei venti, secondo <a href=\"https:\/\/24.hu\/tudomany\/2026\/04\/27\/idojaras-mosszu-hetvege-majus-1\/\" target=\"_blank\" rel=\"noopener\">24.hu<\/a>.<\/p>\n\n\n\n<h2 class=\"wp-block-heading\">Freddo a met\u00e0 settimana con possibili gelate<\/h2>\n\n\n\n<p>Un altro fronte freddo arriver\u00e0 mercoled\u00ec, portando venti pi\u00f9 forti e un ulteriore raffreddamento.<\/p>\n\n\n\n<p>Si prevede che le temperature diurne raggiungano solo i 12-18\u00b0C, mentre le precipitazioni rimarranno limitate, interessando soprattutto le zone dell&#8217;Ungheria occidentale e sud-occidentale.<\/p>\n\n\n\n<p>Il periodo pi\u00f9 freddo si verificher\u00e0 gioved\u00ec e venerd\u00ec, quando le temperature del primo mattino potrebbero scendere sotto lo zero in diverse aree, raggiungendo potenzialmente i -2-5\u00b0C.<\/p>\n\n\n\n<p>Anche le massime diurne rimarranno al di sotto della media, generalmente intorno ai 12-17\u00b0C.<\/p>\n\n\n\n<h2 class=\"wp-block-heading\">Miglioramento graduale verso la Festa del Lavoro<\/h2>\n\n\n\n<p>A partire da venerd\u00ec, si prevede che le condizioni si stabilizzeranno, con un ritorno del sole e del tempo asciutto.<\/p>\n\n\n\n<p>Sebbene le notti possano rimanere fredde, le temperature diurne inizieranno a riprendersi, raggiungendo circa 14-19\u00b0C all&#8217;inizio del weekend lungo che inizia il 1\u00b0 maggio, Festa del Lavoro.<\/p>\n\n\n\n<h2 class=\"wp-block-heading\">Tempo di inizio estate all&#8217;orizzonte<\/h2>\n\n\n\n<p>Un cambiamento significativo \u00e8 previsto per sabato, quando il flusso d&#8217;aria da sud-ovest porter\u00e0 aria pi\u00f9 calda nella regione.<\/p>\n\n\n\n<p>Si prevede che le temperature saliranno a 18-23\u00b0C durante il fine settimana, con un ulteriore riscaldamento nella prossima settimana.<\/p>\n\n\n\n<p>I meteorologi affermano che potrebbero arrivare condizioni di inizio estate, con temperature che supereranno i 25\u00b0C e addirittura si avvicineranno ai 30\u00b0C in alcune aree.<\/p>\n\n\n\n<h2 class=\"wp-block-heading\">Le condizioni di siccit\u00e0 rimangono una preoccupazione<\/h2>\n\n\n\n<p>Nonostante il cambiamento delle temperature, si prevede che le precipitazioni rimarranno scarse per tutto il periodo, continuando a preoccupare le condizioni di siccit\u00e0.<\/p>\n\n\n\n<pre class=\"wp-block-verse has-text-align-center has-juicy-peach-gradient-background has-background\"><strong>Se se l'\u00e8 perso: <a href=\"https:\/\/dailynewshungary.com\/it\/il-riscaldamento-del-clima-di-budapest-potrebbe-ridefinire-gli-estremi-in-pochi-decenni\/\/\">Il riscaldamento climatico di Budapest potrebbe ridefinire gli \"estremi\" in pochi decenni<\/a><\/strong><\/pre>\n\n<h2 class=\"wp-block-heading\">Festa del lavoro in Ungheria<\/h2>\n\n\n\n<p>Secondo <a href=\"https:\/\/abouthungary.hu\/news-in-brief\/hungarians-celebrate-labor-day\" target=\"_blank\" rel=\"noopener\">AboutHungary<\/a>, il Primo Maggio, o Festa del Lavoro, si celebra nella maggior parte dei Paesi del mondo e segna l&#8217;inizio della primavera, oltre che la celebrazione dei lavoratori.<\/p>\n\n\n\n<p>Per molti, la Festa del Lavoro in Ungheria \u00e8 diventata una giornata familiare con molti festival e programmi a Budapest e in altre citt\u00e0 ungheresi.<\/p>\n\n\n\n<p class=\"has-text-align-center\"><strong>Attenzione! Il 1\u00b0 maggio cade di venerd\u00ec quest&#8217;anno, il che significa che la maggior parte dei negozi e dei mercati saranno chiusi. Rimanga sintonizzato sulla nostra guida per la Festa del Lavoro di quest&#8217;anno, in arrivo oggi.<\/strong><\/p>\n","protected":false},"excerpt":{"rendered":"<p>L&#8217;Ungheria \u00e8 destinata a subire una brusca ondata di freddo a met\u00e0 settimana, con gelate mattutine, prima che un drammatico riscaldamento porti le temperature di inizio estate, giusto in tempo per il weekend lungo. Un fronte freddo si \u00e8 mosso attraverso il Paese domenica, portando un notevole calo delle temperature e venti pi\u00f9 forti, anche [&hellip;]<\/p>\n","protected":false},"author":62,"featured_media":789611,"comment_status":"open","ping_status":"open","sticky":false,"template":"","format":"standard","meta":{"_display_image":"yes","footnotes":""},"categories":[2443],"tags":[2508,1270,1211,1069],"class_list":["post-789610","post","type-post","status-publish","format-standard","has-post-thumbnail","hentry","category-life","tag-categoria-meteo","tag-natura","tag-previsioni-del-tempo","tag-ungheria"],"blocksy_meta":[],"author_username":"hmercedesz","telegram_post":"","public_post_metadata":{"breaking_news":"yes","important":"no","csempe":"yes","center_tile":"no","disable_thumbnail":"no","target_lang":"","_featured_image_style":"default","telegram_post":"","_xlat_group_id":"d41f18f2-28f9-40b9-a76a-a309799b5305"},"public_rank_math_data":{"title":"%title% %sep% %sitename%","description":"","focus_keyword":"estate","canonical_url":"","robots":"","primary_category":"2443","breadcrumb_title":"","facebook_title":"","facebook_description":"","facebook_image":"","facebook_image_id":"","twitter_title":"","twitter_description":"","twitter_image":"","twitter_image_id":"","twitter_card_type":"","twitter_use_facebook":"","advanced_robots":"","pillar_content":"","seo_score":"77","contentai_score":"","rich_snippet":""},"_links":{"self":[{"href":"https:\/\/dailynewshungary.com\/it\/wp-json\/wp\/v2\/posts\/789610","targetHints":{"allow":["GET"]}}],"collection":[{"href":"https:\/\/dailynewshungary.com\/it\/wp-json\/wp\/v2\/posts"}],"about":[{"href":"https:\/\/dailynewshungary.com\/it\/wp-json\/wp\/v2\/types\/post"}],"author":[{"embeddable":true,"href":"https:\/\/dailynewshungary.com\/it\/wp-json\/wp\/v2\/users\/62"}],"replies":[{"embeddable":true,"href":"https:\/\/dailynewshungary.com\/it\/wp-json\/wp\/v2\/comments?post=789610"}],"version-history":[{"count":0,"href":"https:\/\/dailynewshungary.com\/it\/wp-json\/wp\/v2\/posts\/789610\/revisions"}],"wp:featuredmedia":[{"embeddable":true,"href":"https:\/\/dailynewshungary.com\/it\/wp-json\/wp\/v2\/media\/789611"}],"wp:attachment":[{"href":"https:\/\/dailynewshungary.com\/it\/wp-json\/wp\/v2\/media?parent=789610"}],"wp:term":[{"taxonomy":"category","embeddable":true,"href":"https:\/\/dailynewshungary.com\/it\/wp-json\/wp\/v2\/categories?post=789610"},{"taxonomy":"post_tag","embeddable":true,"href":"https:\/\/dailynewshungary.com\/it\/wp-json\/wp\/v2\/tags?post=789610"}],"curies":[{"name":"wp","href":"https:\/\/api.w.org\/{rel}","templated":true}]}}