{"id":789612,"date":"2026-04-27T16:54:00","date_gmt":"2026-04-27T14:54:00","guid":{"rendered":"https:\/\/dailynewshungary.com\/it\/mancanza-di-prove-e-testimonianze-archiviata-lindagine-sulle-affermazioni-dellex-ministro-della-giustizia-varga-sullex-marito-magyar\/"},"modified":"2026-04-27T16:54:00","modified_gmt":"2026-04-27T14:54:00","slug":"mancanza-di-prove-e-testimonianze-archiviata-lindagine-sulle-affermazioni-dellex-ministro-della-giustizia-varga-sullex-marito-magyar","status":"publish","type":"post","link":"https:\/\/dailynewshungary.com\/it\/mancanza-di-prove-e-testimonianze-archiviata-lindagine-sulle-affermazioni-dellex-ministro-della-giustizia-varga-sullex-marito-magyar\/","title":{"rendered":"Mancanza di prove e testimonianze: Archiviata l\u2019indagine sulle affermazioni dell\u2019ex Ministro della Giustizia Varga sull\u2019ex marito Magyar"},"content":{"rendered":"<p><strong>Le autorit\u00e0 ungheresi hanno interrotto un&#8217;indagine sulle dichiarazioni dell&#8217;ex Ministro della Giustizia Judit Varga sull&#8217;ex marito P\u00e9ter Magyar, citando una mancanza di prove.<\/strong><\/p>\n\n\n\n<h2 class=\"wp-block-heading\">Avviata un&#8217;indagine sulle affermazioni dell&#8217;intervista<\/h2>\n\n\n\n<p>Il caso \u00e8 stato avviato a seguito di una denuncia da parte del privato Istv\u00e1n T\u00e9nyi nel marzo 2024, basata sulle affermazioni fatte da Judit Varga durante un&#8217;intervista televisiva, <a href=\"https:\/\/index.hu\/belfold\/2026\/04\/27\/varga-judit-magyar-peter-hajdu-peter-eljaras-buntetoeljaras\" target=\"_blank\" rel=\"noopener\">scrive Index<\/a>.<\/p>\n\n\n\n<p>Nel programma, Varga ha parlato del suo matrimonio con P\u00e9ter Magyar, descrivendolo come profondamente travagliato e facendo diverse gravi accuse sulla loro relazione.<\/p>\n\n\n\n<p>Tra le affermazioni c&#8217;\u00e8 un episodio in cui ha detto che Magyar l&#8217;avrebbe rinchiusa in una stanza, dalla quale \u00e8 riuscita ad uscire solo con l&#8217;aiuto dei figli.<\/p>\n\n\n\n<figure class=\"wp-block-image aligncenter size-full\"><img loading=\"lazy\" decoding=\"async\" width=\"560\" height=\"440\" src=\"https:\/\/dailynewshungary.b-cdn.net\/wp-content\/uploads\/2024\/03\/New-influential-Hungarian-party-born-from-the-presidential-clemency-scandal-e1709496189827.webp\" alt=\"p\u00e9ter magyar\" class=\"wp-image-588659\" srcset=\"https:\/\/contentf5.dailynewshungary.com\/wp-content\/uploads\/2024\/03\/New-influential-Hungarian-party-born-from-the-presidential-clemency-scandal-e1709496189827.webp 560w, https:\/\/contentf5.dailynewshungary.com\/wp-content\/uploads\/2024\/03\/New-influential-Hungarian-party-born-from-the-presidential-clemency-scandal-e1709496189827-283x222.webp 283w, https:\/\/contentf5.dailynewshungary.com\/wp-content\/uploads\/2024\/03\/New-influential-Hungarian-party-born-from-the-presidential-clemency-scandal-e1709496189827-95x75.webp 95w, https:\/\/contentf5.dailynewshungary.com\/wp-content\/uploads\/2024\/03\/New-influential-Hungarian-party-born-from-the-presidential-clemency-scandal-e1709496189827-480x377.webp 480w\" sizes=\"auto, (max-width: 560px) 100vw, 560px\" \/><figcaption class=\"wp-element-caption\">P\u00e9ter Magyar nel 2024. Foto: <a href=\"https:\/\/www.facebook.com\/photo.php?fbid=7742412299126484&amp;set=pb.100000733720126.-2207520000&amp;type=3\" target=\"_blank\" rel=\"noopener\">Facebook\/P\u00e9ter Magyar<\/a><\/figcaption><\/figure>\n\n<h2 class=\"wp-block-heading\">Le autorit\u00e0 non trovano prove a sostegno<\/h2>\n\n\n\n<p>Il reclamo ipotizzava possibili reati, tra cui la privazione illegale della libert\u00e0 e la messa in pericolo di un minore.<\/p>\n\n\n\n<p>Tuttavia, l&#8217;Ufficio Nazionale di Investigazione ha respinto la denuncia sotto entrambi i punti di vista, affermando che non c&#8217;erano dati sufficienti per corroborare i sospetti.<\/p>\n\n\n\n<p>Il caso \u00e8 stato poi trasferito alla Procura di Budapest per un ulteriore esame.<\/p>\n\n\n\n<p>Secondo la decisione finale, gli investigatori non sono stati in grado di trovare prove a sostegno delle affermazioni delineate nella denuncia, e non sono state prese misure di polizia durante il procedimento.<\/p>\n\n\n\n<h2 class=\"wp-block-heading\">Nessuna testimonianza rilasciata durante il procedimento<\/h2>\n\n\n\n<p>Le autorit\u00e0 hanno anche notato che Varga non ha fornito alcuna testimonianza durante l&#8217;indagine.<\/p>\n\n\n\n<p>Non essendoci ulteriori passi procedurali ritenuti in grado di chiarire il caso, e non essendo stato accertato alcun reato al di l\u00e0 di ogni ragionevole dubbio sulla base delle informazioni disponibili, l&#8217;indagine \u00e8 stata formalmente chiusa.<\/p>\n\n\n\n<h2 class=\"wp-block-heading\">Reazioni politiche e pubbliche<\/h2>\n\n\n\n<p>L&#8217;intervista in questione ha attirato un&#8217;attenzione pubblica significativa all&#8217;epoca, con i commentatori che hanno notato la natura insolita di tali accuse personali discusse in un formato televisivo.<\/p>\n\n\n\n<p>La decisione di archiviare il caso probabilmente alimenter\u00e0 ulteriormente il dibattito politico sulla relazione tra i due personaggi e sulle tensioni pi\u00f9 ampie della vita pubblica ungherese.<\/p>\n\n\n\n<pre class=\"wp-block-verse has-text-align-center has-juicy-peach-gradient-background has-background\"><strong>Dove tutto \u00e8 cominciato: <a href=\"https:\/\/dailynewshungary.com\/it\/fine-di-unera-lex-marito-dellex-ministro-si-rivolta-contro-il-primo-ministro-orban-vogliono-solo-ricchezza\/\/\">Fine di un'era? L'ex marito dell'ex ministro si rivolta contro il premier Orb\u00e1n: vogliono solo ricchezza<\/a><\/strong><\/pre>","protected":false},"excerpt":{"rendered":"<p>Le autorit\u00e0 ungheresi hanno interrotto un&#8217;indagine sulle dichiarazioni dell&#8217;ex Ministro della Giustizia Judit Varga sull&#8217;ex marito P\u00e9ter Magyar, citando una mancanza di prove. Avviata un&#8217;indagine sulle affermazioni dell&#8217;intervista Il caso \u00e8 stato avviato a seguito di una denuncia da parte del privato Istv\u00e1n T\u00e9nyi nel marzo 2024, basata sulle affermazioni fatte da Judit Varga durante [&hellip;]<\/p>\n","protected":false},"author":62,"featured_media":789613,"comment_status":"open","ping_status":"open","sticky":false,"template":"","format":"standard","meta":{"_display_image":"yes","footnotes":""},"categories":[1185],"tags":[2504,1078,2612,1468,1069],"class_list":["post-789612","post","type-post","status-publish","format-standard","has-post-thumbnail","hentry","category-politica-in-ungheria","tag-categoria-politica-ungherese","tag-fidesz","tag-peter-magyar","tag-tribunale","tag-ungheria"],"blocksy_meta":[],"author_username":"hmercedesz","telegram_post":"","public_post_metadata":{"breaking_news":"yes","important":"no","csempe":"yes","center_tile":"no","disable_thumbnail":"no","target_lang":"","_featured_image_style":"default","telegram_post":"","_xlat_group_id":"8cfce9a2-d970-4750-a1a4-2551c69ce023"},"public_rank_math_data":{"title":"%title% %sep% %sitename%","description":"","focus_keyword":"varga","canonical_url":"","robots":"","primary_category":"1185","breadcrumb_title":"","facebook_title":"","facebook_description":"","facebook_image":"","facebook_image_id":"","twitter_title":"","twitter_description":"","twitter_image":"","twitter_image_id":"","twitter_card_type":"","twitter_use_facebook":"","advanced_robots":"","pillar_content":"","seo_score":"77","contentai_score":"","rich_snippet":""},"_links":{"self":[{"href":"https:\/\/dailynewshungary.com\/it\/wp-json\/wp\/v2\/posts\/789612","targetHints":{"allow":["GET"]}}],"collection":[{"href":"https:\/\/dailynewshungary.com\/it\/wp-json\/wp\/v2\/posts"}],"about":[{"href":"https:\/\/dailynewshungary.com\/it\/wp-json\/wp\/v2\/types\/post"}],"author":[{"embeddable":true,"href":"https:\/\/dailynewshungary.com\/it\/wp-json\/wp\/v2\/users\/62"}],"replies":[{"embeddable":true,"href":"https:\/\/dailynewshungary.com\/it\/wp-json\/wp\/v2\/comments?post=789612"}],"version-history":[{"count":0,"href":"https:\/\/dailynewshungary.com\/it\/wp-json\/wp\/v2\/posts\/789612\/revisions"}],"wp:featuredmedia":[{"embeddable":true,"href":"https:\/\/dailynewshungary.com\/it\/wp-json\/wp\/v2\/media\/789613"}],"wp:attachment":[{"href":"https:\/\/dailynewshungary.com\/it\/wp-json\/wp\/v2\/media?parent=789612"}],"wp:term":[{"taxonomy":"category","embeddable":true,"href":"https:\/\/dailynewshungary.com\/it\/wp-json\/wp\/v2\/categories?post=789612"},{"taxonomy":"post_tag","embeddable":true,"href":"https:\/\/dailynewshungary.com\/it\/wp-json\/wp\/v2\/tags?post=789612"}],"curies":[{"name":"wp","href":"https:\/\/api.w.org\/{rel}","templated":true}]}}