{"id":789616,"date":"2026-04-27T19:34:00","date_gmt":"2026-04-27T17:34:00","guid":{"rendered":"https:\/\/dailynewshungary.com\/it\/dove-sono-gli-otto-miliardi-lalto-esponente-di-fidesz-takacs-peter-affrontato-per-i-miliardi-di-covid\/"},"modified":"2026-04-27T19:34:00","modified_gmt":"2026-04-27T17:34:00","slug":"dove-sono-gli-otto-miliardi-lalto-esponente-di-fidesz-takacs-peter-affrontato-per-i-miliardi-di-covid","status":"publish","type":"post","link":"https:\/\/dailynewshungary.com\/it\/dove-sono-gli-otto-miliardi-lalto-esponente-di-fidesz-takacs-peter-affrontato-per-i-miliardi-di-covid\/","title":{"rendered":"\u201cDove sono gli otto miliardi?\u201d \u2013 L\u2019alto esponente di Fidesz Tak\u00e1cs P\u00e9ter affrontato per i miliardi di Covid"},"content":{"rendered":"<p><strong>Tak\u00e1cs P\u00e9ter, Segretario di Stato per la Sanit\u00e0, \u00e8 stato sorpreso dal suo passato in un centro commerciale di Buda: un uomo sconosciuto gli ha urlato contro da una scala mobile, chiedendo di sapere che fine avessero fatto gli otto miliardi di fiorini spesi durante la pandemia Covid. <\/strong><\/p>\n\n\n\n<h2 class=\"wp-block-heading\">Gridando sulla scala mobile<\/h2>\n\n\n\n<p>Nel filmato, un uomo urla al Segretario di Stato per la Sanit\u00e0 Tak\u00e1cs P\u00e9ter: <\/p>\n\n\n\n<blockquote class=\"wp-block-quote is-layout-flow wp-block-quote-is-layout-flow\">\n<p>&#8220;Ehi, Tak\u00e1cs! Dove sono gli otto miliardi?&#8221;. <\/p>\n<\/blockquote>\n\n\n\n<iframe loading=\"lazy\" src=\"https:\/\/www.facebook.com\/plugins\/video.php?height=476&#038;href=https%3A%2F%2Fwww.facebook.com%2Freel%2F2139991510184762%2F&#038;show_text=false&#038;width=267&#038;t=0\" width=\"267\" height=\"476\" style=\"border:none;overflow:hidden\" scrolling=\"no\" frameborder=\"0\" allowfullscreen=\"true\" allow=\"autoplay; clipboard-write; encrypted-media; picture-in-picture; web-share\" allowFullScreen=\"true\"><\/iframe>\n\n\n\n<blockquote class=\"wp-block-quote is-layout-flow wp-block-quote-is-layout-flow\">\n<p>Il politico ha risposto con &#8220;su da tua madre&#8221;, poi ha aggiunto: &#8220;Ti far\u00f2 anche causa&#8221;. <\/p>\n<\/blockquote>\n\n\n\n<p>La scena ha attirato l&#8217;attenzione non solo per il suo tono, ma anche perch\u00e9 ha riportato in superficie la controversia sui ventilatori e su come sono stati spesi i milioni di Covid.<\/p>\n\n\n\n<h2 class=\"wp-block-heading\">Un contratto da un miliardo di fiorini <\/h2>\n\n\n\n<p>La storia dei milioni Covid risale alla primavera del 2020, quando, durante la prima ondata di Covid, il governo ungherese firm\u00f2 un contratto da 17 miliardi di fiorini con Fourcardinal Tan\u00e1csad\u00f3 Kft. per l&#8217;acquisto di mille ventilatori cinesi. A causa della carenza globale, sono state prese decisioni rapide, spesso senza una valutazione precisa delle esigenze reali. <\/p>\n\n\n\n<p>Il fatturato di Fourcardinal nel 2020 \u00e8 balzato a quasi 50 miliardi di fiorini, con un aumento di 218 volte. Successivamente, 18,2 miliardi di fiorini di dividendi sono stati ritirati dall&#8217;azienda, che \u00e8 stata poi liquidata. Il settore dei ventilatori \u00e8 diventato cos\u00ec non solo un problema sanitario, ma anche economico.<\/p>\n\n\n\n<h2 class=\"wp-block-heading\">Dove sono finiti i soldi? Il ruolo della Via della Seta<\/h2>\n\n\n\n<p>Una parte significativa dei profitti \u00e8 andata a un&#8217;altra societ\u00e0, SRF Silk Road Fund Holding Zrt. che alla fine ha ricevuto 7\/8 dei guadagni. Si tratta di un totale di 15,9 miliardi di fiorini, di cui 8,05 miliardi sono stati versati come dividendi &#8211; questa \u00e8 la somma che ha reso l&#8217;appalto dei ventilatori un argomento di dibattito continuo.<\/p>\n\n\n\n<p> Anche il cognato di Tak\u00e1cs P\u00e9ter, G\u00e1bor K\u0151szegi, \u00e8 apparso nell&#8217;azienda e, secondo alcune affermazioni, ha avuto un ruolo di primo piano. Sebbene non fosse ufficialmente un proprietario, la sua autorit\u00e0 di firma era equivalente a quella dell&#8217;amministratore delegato, secondo <a href=\"https:\/\/telex.hu\/belfold\/2026\/04\/25\/nyolcmilliard-takacs-peter-lelegeztetogep-silk-road-srf-koszegi-gabor-fourcardinal\" target=\"_blank\" rel=\"noopener\">Telex<\/a>.<\/p>\n\n\n\n<h2 class=\"wp-block-heading\">Cosa dicono le persone coinvolte?<\/h2>\n\n\n\n<p>G\u00e1bor K\u0151szegi afferma che diverse affermazioni sono fuorvianti. <\/p>\n\n\n\n<blockquote class=\"wp-block-quote is-layout-flow wp-block-quote-is-layout-flow\">\n<p>Ha dichiarato: &#8220;\u00c8 anche falso che Fourcardinal Kft. abbia ottenuto un profitto di 8 miliardi di fiorini dai ventilatori&#8221;. Ha aggiunto: &#8220;Non ho ricevuto alcun profitto derivante dalla vendita di ventilatori&#8221;, pur riconoscendo di aver tratto profitto dall&#8217;acquisto di altri dispositivi medici. <\/p>\n<\/blockquote>\n\n\n\n<p>Tak\u00e1cs P\u00e9ter ha respinto fermamente le accuse: <\/p>\n\n\n\n<blockquote class=\"wp-block-quote is-layout-flow wp-block-quote-is-layout-flow\">\n<p>&#8220;N\u00e9 io n\u00e9 la mia famiglia possediamo beni per 8 miliardi di fiorini&#8221;, e ha sottolineato: &#8220;L&#8217;azienda che ha assunto mio cognato ha portato esattamente 0 (zero) ventilatori nel Paese&#8221;. <\/p>\n<\/blockquote>\n\n\n\n<p>Ha descritto tutte le accuse mosse contro di lui in relazione ai ventilatori come attacchi politici.<\/p>\n\n\n\n<h2 class=\"wp-block-heading\">Indagini, cause legali e polemiche politiche<\/h2>\n\n\n\n<p>Il caso \u00e8 stato esaminato da diverse autorit\u00e0 &#8211; tra cui KEHI e NAV &#8211; e non \u00e8 stata ufficialmente stabilita alcuna violazione legale. Tuttavia, i ventilatori acquistati durante il periodo Covid rimangono al centro di una controversia politica. <\/p>\n\n\n\n<p>Tak\u00e1cs P\u00e9ter ha gi\u00e0 intrapreso un&#8217;azione legale contro i politici che hanno dato voce alle accuse, e ha dichiarato che risponder\u00e0 in modo analogo in ogni caso simile in futuro. La prossima udienza del caso \u00e8 stata fissata per agosto 2026.<\/p>\n\n\n\n<pre class=\"wp-block-verse has-text-align-center has-juicy-peach-gradient-background has-background\"><strong>Se se l'\u00e8 perso: <\/strong><a href=\"https:\/\/dailynewshungary.com\/it\/il-prossimo-premier-magyar-si-rechera-a-bruxelles-per-colloqui-urgenti-sui-fondi-ue-con-ursula-von-der-leyen\/\/\">Il prossimo premier Magyar si recher\u00e0 a Bruxelles per colloqui urgenti sui fondi UE con Ursula von der Leyen<\/a><\/pre>","protected":false},"excerpt":{"rendered":"<p>Tak\u00e1cs P\u00e9ter, Segretario di Stato per la Sanit\u00e0, \u00e8 stato sorpreso dal suo passato in un centro commerciale di Buda: un uomo sconosciuto gli ha urlato contro da una scala mobile, chiedendo di sapere che fine avessero fatto gli otto miliardi di fiorini spesi durante la pandemia Covid. Gridando sulla scala mobile Nel filmato, un [&hellip;]<\/p>\n","protected":false},"author":91,"featured_media":789617,"comment_status":"open","ping_status":"open","sticky":false,"template":"","format":"standard","meta":{"_display_image":"yes","footnotes":""},"categories":[2552],"tags":[2548,2504,1078,1069],"class_list":["post-789616","post","type-post","status-publish","format-standard","has-post-thumbnail","hentry","category-flash","tag-categoria-briefing","tag-categoria-politica-ungherese","tag-fidesz","tag-ungheria"],"blocksy_meta":[],"author_username":"api","telegram_post":"","public_post_metadata":{"breaking_news":"yes","important":"no","csempe":"yes","center_tile":"no","disable_thumbnail":"no","target_lang":"","_featured_image_style":"default","telegram_post":"","_xlat_group_id":"88a04f99-2a01-4578-a10d-5cbe6f045283"},"public_rank_math_data":{"title":"Scandalo: un alto esponente di Fidesz si confronta sui miliardi di Covid","description":"Il Segretario di Stato per la Sanit\u00e0 \u00e8 stato colto di sorpresa in un centro commerciale di Buda, quando uno sconosciuto ha chiesto risposte sui miliardi di Covid mancanti.","focus_keyword":"miliardi","canonical_url":"","robots":"","primary_category":"2552","breadcrumb_title":"","facebook_title":"","facebook_description":"","facebook_image":"","facebook_image_id":"","twitter_title":"","twitter_description":"","twitter_image":"","twitter_image_id":"","twitter_card_type":"","twitter_use_facebook":"","advanced_robots":"","pillar_content":"","seo_score":"78","contentai_score":"","rich_snippet":""},"_links":{"self":[{"href":"https:\/\/dailynewshungary.com\/it\/wp-json\/wp\/v2\/posts\/789616","targetHints":{"allow":["GET"]}}],"collection":[{"href":"https:\/\/dailynewshungary.com\/it\/wp-json\/wp\/v2\/posts"}],"about":[{"href":"https:\/\/dailynewshungary.com\/it\/wp-json\/wp\/v2\/types\/post"}],"author":[{"embeddable":true,"href":"https:\/\/dailynewshungary.com\/it\/wp-json\/wp\/v2\/users\/91"}],"replies":[{"embeddable":true,"href":"https:\/\/dailynewshungary.com\/it\/wp-json\/wp\/v2\/comments?post=789616"}],"version-history":[{"count":0,"href":"https:\/\/dailynewshungary.com\/it\/wp-json\/wp\/v2\/posts\/789616\/revisions"}],"wp:featuredmedia":[{"embeddable":true,"href":"https:\/\/dailynewshungary.com\/it\/wp-json\/wp\/v2\/media\/789617"}],"wp:attachment":[{"href":"https:\/\/dailynewshungary.com\/it\/wp-json\/wp\/v2\/media?parent=789616"}],"wp:term":[{"taxonomy":"category","embeddable":true,"href":"https:\/\/dailynewshungary.com\/it\/wp-json\/wp\/v2\/categories?post=789616"},{"taxonomy":"post_tag","embeddable":true,"href":"https:\/\/dailynewshungary.com\/it\/wp-json\/wp\/v2\/tags?post=789616"}],"curies":[{"name":"wp","href":"https:\/\/api.w.org\/{rel}","templated":true}]}}