{"id":789622,"date":"2026-04-28T06:04:00","date_gmt":"2026-04-28T04:04:00","guid":{"rendered":"https:\/\/dailynewshungary.com\/it\/il-partito-tisza-intende-avviare-le-riforme-sanitarie-entro-100-giorni-ma-le-sfide-vanno-oltre-il-breve-termine\/"},"modified":"2026-04-28T06:04:00","modified_gmt":"2026-04-28T04:04:00","slug":"il-partito-tisza-intende-avviare-le-riforme-sanitarie-entro-100-giorni-ma-le-sfide-vanno-oltre-il-breve-termine","status":"publish","type":"post","link":"https:\/\/dailynewshungary.com\/it\/il-partito-tisza-intende-avviare-le-riforme-sanitarie-entro-100-giorni-ma-le-sfide-vanno-oltre-il-breve-termine\/","title":{"rendered":"Il Partito Tisza intende avviare le riforme sanitarie entro 100 giorni \u2013 ma le sfide vanno oltre il breve termine"},"content":{"rendered":"<p><strong>Il Partito Tisza afferma di voler avviare cambiamenti sistemici nell&#8217;assistenza sanitaria entro i suoi primi 100 giorni, ma le organizzazioni professionali avvertono che i problemi pi\u00f9 gravi non possono essere risolti nel breve termine.<\/strong><\/p>\n\n\n\n<p>Secondo <a href=\"https:\/\/nepszava.hu\/3319333_egestzsegugy-tisza-part-atalakitas-szaz-nap\" target=\"_blank\" rel=\"noopener\">N\u00e9pszava<\/a>, proposte legislative dettagliate e pacchetti di politiche sono gi\u00e0 stati sviluppati da gruppi di esperti negli ultimi mesi, il che significa che si potrebbero intraprendere presto passi tangibili.<\/p>\n\n\n\n<p>I piani a breve termine includono l&#8217;istituzione di un Ministero della Salute indipendente, l&#8217;introduzione di una gestione basata sui dati e la trasparenza dei percorsi dei pazienti. L&#8217;obiettivo \u00e8 creare un sistema in cui le prestazioni istituzionali siano chiaramente misurabili e i pazienti possano sapere quando e dove riceveranno le cure.<\/p>\n\n\n\n<p>Il controllo della qualit\u00e0 verrebbe rafforzato da un&#8217;autorit\u00e0 indipendente, sul modello della Care Quality Commission del Regno Unito, che condurrebbe ispezioni in loco e pubblicherebbe valutazioni che identificano dove l&#8217;assistenza soddisfa gli standard e dove permangono gravi carenze.<\/p>\n\n\n\n<p>La Camera medica ungherese <a href=\"https:\/\/www.facebook.com\/photo\/?fbid=1261637722804018&amp;set=a.423776963256769\" target=\"_blank\" rel=\"noopener\">sostiene<\/a>, tuttavia, che le riforme strutturali da sole non saranno sufficienti.<\/p>\n\n\n\n<blockquote class=\"wp-block-quote is-layout-flow wp-block-quote-is-layout-flow\">\n<p>&#8220;Una vera trasformazione sistemica dell&#8217;assistenza sanitaria non pu\u00f2 essere ridotta a cambiamenti organizzativi o a riforme finanziarie. \u00c8 necessario ripristinare l&#8217;autonomia professionale, rafforzare gli standard etici e creare un ambiente in cui le critiche portino al dialogo piuttosto che alle ritorsioni [&#8230;] e in cui l&#8217;interesse del paziente abbia la precedenza su tutte le altre considerazioni&#8221;.<\/p>\n<\/blockquote>\n\n\n\n<p>Secondo la Camera, gli ultimi anni hanno visto non solo l&#8217;aggravarsi dei problemi strutturali, ma anche gravi danni alle basi professionali ed etiche. <\/p>\n\n\n\n<p>Afferma che la lealt\u00e0 politica, in molti casi, ha prevalso sulle considerazioni professionali, minando la fiducia nel sistema e aumentando la vulnerabilit\u00e0 degli operatori sanitari. Di conseguenza, sottolineano che la riforma deve andare oltre il cambiamento strutturale e includere il ripristino della responsabilit\u00e0 e dell&#8217;indipendenza professionale.<\/p>\n\n\n\n<h2 class=\"wp-block-heading\">La riforma non ha senso senza il personale<\/h2>\n\n\n\n<p>Un&#8217;altra sfida importante \u00e8 la carenza di personale sanitario, un punto su cui le organizzazioni professionali concordano ampiamente. La Magyar Eg\u00e9szs\u00e9g\u00fcgyi Szakdolgoz\u00f3i Kamara stima che decine di migliaia di professionisti della sanit\u00e0 mancano dal sistema, mentre la forza lavoro esistente \u00e8 sovraccarica e invecchia rapidamente.<\/p>\n\n\n\n<p>Come riportato da N\u00e9pszava, i rappresentanti dell&#8217;industria avvertono costantemente le crescenti pressioni all&#8217;interno del settore. Adrianna So\u00f3s, direttrice del Sindacato Indipendente della Sanit\u00e0, ha affermato che uno dei problemi pi\u00f9 pressanti \u00e8 il sovraccarico di lavoro combinato con la bassa retribuzione. <\/p>\n\n\n\n<blockquote class=\"wp-block-quote is-layout-flow wp-block-quote-is-layout-flow\">\n<p>A suo avviso, un cambiamento significativo non deriver\u00e0 da aumenti di stipendio una tantum, ma da un percorso di carriera prevedibile che renda conveniente per il personale rimanere nella professione a lungo termine.<\/p>\n<\/blockquote>\n\n\n\n<p>Zolt\u00e1n Balogh, presidente della Camera ungherese degli operatori sanitari, condivide questa opinione, sostenendo che il settore non pu\u00f2 essere semplicemente &#8220;rattoppato&#8221;, ma deve essere ricostruito su nuove fondamenta.<\/p>\n\n\n\n<p>In precedenza ha evidenziato che l&#8217;et\u00e0 media degli operatori sanitari supera gi\u00e0 i 47 anni, con oltre 20.000 dipendenti di et\u00e0 superiore ai 50 anni. Allo stesso tempo, attualmente mancano circa 14.000 infermieri nell&#8217;assistenza agli adulti, un divario destinato a peggiorare nei prossimi anni.<\/p>\n\n\n\n<p>Secondo la Camera, sarebbero necessari almeno 40.000 professionisti sanitari aggiuntivi per garantire che il sistema possa funzionare in modo sicuro.<\/p>\n\n\n\n<p>Le preoccupazioni sulle condizioni degli ospedali illustrano ulteriormente la pressione sul sistema. Rapporti precedenti hanno mostrato che il sovraffollamento e la carenza di personale possono portare i pazienti a essere curati nei corridoi o ad aspettare per lunghi periodi per ricevere assistenza.<\/p>\n\n\n\n<h2 class=\"wp-block-heading\">Piani a lungo termine per la riforma sanitaria<\/h2>\n\n\n\n<p>Al di l\u00e0 delle misure che potrebbero essere introdotte rapidamente, il vero peso del <a href=\"https:\/\/magyartisza.hu\/hirek\/ujsag\/eg%C3%A9szs%C3%A9ges-magyarorsz%C3%A1g-m%C5%B1k%C3%B6d%C5%91-ell%C3%A1t%C3%B3rendszer-val%C3%B3di-megel%C5%91z%C3%A9s-kisz%C3%A1m%C3%ADthat%C3%B3-hozz%C3%A1f%C3%A9r%C3%A9s\" target=\"_blank\" rel=\"noopener\">programma<\/a> del Partito Tisza risiede nei suoi obiettivi a lungo termine, che richiederebbero finanziamenti e tempo significativi:<\/p>\n\n\n\n<ul class=\"wp-block-list\">\n<li>Entro il <strong>2027<\/strong>, le liste d&#8217;attesa saranno ridotte a un massimo di sei mesi per le cure ospedaliere e a due mesi per i servizi ambulatoriali.<\/li>\n\n\n\n<li>Entro il <strong>2030<\/strong>, la spesa sanitaria raggiunger\u00e0 il 7% del PIL, con almeno 500 miliardi di HUF di finanziamenti aggiuntivi ogni anno.<\/li>\n\n\n\n<li>Entro il <strong>2035<\/strong>, l&#8217;aspettativa di vita sar\u00e0 aumentata a 80 anni, con il supporto di iniziative di prevenzione pi\u00f9 incisive e di uno stile di vita pi\u00f9 sano.<\/li>\n\n\n\n<li>I servizi di emergenza verrebbero migliorati in modo che le ambulanze arrivino entro <strong>15 minuti in tutto il Paese<\/strong>, insieme al rinnovo della flotta di veicoli.<\/li>\n<\/ul>\n\n\n\n<p>Le riforme includeranno anche la ristrutturazione del sistema ospedaliero. Il piano prevede lo sviluppo di centri regionali ben attrezzati, mantenendo e rafforzando gli ospedali pi\u00f9 piccoli. Le procedure pi\u00f9 complesse verrebbero concentrate in questi centri, mentre le cure di routine rimarrebbero disponibili a livello locale.<\/p>\n\n\n\n<p>Queste proposte puntano a un sistema sanitario pi\u00f9 moderno e meglio finanziato. Tuttavia, le organizzazioni professionali sottolineano che la questione centrale rimane invariata: se ci sar\u00e0 abbastanza personale per farlo funzionare &#8211; e se, al di l\u00e0 delle riforme strutturali, sar\u00e0 possibile ripristinare l&#8217;autonomia professionale e la fiducia nel sistema.<\/p>\n\n\n\n<p>Anche il contesto economico pi\u00f9 ampio potrebbe influenzare questi piani. Come abbiamo riferito in precedenza, il governo uscente di Orb\u00e1n ha prorogato a tempo indeterminato i principali massimali di prezzo, <strong><a href=\"https:\/\/dailynewshungary.com\/orban-govt-price-caps-incoming-tisza-govt\/\">lasciando le decisioni pi\u00f9 importanti<\/a><\/strong> alla prossima amministrazione.<\/p>\n\n\n\n<p>Foto di copertina: <a href=\"https:\/\/depositphotos.com\/photos\/doctors.html?qview=405711742\" target=\"_blank\" rel=\"noopener\">depositphotos.com<\/a><\/p>\n","protected":false},"excerpt":{"rendered":"<p>Il Partito Tisza afferma di voler avviare cambiamenti sistemici nell&#8217;assistenza sanitaria entro i suoi primi 100 giorni, ma le organizzazioni professionali avvertono che i problemi pi\u00f9 gravi non possono essere risolti nel breve termine. Secondo N\u00e9pszava, proposte legislative dettagliate e pacchetti di politiche sono gi\u00e0 stati sviluppati da gruppi di esperti negli ultimi mesi, il [&hellip;]<\/p>\n","protected":false},"author":91,"featured_media":789623,"comment_status":"open","ping_status":"open","sticky":false,"template":"","format":"standard","meta":{"_display_image":"yes","footnotes":""},"categories":[2408],"tags":[2557,2613,1196,1080],"class_list":["post-789622","post","type-post","status-publish","format-standard","has-post-thumbnail","hentry","category-salute","tag-categoria-vita-in-ungheria","tag-partito-tisza","tag-sistema-sanitario-ungherese","tag-ungherese"],"blocksy_meta":[],"author_username":"api","telegram_post":"","public_post_metadata":{"breaking_news":"yes","important":"no","csempe":"yes","center_tile":"no","disable_thumbnail":"no","target_lang":"","_featured_image_style":"default","telegram_post":"","_xlat_group_id":"5d63d1f0-e95d-4658-8aed-e378451247bd"},"public_rank_math_data":{"title":"%titolo% %sep% %sitename%","description":"","focus_keyword":"sanit\u00e0","canonical_url":"","robots":"","primary_category":"2408","breadcrumb_title":"","facebook_title":"","facebook_description":"","facebook_image":"","facebook_image_id":"","twitter_title":"","twitter_description":"","twitter_image":"","twitter_image_id":"","twitter_card_type":"","twitter_use_facebook":"","advanced_robots":"","pillar_content":"","seo_score":"83","contentai_score":"","rich_snippet":""},"_links":{"self":[{"href":"https:\/\/dailynewshungary.com\/it\/wp-json\/wp\/v2\/posts\/789622","targetHints":{"allow":["GET"]}}],"collection":[{"href":"https:\/\/dailynewshungary.com\/it\/wp-json\/wp\/v2\/posts"}],"about":[{"href":"https:\/\/dailynewshungary.com\/it\/wp-json\/wp\/v2\/types\/post"}],"author":[{"embeddable":true,"href":"https:\/\/dailynewshungary.com\/it\/wp-json\/wp\/v2\/users\/91"}],"replies":[{"embeddable":true,"href":"https:\/\/dailynewshungary.com\/it\/wp-json\/wp\/v2\/comments?post=789622"}],"version-history":[{"count":0,"href":"https:\/\/dailynewshungary.com\/it\/wp-json\/wp\/v2\/posts\/789622\/revisions"}],"wp:featuredmedia":[{"embeddable":true,"href":"https:\/\/dailynewshungary.com\/it\/wp-json\/wp\/v2\/media\/789623"}],"wp:attachment":[{"href":"https:\/\/dailynewshungary.com\/it\/wp-json\/wp\/v2\/media?parent=789622"}],"wp:term":[{"taxonomy":"category","embeddable":true,"href":"https:\/\/dailynewshungary.com\/it\/wp-json\/wp\/v2\/categories?post=789622"},{"taxonomy":"post_tag","embeddable":true,"href":"https:\/\/dailynewshungary.com\/it\/wp-json\/wp\/v2\/tags?post=789622"}],"curies":[{"name":"wp","href":"https:\/\/api.w.org\/{rel}","templated":true}]}}