{"id":789624,"date":"2026-04-28T08:14:20","date_gmt":"2026-04-28T06:14:20","guid":{"rendered":"https:\/\/dailynewshungary.com\/it\/lex-fm-szijjarto-diventera-vicepresidente-del-nuovo-parlamento-ungherese-peter-magyar-ha-reagito-duramente\/"},"modified":"2026-04-28T08:14:20","modified_gmt":"2026-04-28T06:14:20","slug":"lex-fm-szijjarto-diventera-vicepresidente-del-nuovo-parlamento-ungherese-peter-magyar-ha-reagito-duramente","status":"publish","type":"post","link":"https:\/\/dailynewshungary.com\/it\/lex-fm-szijjarto-diventera-vicepresidente-del-nuovo-parlamento-ungherese-peter-magyar-ha-reagito-duramente\/","title":{"rendered":"L\u2019ex FM Szijj\u00e1rt\u00f3 diventer\u00e0 Vicepresidente del nuovo Parlamento ungherese? P\u00e9ter Magyar ha reagito duramente"},"content":{"rendered":"<p><strong>Il Partito Tisza non voter\u00e0 per P\u00e9ter Szijj\u00e1rt\u00f3, che &#8220;ha tradito gli interessi ungheresi&#8221;, come Vicepresidente del Parlamento, ha dichiarato il Primo Ministro eletto P\u00e9ter Magyar sulla sua pagina Facebook marted\u00ec mattina.<\/strong><\/p>\n\n\n\n<p>Il primo ministro entrante ha aggiunto che sta aspettando che Fidesz proponga un nuovo candidato.<\/p>\n\n\n\n<pre class=\"wp-block-verse has-text-align-center has-juicy-peach-gradient-background has-background\"><strong><span style=\"text-decoration: underline;\">Se ti sei perso:<br><\/span><\/strong><br> Szijj\u00e1rt\u00f3-Lavrov<strong>telefonata trapelata:<\/strong><strong> <a href=\"https:\/\/dailynewshungary.com\/it\/telefonata-trapelata-szijjarto-lavrov-i-leader-dellue-e-della-nato-sono-scioccati-dal-tono-deferente-e-dalla-relazione-bizzarra\/\/\">I leader dell'UE e della NATO sono scioccati dal tono deferente e dalla relazione \"bizzarra\"<\/a><br><\/strong><br> <strong>Il Ministro Szijj\u00e1rt\u00f3 ha informato Lavrov durante i colloqui con l'UE e si \u00e8 offerto di inoltrare dei documenti? <a href=\"https:\/\/dailynewshungary.com\/it\/il-ministro-szijjarto-ha-informato-lavrov-durante-i-colloqui-con-lue-e-si-e-offerto-di-inoltrare-dei-documenti-qui-le-registrazioni-trapelate\/\/\">Registrazioni trapelate qui!<\/a><\/strong><\/pre>\n\n<h2 class=\"wp-block-heading\">Il Consiglio della Sacra Corona si rifiuta di approvare il trasferimento della corona alla cerimonia parlamentare<\/h2>\n\n\n\n<p>Il Consiglio della Sacra Corona Unita dell&#8217;Ungheria ha respinto la proposta di spostare la Sacra Corona dal suo posto attuale in Parlamento alla Camera plenaria per la cerimonia ufficiale di giuramento dei deputati, ha <a href=\"https:\/\/mti.hu\/en\/articles\/2026\/04\/28\/holy-crown-board-refuses-approve-moving-crown-parliamentary-ceremony\" target=\"_blank\" rel=\"noopener\">dichiarato il Palazzo S\u00e1ndor nella tarda serata di luned\u00ec<\/a>.<\/p>\n\n\n\n<p>L&#8217;organo doveva decidere se approvare una proposta, avanzata durante le consultazioni politiche che preparano la sessione inaugurale del Parlamento, di collocare e custodire temporaneamente la Sacra Corona nell&#8217;aula plenaria del Parlamento il giorno della sessione inaugurale del 2026.<\/p>\n\n\n\n<figure class=\"wp-block-image aligncenter size-full\"><img decoding=\"async\" src=\"https:\/\/dailynewshungary.b-cdn.net\/wp-content\/uploads\/2026\/04\/Peter-Magyar-Holy-Crown.webp\" alt=\"P\u00e9ter Magyar Holy Crown\" class=\"wp-image-695115\"\/><figcaption class=\"wp-element-caption\">Il prossimo Primo Ministro P\u00e9ter Magyar. Foto: <a href=\"https:\/\/www.facebook.com\/photo.php?fbid=27116063828001375&amp;set=pb.100000733720126.-2207520000&amp;type=3\" target=\"_blank\" rel=\"noopener\">Facebook\/P\u00e9ter Magyar<\/a><\/figcaption><\/figure>\n\n<p>Il Presidente Tamas Sulyok, in qualit\u00e0 di Presidente del Consiglio della Sacra Corona Unita, ha presentato la proposta con il suo sostegno. L&#8217;organo ha discusso la questione, ma non \u00e8 stata raggiunta la maggioranza necessaria per una decisione sostanziale e quindi non \u00e8 stata adottata alcuna risoluzione.<\/p>\n\n\n\n<p>Ci\u00f2 non esclude la possibilit\u00e0 che, se necessario, il giuramento davanti al Parlamento possa avvenire in presenza della Sacra Corona nella sua sede originale nella Sala della Cupola del Parlamento, in modo dignitoso e in conformit\u00e0 con le disposizioni legali pertinenti e le tradizioni storiche, ha affermato il Presidente Sulyok nella dichiarazione.<\/p>\n\n\n\n<figure class=\"wp-block-image aligncenter size-full\"><img decoding=\"async\" src=\"https:\/\/dailynewshungary.b-cdn.net\/wp-content\/uploads\/2026\/04\/PeterMagyarTamasSulyok.webp\" alt=\"P\u00e9ter Magyar elected prime minister Tam\u00e1s Sulyok president Hungary hungarian government\" class=\"wp-image-694744\"\/><figcaption class=\"wp-element-caption\">P\u00e9ter Magyar e il Presidente Tam\u00e1s Sulyok. Foto: <a href=\"https:\/\/www.facebook.com\/photo.php?fbid=27089156674025424&amp;set=pb.100000733720126.-2207520000&amp;type=3\" target=\"_blank\" rel=\"noopener\">P\u00e9ter Magyar\/Facebook<\/a><\/figcaption><\/figure>\n\n<p>Il Consiglio della Sacra Corona Unita \u00e8 composto dal Presidente della Repubblica, dal Primo Ministro, dal Presidente del Parlamento, dal Presidente della Corte Costituzionale, dal Presidente della Curia, dalla Corte Suprema dell&#8217;Ungheria, dal Presidente dell&#8217;Accademia Ungherese delle Scienze e dal Presidente dell&#8217;Accademia Ungherese delle Arti.<\/p>\n\n\n\n<p>Immagine in evidenza: <a href=\"https:\/\/www.facebook.com\/photo\/?fbid=704590184467611&amp;set=a.413640473562585\" target=\"_blank\" rel=\"noopener\">Facebook\/Szijj\u00e1rt\u00f3 P\u00e9ter<\/a><\/p>\n","protected":false},"excerpt":{"rendered":"<p>Il Partito Tisza non voter\u00e0 per P\u00e9ter Szijj\u00e1rt\u00f3, che &#8220;ha tradito gli interessi ungheresi&#8221;, come Vicepresidente del Parlamento, ha dichiarato il Primo Ministro eletto P\u00e9ter Magyar sulla sua pagina Facebook marted\u00ec mattina. Il primo ministro entrante ha aggiunto che sta aspettando che Fidesz proponga un nuovo candidato. Se ti sei perso: Szijj\u00e1rt\u00f3-Lavrovtelefonata trapelata: I leader [&hellip;]<\/p>\n","protected":false},"author":33,"featured_media":789625,"comment_status":"open","ping_status":"open","sticky":false,"template":"","format":"standard","meta":{"_display_image":"yes","footnotes":""},"categories":[2392],"tags":[2457,2616,1295,1069],"class_list":["post-789624","post","type-post","status-publish","format-standard","has-post-thumbnail","hentry","category-ungherese","tag-categoria-politica","tag-governo-magiaro","tag-parlamento-ungherese","tag-ungheria"],"blocksy_meta":[],"author_username":"ugyelet","telegram_post":"","public_post_metadata":{"breaking_news":"yes","important":"no","csempe":"no","center_tile":"no","disable_thumbnail":"no","target_lang":"","_featured_image_style":"hidden","telegram_post":"","_xlat_group_id":"40901407-3b24-490e-985b-95a5f75096b2"},"public_rank_math_data":{"title":"P\u00e9ter Szijj\u00e1rt\u00f3 diventa Vicepresidente del Parlamento?","description":"Il nome dell'ex FM Szijj\u00e1rt\u00f3 \u00e8 stato fatto come nuovo Vicepresidente del Parlamento ungherese - P\u00e9ter Magyar ha reagito duramente.","focus_keyword":"Szijj\u00e1rt\u00f3","canonical_url":"","robots":"","primary_category":"2392","breadcrumb_title":"","facebook_title":"","facebook_description":"","facebook_image":"","facebook_image_id":"","twitter_title":"","twitter_description":"","twitter_image":"","twitter_image_id":"","twitter_card_type":"","twitter_use_facebook":"","advanced_robots":"","pillar_content":"","seo_score":"78","contentai_score":"","rich_snippet":""},"_links":{"self":[{"href":"https:\/\/dailynewshungary.com\/it\/wp-json\/wp\/v2\/posts\/789624","targetHints":{"allow":["GET"]}}],"collection":[{"href":"https:\/\/dailynewshungary.com\/it\/wp-json\/wp\/v2\/posts"}],"about":[{"href":"https:\/\/dailynewshungary.com\/it\/wp-json\/wp\/v2\/types\/post"}],"author":[{"embeddable":true,"href":"https:\/\/dailynewshungary.com\/it\/wp-json\/wp\/v2\/users\/33"}],"replies":[{"embeddable":true,"href":"https:\/\/dailynewshungary.com\/it\/wp-json\/wp\/v2\/comments?post=789624"}],"version-history":[{"count":0,"href":"https:\/\/dailynewshungary.com\/it\/wp-json\/wp\/v2\/posts\/789624\/revisions"}],"wp:featuredmedia":[{"embeddable":true,"href":"https:\/\/dailynewshungary.com\/it\/wp-json\/wp\/v2\/media\/789625"}],"wp:attachment":[{"href":"https:\/\/dailynewshungary.com\/it\/wp-json\/wp\/v2\/media?parent=789624"}],"wp:term":[{"taxonomy":"category","embeddable":true,"href":"https:\/\/dailynewshungary.com\/it\/wp-json\/wp\/v2\/categories?post=789624"},{"taxonomy":"post_tag","embeddable":true,"href":"https:\/\/dailynewshungary.com\/it\/wp-json\/wp\/v2\/tags?post=789624"}],"curies":[{"name":"wp","href":"https:\/\/api.w.org\/{rel}","templated":true}]}}