{"id":789632,"date":"2026-04-28T11:26:18","date_gmt":"2026-04-28T09:26:18","guid":{"rendered":"https:\/\/dailynewshungary.com\/it\/ultime-notizie-peter-magyar-annuncia-altri-ministri\/"},"modified":"2026-04-28T11:26:18","modified_gmt":"2026-04-28T09:26:18","slug":"ultime-notizie-peter-magyar-annuncia-altri-ministri","status":"publish","type":"post","link":"https:\/\/dailynewshungary.com\/it\/ultime-notizie-peter-magyar-annuncia-altri-ministri\/","title":{"rendered":"Ultime notizie: P\u00e9ter Magyar annuncia altri ministri"},"content":{"rendered":"<p><strong>P\u00e9ter Magyar, leader del Partito Tisza, ha nominato Zolt\u00e1n Tarr, vice presidente del partito e capo della sua delegazione al Parlamento Europeo, alla guida del Ministero delle Relazioni Sociali e della Cultura. Nel frattempo, Zolt\u00e1n Tan\u00e1cs, che ha guidato la compilazione del programma del partito &#8220;Ungheria operativa e umana&#8221;, assumer\u00e0 la direzione del Ministero della Scienza e della Tecnologia.<\/strong><\/p>\n\n\n\n<h2 class=\"wp-block-heading\">P\u00e9ter Magyar ha annunciato i nuovi ministri<\/h2>\n\n\n\n<p><a href=\"https:\/\/www.facebook.com\/peter.magyar.102\/posts\/pfbid0WecgqMLt4RqwK1cTwQr9K7RaU7PmnQaghs3c6VKhXRL5HeJr74MnAGBTVxr5Jswdl\" target=\"_blank\" rel=\"noopener\">In un post su Facebook di marted\u00ec<\/a>, il presidente del Partito Tisza ha annunciato i due ruoli ministeriali e ha rivelato che Kriszta B\u00f3dis servir\u00e0 come commissario governativo responsabile della creazione della strategia nazionale di politica sociale, oltre a coordinare orizzontalmente l&#8217;istruzione, i servizi sociali e l&#8217;assistenza sanitaria.<\/p>\n\n\n\n<p>Secondo Magyar, Tarr in qualit\u00e0 di Ministro supervisioner\u00e0 la &#8220;liberazione dall&#8217;influenza politica&#8221; e lo sviluppo del teatro, della danza e della musica, oltre al cinema ungherese. La rinascita sociale, culturale ed economica della nazione \u00e8 inconcepibile senza la libert\u00e0 di pensiero e di arte, ha <a href=\"https:\/\/mti.hu\/hirek\/2026\/04\/28\/tarr-zoltant-es-tanacs-zoltant-miniszternek-kerte-fel-magyar-peter\" target=\"_blank\" rel=\"noopener\">dichiarato Magyar<\/a>.<\/p>\n\n\n\n<p>Ha aggiunto che Tarr si occuper\u00e0 anche della protezione del patrimonio &#8220;deliberatamente trascurato e smantellato&#8221; nell&#8217;ultimo decennio, e che si occuper\u00e0 dello stato delle collezioni pubbliche e delle industrie creative in collaborazione con gli operatori del settore. Il Ministero per le Relazioni Sociali e la Cultura si occuper\u00e0 in futuro delle relazioni con le organizzazioni della societ\u00e0 civile, le chiese e le denominazioni, nonch\u00e9 con gli ungheresi oltre i confini e nella diaspora, ha indicato Magyar. <\/p>\n\n\n\n<p>Magyar ha annunciato che Tan\u00e1cs, in qualit\u00e0 di Ministro, far\u00e0 in modo che l&#8217;Ungheria diventi una nazione moderna, digitale, innovativa e di successo, capace di pensare in modo strategico e a lungo termine e di offrire soluzioni alle sfide scientificamente fondate e a prova di futuro.<\/p>\n\n\n\n<p>I compiti di Tan\u00e1cs comprenderanno anche la garanzia che ogni cittadino e azienda possa accedere a servizi digitali moderni, convenienti, mobili e sicuri, in modo che le risorse di dati dello Stato generino valore e i processi amministrativi siano semplici, ha scritto il leader del Partito Tisza.<\/p>\n\n\n\n<p>Ha osservato che il Ministero della Scienza e della Tecnologia regoler\u00e0 e diriger\u00e0 ulteriormente la politica scientifica, la ricerca e lo sviluppo e l&#8217;innovazione, costruendo al contempo un ecosistema di startup vivace e di successo, per diventare un motore chiave dell&#8217;economia basata sulla conoscenza dell&#8217;Ungheria.<\/p>\n\n\n\n<h2 class=\"wp-block-heading\">Il commissario governativo ha anche annunciato<\/h2>\n\n\n\n<p>Kriszta B\u00f3dis, psicologa, autrice, documentarista, esperta di politica sociale, docente universitaria e consulente sociale, in qualit\u00e0 di commissario governativo supervisioner\u00e0 la strategia di politica sociale e il coordinamento dei settori pertinenti, ha detto Magyar.<\/p>\n\n\n\n<p>Ha sottolineato che la signora B\u00f3dis ha lavorato &#8220;sul campo&#8221; per pi\u00f9 di 30 anni, dove ha costruito il sistema Van Helyed. Questo collega diverse aree della politica sociale per garantire un accesso paritario all&#8217;istruzione di qualit\u00e0 e ai servizi di base per ogni bambino e famiglia, indipendentemente dalle circostanze sociali.<\/p>\n\n\n\n<figure class=\"wp-block-image aligncenter size-full\"><img decoding=\"async\" src=\"https:\/\/dailynewshungary.b-cdn.net\/wp-content\/uploads\/2026\/04\/Peter-Magyar-and-his-new-ministers-e1777375516890.webp\" alt=\"P\u00e9ter Magyar and his new ministers\" class=\"wp-image-695568\"\/><figcaption class=\"wp-element-caption\">Zolt\u00e1n Tarr (l) Krisztina B\u00f3dis (c), P\u00e9ter Magyar (c) e Zolt\u00e1n Tan\u00e1cs (r). Foto: <a href=\"https:\/\/www.facebook.com\/peter.magyar.102\/posts\/pfbid0WecgqMLt4RqwK1cTwQr9K7RaU7PmnQaghs3c6VKhXRL5HeJr74MnAGBTVxr5Jswdl\" target=\"_blank\" rel=\"noopener\">Facebook\/P\u00e9ter Magyar<\/a><\/figcaption><\/figure>\n\n<pre class=\"wp-block-verse has-text-align-center has-juicy-peach-gradient-background has-background\"><strong><span style=\"text-decoration: underline;\">Se ti sei perso:<br><\/span><\/strong><br><strong><a href=\"https:\/\/dailynewshungary.com\/it\/orban-esce-dal-parlamento-figure-di-spicco-si-fanno-da-parte-annunciata-la-fazione-ufficiale-di-fidesz\/\">Orb\u00e1n esce dal Parlamento, figure di spicco si fanno da parte, annunciata la fazione ufficiale di Fidesz<br><\/a><\/strong><br><strong> <a href=\"https:\/\/dailynewshungary.com\/it\/la-casa-della-sorella-dellex-ministro-degli-esteri-szijjarto-e-in-vendita-per-soli-12-milioni-di-euro\/\">La casa della sorella dell'<\/a>ex Ministro degli Esteri <a href=\"https:\/\/dailynewshungary.com\/it\/la-casa-della-sorella-dellex-ministro-degli-esteri-szijjarto-e-in-vendita-per-soli-12-milioni-di-euro\/\">Szijj\u00e1rt\u00f3 \u00e8 in vendita per soli 1,2 milioni di euro<\/a><\/strong><\/pre>","protected":false},"excerpt":{"rendered":"<p>P\u00e9ter Magyar, leader del Partito Tisza, ha nominato Zolt\u00e1n Tarr, vice presidente del partito e capo della sua delegazione al Parlamento Europeo, alla guida del Ministero delle Relazioni Sociali e della Cultura. Nel frattempo, Zolt\u00e1n Tan\u00e1cs, che ha guidato la compilazione del programma del partito &#8220;Ungheria operativa e umana&#8221;, assumer\u00e0 la direzione del Ministero della [&hellip;]<\/p>\n","protected":false},"author":33,"featured_media":789633,"comment_status":"open","ping_status":"open","sticky":false,"template":"","format":"standard","meta":{"_display_image":"yes","footnotes":""},"categories":[2392],"tags":[2457,2616,1080],"class_list":["post-789632","post","type-post","status-publish","format-standard","has-post-thumbnail","hentry","category-ungherese","tag-categoria-politica","tag-governo-magiaro","tag-ungherese"],"blocksy_meta":[],"author_username":"ugyelet","telegram_post":"","public_post_metadata":{"breaking_news":"yes","important":"no","csempe":"yes","center_tile":"no","disable_thumbnail":"no","target_lang":"","_featured_image_style":"hidden","telegram_post":"","_xlat_group_id":"a97cd442-39b4-4791-9abb-74508a5b3b4d"},"public_rank_math_data":{"title":"%title% %sep% %sitename%","description":"P\u00e9ter Magyar ha nominato i capi del Ministero delle Relazioni Sociali e della Cultura e del Ministero della Scienza e della Tecnologia.","focus_keyword":"P\u00e9ter Magyar","canonical_url":"","robots":"","primary_category":"2392","breadcrumb_title":"","facebook_title":"","facebook_description":"","facebook_image":"","facebook_image_id":"","twitter_title":"","twitter_description":"","twitter_image":"","twitter_image_id":"","twitter_card_type":"","twitter_use_facebook":"","advanced_robots":"","pillar_content":"","seo_score":"78","contentai_score":"","rich_snippet":""},"_links":{"self":[{"href":"https:\/\/dailynewshungary.com\/it\/wp-json\/wp\/v2\/posts\/789632","targetHints":{"allow":["GET"]}}],"collection":[{"href":"https:\/\/dailynewshungary.com\/it\/wp-json\/wp\/v2\/posts"}],"about":[{"href":"https:\/\/dailynewshungary.com\/it\/wp-json\/wp\/v2\/types\/post"}],"author":[{"embeddable":true,"href":"https:\/\/dailynewshungary.com\/it\/wp-json\/wp\/v2\/users\/33"}],"replies":[{"embeddable":true,"href":"https:\/\/dailynewshungary.com\/it\/wp-json\/wp\/v2\/comments?post=789632"}],"version-history":[{"count":0,"href":"https:\/\/dailynewshungary.com\/it\/wp-json\/wp\/v2\/posts\/789632\/revisions"}],"wp:featuredmedia":[{"embeddable":true,"href":"https:\/\/dailynewshungary.com\/it\/wp-json\/wp\/v2\/media\/789633"}],"wp:attachment":[{"href":"https:\/\/dailynewshungary.com\/it\/wp-json\/wp\/v2\/media?parent=789632"}],"wp:term":[{"taxonomy":"category","embeddable":true,"href":"https:\/\/dailynewshungary.com\/it\/wp-json\/wp\/v2\/categories?post=789632"},{"taxonomy":"post_tag","embeddable":true,"href":"https:\/\/dailynewshungary.com\/it\/wp-json\/wp\/v2\/tags?post=789632"}],"curies":[{"name":"wp","href":"https:\/\/api.w.org\/{rel}","templated":true}]}}