{"id":789638,"date":"2026-04-28T14:34:00","date_gmt":"2026-04-28T12:34:00","guid":{"rendered":"https:\/\/dailynewshungary.com\/it\/il-premier-uscente-orban-dice-che-lamore-e-stato-il-fulcro-della-sua-campagna-elettorale-e-consegna-le-dimissioni-dalla-presidenza-del-partito\/"},"modified":"2026-04-28T14:34:00","modified_gmt":"2026-04-28T12:34:00","slug":"il-premier-uscente-orban-dice-che-lamore-e-stato-il-fulcro-della-sua-campagna-elettorale-e-consegna-le-dimissioni-dalla-presidenza-del-partito","status":"publish","type":"post","link":"https:\/\/dailynewshungary.com\/it\/il-premier-uscente-orban-dice-che-lamore-e-stato-il-fulcro-della-sua-campagna-elettorale-e-consegna-le-dimissioni-dalla-presidenza-del-partito\/","title":{"rendered":"Il premier uscente Orb\u00e1n dice che l\u2019amore \u00e8 stato il fulcro della sua campagna elettorale, e consegna le dimissioni dalla presidenza del partito"},"content":{"rendered":"<p><strong>Il consiglio nazionale del partito di governo uscente Fidesz ha convocato un congresso per eleggere i funzionari del partito il 13 giugno, ha dichiarato il deputato di Fidesz Tam\u00e1s Deutsch ai giornalisti dopo una riunione del consiglio marted\u00ec. Prima della riunione, Orb\u00e1n ha risposto a diverse domande della stampa. Ha detto che l&#8217;obiettivo della loro campagna \u00e8 stato l&#8217;amore.<\/strong><\/p>\n\n\n\n<p>Secondo <a href=\"https:\/\/www.portfolio.hu\/gazdasag\/20260428\/orban-viktor-a-fidesz-kampanya-a-szeretet-volt-833354\" target=\"_blank\" rel=\"noopener\">Portf\u00f3li\u00f3<\/a>, il premier uscente ha detto che la riunione di oggi comporter\u00e0 un&#8217;analisi approfondita. Ha aggiunto che a maggio decider\u00e0 cosa fare esattamente per vivere. Ha descritto Fidesz come la comunit\u00e0 pi\u00f9 unita del Paese. Crede che Tisza abbia lanciato una campagna che incita all&#8217;odio, mentre la loro si \u00e8 basata sull&#8217;amore. Non ha menzionato la campagna di cartelloni pubblicitari guerrafondai avviata da una ONG legata al governo, n\u00e9 i famigerati video di AI che hanno condiviso e che descrivono come gli uomini ungheresi sarebbero stati trascinati in guerra in Ucraina e uccisi l\u00ec. \u00c8 possibile vedere uno di questi video, condiviso dalla pagina Facebook ufficiale di Budapest Fidesz: <\/p>\n\n\n\n<iframe loading=\"lazy\" src=\"https:\/\/www.facebook.com\/plugins\/video.php?height=476&#038;href=https%3A%2F%2Fwww.facebook.com%2Freel%2F927361983568748%2F&#038;show_text=false&#038;width=267&#038;t=0\" width=\"267\" height=\"476\" style=\"border:none;overflow:hidden\" scrolling=\"no\" frameborder=\"0\" allowfullscreen=\"true\" allow=\"autoplay; clipboard-write; encrypted-media; picture-in-picture; web-share\" allowFullScreen=\"true\"><\/iframe>\n\n\n\n<p>Orb\u00e1n ha detto che P\u00e9ter Szijj\u00e1rt\u00f3 \u00e8 stato il Ministro degli Esteri ungherese di maggior successo e ha espresso la sua preoccupazione per la decisione di Tisza di non accettarlo come Vicepresidente del Parlamento.<\/p>\n\n\n\n<p>L&#8217;ex premier ha presentato le sue dimissioni al consiglio nazionale, che per\u00f2 ha rifiutato di accettarle. Pertanto, Orb\u00e1n rimane a capo del partito di governo uscente Fidesz almeno fino al 13 giugno.<\/p>\n\n\n\n<figure class=\"wp-block-image aligncenter size-full\"><img decoding=\"async\" src=\"https:\/\/dailynewshungary.b-cdn.net\/wp-content\/uploads\/2026\/04\/PM-Orban.webp\" alt=\"PM Viktor Orb\u00e1n\" class=\"wp-image-695573\"\/><figcaption class=\"wp-element-caption\">Orb\u00e1n si dimetter\u00e0 completamente dalla politica quest&#8217;estate? Foto: <a href=\"https:\/\/www.facebook.com\/orbanviktor\/posts\/pfbid03WF5kvixXC8XaYrTMHypE7ACNhWNWXmL5MdCJ75eq6Y3EgphqCLdUhnS1hi457JFl\" target=\"_blank\" rel=\"noopener\">Facebook\/Orb\u00e1n Viktor<\/a><\/figcaption><\/figure>\n\n<p>Sia il leader di Fidesz Viktor Orb\u00e1n che il presidente del consiglio di amministrazione L\u00e1szl\u00f3 K\u00f6v\u00e9r hanno rifiutato di rispondere alle domande dopo l&#8217;incontro.<\/p>\n\n\n\n<p>Fidesz avr\u00e0 44 deputati nel nuovo Parlamento, mentre il KDNP (il Partito Popolare Cristiano Democratico) ne avr\u00e0 8. Tisza avr\u00e0 141 parlamentari, mentre il Mi Haz\u00e1nk (Movimento per la Nostra Patria), di destra, ne avr\u00e0 6.<\/p>\n\n\n\n<p><strong>Se si \u00e8 perso:<\/strong><\/p>\n\n\n\n<pre class=\"wp-block-verse has-text-align-center has-juicy-peach-gradient-background has-background\"><strong><span style=\"text-decoration: underline;\">Se ti sei perso:<br><\/span><\/strong><br> P\u00e9ter<\/pre><pre class=\"wp-block-verse has-text-align-center has-juicy-peach-gradient-background has-background\"><a href=\"https:\/\/dailynewshungary.com\/it\/ultime-notizie-peter-magyar-annuncia-altri-ministri\/\"><strong>Magyar annuncia altri ministri<\/strong><\/a><br><br><strong><a href=\"https:\/\/dailynewshungary.com\/it\/orban-esce-dal-parlamento-figure-di-spicco-si-fanno-da-parte-annunciata-la-fazione-ufficiale-di-fidesz\/\/\">Orb\u00e1n esce dal Parlamento, figure di spicco si fanno da parte, annunciata la fazione ufficiale di Fidesz<\/a><\/strong><\/pre>","protected":false},"excerpt":{"rendered":"<p>Il consiglio nazionale del partito di governo uscente Fidesz ha convocato un congresso per eleggere i funzionari del partito il 13 giugno, ha dichiarato il deputato di Fidesz Tam\u00e1s Deutsch ai giornalisti dopo una riunione del consiglio marted\u00ec. Prima della riunione, Orb\u00e1n ha risposto a diverse domande della stampa. Ha detto che l&#8217;obiettivo della loro [&hellip;]<\/p>\n","protected":false},"author":18,"featured_media":789639,"comment_status":"open","ping_status":"open","sticky":false,"template":"","format":"standard","meta":{"_display_image":"yes","footnotes":""},"categories":[2392],"tags":[2457,1095,1330,1080,1083],"class_list":["post-789638","post","type-post","status-publish","format-standard","has-post-thumbnail","hentry","category-ungherese","tag-categoria-politica","tag-inpr","tag-media","tag-ungherese","tag-viktor-orban"],"blocksy_meta":[],"author_username":"johnwoods","telegram_post":"","public_post_metadata":{"breaking_news":"yes","important":"no","csempe":"yes","center_tile":"no","disable_thumbnail":"no","target_lang":"","_featured_image_style":"hidden","telegram_post":"","_xlat_group_id":"d5ce6a33-07d6-43c6-8f26-b0ac3da7b2cb"},"public_rank_math_data":{"title":"Il Premier Orb\u00e1n dice che l'amore \u00e8 stato il fulcro della sua campagna elettorale","description":"Orb\u00e1n ha rassegnato oggi le sue dimissioni al consiglio nazionale del partito di governo Fidesz uscente e ha risposto alle domande della stampa.","focus_keyword":"Orb\u00e1n","canonical_url":"","robots":"","primary_category":"2392","breadcrumb_title":"","facebook_title":"","facebook_description":"","facebook_image":"","facebook_image_id":"","twitter_title":"","twitter_description":"","twitter_image":"","twitter_image_id":"","twitter_card_type":"","twitter_use_facebook":"","advanced_robots":"","pillar_content":"","seo_score":"79","contentai_score":"","rich_snippet":""},"_links":{"self":[{"href":"https:\/\/dailynewshungary.com\/it\/wp-json\/wp\/v2\/posts\/789638","targetHints":{"allow":["GET"]}}],"collection":[{"href":"https:\/\/dailynewshungary.com\/it\/wp-json\/wp\/v2\/posts"}],"about":[{"href":"https:\/\/dailynewshungary.com\/it\/wp-json\/wp\/v2\/types\/post"}],"author":[{"embeddable":true,"href":"https:\/\/dailynewshungary.com\/it\/wp-json\/wp\/v2\/users\/18"}],"replies":[{"embeddable":true,"href":"https:\/\/dailynewshungary.com\/it\/wp-json\/wp\/v2\/comments?post=789638"}],"version-history":[{"count":0,"href":"https:\/\/dailynewshungary.com\/it\/wp-json\/wp\/v2\/posts\/789638\/revisions"}],"wp:featuredmedia":[{"embeddable":true,"href":"https:\/\/dailynewshungary.com\/it\/wp-json\/wp\/v2\/media\/789639"}],"wp:attachment":[{"href":"https:\/\/dailynewshungary.com\/it\/wp-json\/wp\/v2\/media?parent=789638"}],"wp:term":[{"taxonomy":"category","embeddable":true,"href":"https:\/\/dailynewshungary.com\/it\/wp-json\/wp\/v2\/categories?post=789638"},{"taxonomy":"post_tag","embeddable":true,"href":"https:\/\/dailynewshungary.com\/it\/wp-json\/wp\/v2\/tags?post=789638"}],"curies":[{"name":"wp","href":"https:\/\/api.w.org\/{rel}","templated":true}]}}