{"id":789658,"date":"2026-04-29T06:04:00","date_gmt":"2026-04-29T04:04:00","guid":{"rendered":"https:\/\/dailynewshungary.com\/it\/bruxelles-la-narrativa-anti-unione-europea-dellestrema-destra-potrebbe-crollare-in-ungheria\/"},"modified":"2026-04-29T06:04:00","modified_gmt":"2026-04-29T04:04:00","slug":"bruxelles-la-narrativa-anti-unione-europea-dellestrema-destra-potrebbe-crollare-in-ungheria","status":"publish","type":"post","link":"https:\/\/dailynewshungary.com\/it\/bruxelles-la-narrativa-anti-unione-europea-dellestrema-destra-potrebbe-crollare-in-ungheria\/","title":{"rendered":"Bruxelles: la narrativa anti-Unione Europea dell\u2019estrema destra potrebbe crollare in Ungheria"},"content":{"rendered":"<p><strong>Dopo le elezioni ungheresi, da diversi Paesi europei sono arrivate valutazioni inaspettatamente acute, che sostengono che la narrativa anti-UE costruita dall&#8217;estrema destra nel corso di molti anni \u00e8 giunta al capolinea.<\/strong><\/p>\n\n\n\n<h2 class=\"wp-block-heading\">Ribera: gli ungheresi hanno inviato un messaggio chiaro<\/h2>\n\n\n\n<p>In un&#8217;<a href=\"https:\/\/www.euronews.com\/my-europe\/2026\/04\/17\/hungary-shows-limits-of-anti-eu-narrative-pushed-by-far-right-ribera-tells-euronews\" target=\"_blank\" rel=\"noopener\">intervista<\/a> con Euronews, Ribera ha descritto il risultato delle elezioni come una richiesta &#8220;molto chiara&#8221; di cambiamento, sostenendo che la decisione del popolo ungherese va oltre il semplice cambio di governo e pu\u00f2 anche influenzare la narrativa anti-UE presente in Ungheria.<\/p>\n\n\n\n<blockquote class=\"wp-block-quote is-layout-flow wp-block-quote-is-layout-flow\">\n<p>Secondo Ribera, &#8220;gli elettori ungheresi hanno inviato il messaggio che vogliono un futuro pi\u00f9 europeo e sono pronti a difendere i loro diritti&#8221;.<\/p>\n<\/blockquote>\n\n\n\n<h2 class=\"wp-block-heading\">La politica di Bruxelles si \u00e8 scontrata con un muro<\/h2>\n\n\n\n<p>Ribera ha sostenuto che la lezione pi\u00f9 importante delle elezioni \u00e8 che una campagna antieuropea incessante non pu\u00f2 funzionare all&#8217;infinito. Il Vicepresidente lo ha affermato chiaramente:<\/p>\n\n\n\n<blockquote class=\"wp-block-quote is-layout-flow wp-block-quote-is-layout-flow\">\n<p>&#8220;Questa narrativa contro l&#8217;Europa, contro la cooperazione, non pu\u00f2 vincere nel medio termine&#8221;.<\/p>\n<\/blockquote>\n\n\n\n<p>Ci\u00f2 significa che, sebbene la narrativa anti-UE possa mobilitare gli elettori nel breve termine, non garantisce una maggioranza politica duratura nel lungo periodo. Molti vedono quindi il risultato ungherese come una dimostrazione dei limiti della narrativa anti-UE.<\/p>\n\n\n\n<h2 class=\"wp-block-heading\">Anche il sostegno americano non ha portato a una svolta<\/h2>\n\n\n\n<p>Durante la campagna elettorale, Orb\u00e1n ha ricevuto il sostegno aperto della destra americana. Il Vicepresidente degli Stati Uniti JD Vance ha fatto campagna a suo favore e ha elogiato il suo ruolo nel movimento conservatore internazionale. Secondo Ribera, tuttavia, questo non ha fatto alcuna differenza per il risultato.<\/p>\n\n\n\n<p>La Vicepresidente ha suggerito che l&#8217;elezione ha rivelato i &#8220;limiti e i danni&#8221; di un approccio politico americano di tipo hardline. Ha sostenuto che l&#8217;influenza esterna non poteva prevalere sulla decisione degli elettori ungheresi &#8211; rappresentando un&#8217;altra sconfitta per la narrativa anti-UE.<\/p>\n\n\n\n<h2 class=\"wp-block-heading\">Il messaggio europeo della caduta di Orb\u00e1n<\/h2>\n\n\n\n<p>Sulla base delle osservazioni di Ribera, Bruxelles considera ora l&#8217;Ungheria come un punto di svolta della sua lunga narrativa anti-UE. La domanda non \u00e8 pi\u00f9 se il vecchio libro di giochi funziona ancora, ma cosa potrebbe accadere dopo.<\/p>\n\n\n\n<p>Gli analisti <a href=\"https:\/\/www.theguardian.com\/world\/2026\/apr\/15\/hungary-election-voters-orban-europe-far-right-peter-magyar?\" target=\"_blank\" rel=\"noopener\">consultati<\/a> dal The Guardian concordano anche sul fatto che il peso simbolico della sconfitta di Orb\u00e1n \u00e8 innegabile: \u00e8 stato il leader di estrema destra pi\u00f9 longevo d&#8217;Europa e una sorta di bussola per i movimenti populisti del continente.<\/p>\n\n\n\n<p>Tuttavia, i ricercatori mettono in guardia dall&#8217;ipotizzare un effetto domino automatico.<\/p>\n\n\n\n<p>Sarah de Lange, esperta dell&#8217;Universit\u00e0 di Leiden, sottolinea che non \u00e8 stato il modello ideologico illiberale a fallire, ma un governo specifico gravato da corruzione e fallimenti economici. <\/p>\n\n\n\n<p>In altre parole, se l&#8217;estrema destra pu\u00f2 ancora promettere &#8211; o almeno proiettare l&#8217;apparenza di &#8211; uno standard di vita accettabile e una governance ragionevolmente pulita, questo risultato da solo non rappresenta una minaccia per loro.<\/p>\n\n\n\n<h2 class=\"wp-block-heading\">La Polonia risponde<\/h2>\n\n\n\n<p>Donald Tusk \u00e8 gi\u00e0 tra gli interpreti pi\u00f9 entusiasti della caduta di Orb\u00e1n, incorniciando il risultato ungherese per adattarlo alla sua narrativa politica. Tuttavia &#8211; come avvertiva una precedente analisi dell&#8217;ECFR &#8211; il caso polacco stesso illustra che una &#8216;svolta democratica&#8217; non \u00e8 una garanzia di per s\u00e9: lo sblocco affrettato dei fondi UE a Varsavia ha ristretto il margine di manovra del nuovo governo, anzich\u00e9 rafforzarlo.<\/p>\n\n\n\n<p>Se Bruxelles trarr\u00e0 insegnamento dall&#8217;esperienza ungherese, questa volta proceder\u00e0 con maggiore cautela &#8211; e questo potrebbe essere percepito anche in Polonia, dove il soddisfacimento delle condizioni dello Stato di diritto rimane un processo in corso.<\/p>\n\n\n\n<p><strong>Se se l&#8217;\u00e8 perso:<\/strong><\/p>\n\n\n\n<ul class=\"wp-block-list\">\n<li><a href=\"https:\/\/dailynewshungary.com\/hungary-former-economy-minister-withdraws\/\">L&#8217;ex ministro dell&#8217;economia nazionale ungherese si ritira completamente dalla vita pubblica<\/a><\/li>\n<\/ul>\n","protected":false},"excerpt":{"rendered":"<p>Dopo le elezioni ungheresi, da diversi Paesi europei sono arrivate valutazioni inaspettatamente acute, che sostengono che la narrativa anti-UE costruita dall&#8217;estrema destra nel corso di molti anni \u00e8 giunta al capolinea. Ribera: gli ungheresi hanno inviato un messaggio chiaro In un&#8217;intervista con Euronews, Ribera ha descritto il risultato delle elezioni come una richiesta &#8220;molto chiara&#8221; [&hellip;]<\/p>\n","protected":false},"author":91,"featured_media":789659,"comment_status":"open","ping_status":"open","sticky":false,"template":"","format":"standard","meta":{"_display_image":"yes","footnotes":""},"categories":[1185],"tags":[2504,2500,1069,1075],"class_list":["post-789658","post","type-post","status-publish","format-standard","has-post-thumbnail","hentry","category-politica-in-ungheria","tag-categoria-politica-ungherese","tag-categoria-relazioni-con-lue","tag-ungheria","tag-unione-europea"],"blocksy_meta":[],"author_username":"api","telegram_post":"","public_post_metadata":{"breaking_news":"yes","important":"no","csempe":"yes","center_tile":"no","disable_thumbnail":"no","target_lang":"","_featured_image_style":"default","telegram_post":"","_xlat_group_id":"f780d547-a682-4773-bc46-47faa756bff8"},"public_rank_math_data":{"title":"Bruxelles: Crollo della narrativa anti-UE dell'estrema destra in Ungheria","description":"Le elezioni in Ungheria hanno dato un colpo ad anni di narrativa anti-UE dell'estrema destra, affermano i leader europei.","focus_keyword":"narrativa anti-UE","canonical_url":"","robots":"","primary_category":"1185","breadcrumb_title":"","facebook_title":"","facebook_description":"","facebook_image":"","facebook_image_id":"","twitter_title":"","twitter_description":"","twitter_image":"","twitter_image_id":"","twitter_card_type":"","twitter_use_facebook":"","advanced_robots":"","pillar_content":"","seo_score":"77","contentai_score":"","rich_snippet":""},"_links":{"self":[{"href":"https:\/\/dailynewshungary.com\/it\/wp-json\/wp\/v2\/posts\/789658","targetHints":{"allow":["GET"]}}],"collection":[{"href":"https:\/\/dailynewshungary.com\/it\/wp-json\/wp\/v2\/posts"}],"about":[{"href":"https:\/\/dailynewshungary.com\/it\/wp-json\/wp\/v2\/types\/post"}],"author":[{"embeddable":true,"href":"https:\/\/dailynewshungary.com\/it\/wp-json\/wp\/v2\/users\/91"}],"replies":[{"embeddable":true,"href":"https:\/\/dailynewshungary.com\/it\/wp-json\/wp\/v2\/comments?post=789658"}],"version-history":[{"count":0,"href":"https:\/\/dailynewshungary.com\/it\/wp-json\/wp\/v2\/posts\/789658\/revisions"}],"wp:featuredmedia":[{"embeddable":true,"href":"https:\/\/dailynewshungary.com\/it\/wp-json\/wp\/v2\/media\/789659"}],"wp:attachment":[{"href":"https:\/\/dailynewshungary.com\/it\/wp-json\/wp\/v2\/media?parent=789658"}],"wp:term":[{"taxonomy":"category","embeddable":true,"href":"https:\/\/dailynewshungary.com\/it\/wp-json\/wp\/v2\/categories?post=789658"},{"taxonomy":"post_tag","embeddable":true,"href":"https:\/\/dailynewshungary.com\/it\/wp-json\/wp\/v2\/tags?post=789658"}],"curies":[{"name":"wp","href":"https:\/\/api.w.org\/{rel}","templated":true}]}}