{"id":789663,"date":"2026-04-29T10:15:35","date_gmt":"2026-04-29T08:15:35","guid":{"rendered":"https:\/\/dailynewshungary.com\/it\/sconvolgente-un-uomo-spara-attraverso-la-finestra-di-un-asilo-nido-vicino-a-budapest\/"},"modified":"2026-04-29T10:15:35","modified_gmt":"2026-04-29T08:15:35","slug":"sconvolgente-un-uomo-spara-attraverso-la-finestra-di-un-asilo-nido-vicino-a-budapest","status":"publish","type":"post","link":"https:\/\/dailynewshungary.com\/it\/sconvolgente-un-uomo-spara-attraverso-la-finestra-di-un-asilo-nido-vicino-a-budapest\/","title":{"rendered":"Sconvolgente: Un uomo spara attraverso la finestra di un asilo nido vicino a Budapest"},"content":{"rendered":"<p><strong>Un&#8217;arma sconosciuta ha fatto fuoco nell&#8217;edificio dell&#8217;Asilo Nido Blu di Solym\u00e1r marted\u00ec nel primo pomeriggio; il sospetto autore \u00e8 stato arrestato, conferma la polizia<\/strong>.<\/p>\n\n\n\n<p>L&#8217;Ufficio Municipale di Solym\u00e1r ha annunciato mercoled\u00ec tramite la <a href=\"https:\/\/www.facebook.com\/SolymariPolgarmesteriHivatal\/posts\/pfbid0bEypN8RQ2sEhv1R6EvoFaF8ijiyURStsiCCgv1UyHUuvcacZDetkmNDshGGmQ4eRl\" target=\"_blank\" rel=\"noopener\">sua pagina Facebook<\/a> che un dispositivo sconosciuto \u00e8 stato utilizzato per sparare nell&#8217;edificio dell&#8217;Asilo Nido Blu di Solym\u00e1r marted\u00ec nel primo pomeriggio; il sospetto autore \u00e8 ora in custodia, ha <a href=\"https:\/\/mti.hu\/hirek\/2026\/04\/29\/elfogtak-egy-embert-aki-belott-solymari-kek-ovoda-epuletebe\" target=\"_blank\" rel=\"noopener\">scritto<\/a> l&#8217;<a href=\"https:\/\/mti.hu\/hirek\/2026\/04\/29\/elfogtak-egy-embert-aki-belott-solymari-kek-ovoda-epuletebe\" target=\"_blank\" rel=\"noopener\">Agenzia di stampa ungherese<\/a>.<\/p>\n\n\n\n<p>Come hanno riferito, un proiettile ha perforato la tenda chiusa e disegnata attraverso una finestra aperta di una delle stanze del gruppo; il proiettile \u00e8 caduto dalla parete della stanza al pavimento, senza riportare ferite.<\/p>\n\n\n\n<p>Gli agenti della stazione di polizia di Pilisv\u00f6r\u00f6sv\u00e1r, insieme alle guardie municipali di Solym\u00e1r, sono arrivati sulla scena pochi minuti dopo e hanno arrestato il sospetto.<\/p>\n\n\n\n<p>A causa delle indagini di polizia in corso, l&#8217;ufficio comunale non dispone di ulteriori dettagli al momento, ma condivider\u00e0 senza indugio qualsiasi aggiornamento ricevuto.<\/p>\n\n\n\n<p><strong>Clicchi per altri nostri articoli <a href=\"https:\/\/dailynewshungary.com\/category\/life\/crime\/\">sulla criminalit\u00e0<\/a>:<\/strong><\/p>\n\n\n\n<pre class=\"wp-block-verse has-text-align-center has-juicy-peach-gradient-background has-background\"><strong><a href=\"https:\/\/dailynewshungary.com\/it\/lex-capo-dellorganizzazione-fidesz-e-stato-arrestato-allaeroporto-di-budapest\/\">Ex leader dell'organizzazione Fidesz arrestato all'aeroporto di Budapest<br><\/a><\/strong><br> <strong>18+: <a href=\"https:\/\/dailynewshungary.com\/it\/18-ex-detenuto-ungherese-racconta-anni-di-abusi-sessuali-allinterno-della-casa-di-correzione-statale-e-indica-un-potente-politico\/\/\">Ex detenuto minorenne ungherese racconta anni di abusi sessuali all'interno della casa di correzione statale<\/a>, indicando un potente politico<\/strong><\/pre>\n\n<p>Immagine in evidenza: <a href=\"https:\/\/depositphotos.com\/photo\/assassin-shooting-from-a-moving-car-aggressive-driver-31058301.html\" target=\"_blank\" rel=\"noopener\">illustrazione<\/a><\/p>\n","protected":false},"excerpt":{"rendered":"<p>Un&#8217;arma sconosciuta ha fatto fuoco nell&#8217;edificio dell&#8217;Asilo Nido Blu di Solym\u00e1r marted\u00ec nel primo pomeriggio; il sospetto autore \u00e8 stato arrestato, conferma la polizia. L&#8217;Ufficio Municipale di Solym\u00e1r ha annunciato mercoled\u00ec tramite la sua pagina Facebook che un dispositivo sconosciuto \u00e8 stato utilizzato per sparare nell&#8217;edificio dell&#8217;Asilo Nido Blu di Solym\u00e1r marted\u00ec nel primo pomeriggio; [&hellip;]<\/p>\n","protected":false},"author":33,"featured_media":789664,"comment_status":"open","ping_status":"open","sticky":false,"template":"","format":"standard","meta":{"_display_image":"yes","footnotes":""},"categories":[2394],"tags":[2557,1095,1123,1069],"class_list":["post-789663","post","type-post","status-publish","format-standard","has-post-thumbnail","hentry","category-crimine","tag-categoria-vita-in-ungheria","tag-inpr","tag-polizia-ungherese","tag-ungheria"],"blocksy_meta":[],"author_username":"ugyelet","telegram_post":"","public_post_metadata":{"breaking_news":"yes","important":"no","csempe":"yes","center_tile":"no","disable_thumbnail":"no","target_lang":"","_featured_image_style":"hidden","telegram_post":"","_xlat_group_id":"d51b2e0b-a19b-4ef4-811f-9ab86ff882c3"},"public_rank_math_data":{"title":"%title% %sep% %sitename%","description":"Un'arma sconosciuta \u00e8 stata utilizzata per sparare contro l'edificio dell'Asilo Nido Blu di Solym\u00e1r marted\u00ec nel primo pomeriggio, ha scritto il governo locale.","focus_keyword":"asilo nido","canonical_url":"","robots":"","primary_category":"2394","breadcrumb_title":"","facebook_title":"","facebook_description":"","facebook_image":"","facebook_image_id":"","twitter_title":"","twitter_description":"","twitter_image":"","twitter_image_id":"","twitter_card_type":"","twitter_use_facebook":"","advanced_robots":"","pillar_content":"","seo_score":"77","contentai_score":"","rich_snippet":""},"_links":{"self":[{"href":"https:\/\/dailynewshungary.com\/it\/wp-json\/wp\/v2\/posts\/789663","targetHints":{"allow":["GET"]}}],"collection":[{"href":"https:\/\/dailynewshungary.com\/it\/wp-json\/wp\/v2\/posts"}],"about":[{"href":"https:\/\/dailynewshungary.com\/it\/wp-json\/wp\/v2\/types\/post"}],"author":[{"embeddable":true,"href":"https:\/\/dailynewshungary.com\/it\/wp-json\/wp\/v2\/users\/33"}],"replies":[{"embeddable":true,"href":"https:\/\/dailynewshungary.com\/it\/wp-json\/wp\/v2\/comments?post=789663"}],"version-history":[{"count":0,"href":"https:\/\/dailynewshungary.com\/it\/wp-json\/wp\/v2\/posts\/789663\/revisions"}],"wp:featuredmedia":[{"embeddable":true,"href":"https:\/\/dailynewshungary.com\/it\/wp-json\/wp\/v2\/media\/789664"}],"wp:attachment":[{"href":"https:\/\/dailynewshungary.com\/it\/wp-json\/wp\/v2\/media?parent=789663"}],"wp:term":[{"taxonomy":"category","embeddable":true,"href":"https:\/\/dailynewshungary.com\/it\/wp-json\/wp\/v2\/categories?post=789663"},{"taxonomy":"post_tag","embeddable":true,"href":"https:\/\/dailynewshungary.com\/it\/wp-json\/wp\/v2\/tags?post=789663"}],"curies":[{"name":"wp","href":"https:\/\/api.w.org\/{rel}","templated":true}]}}