{"id":789665,"date":"2026-04-29T11:17:28","date_gmt":"2026-04-29T09:17:28","guid":{"rendered":"https:\/\/dailynewshungary.com\/it\/i-serbi-sono-indignati-con-lungheria-per-la-ferrovia-ad-alta-velocita-belgrado-budapest\/"},"modified":"2026-04-29T11:17:28","modified_gmt":"2026-04-29T09:17:28","slug":"i-serbi-sono-indignati-con-lungheria-per-la-ferrovia-ad-alta-velocita-belgrado-budapest","status":"publish","type":"post","link":"https:\/\/dailynewshungary.com\/it\/i-serbi-sono-indignati-con-lungheria-per-la-ferrovia-ad-alta-velocita-belgrado-budapest\/","title":{"rendered":"I serbi sono indignati con l\u2019Ungheria per la ferrovia ad alta velocit\u00e0 Belgrado-Budapest"},"content":{"rendered":"<p><strong>I ritardi dell&#8217;Ungheria nella linea ferroviaria ad alta velocit\u00e0 Belgrado-Budapest stanno frustrando la Serbia. Nonostante le promesse del Governo Orb\u00e1n di avviare i servizi passeggeri a febbraio, non \u00e8 successo nulla e nessuno sa quando i passeggeri potranno viaggiare sulla linea ricostruita.<\/strong><\/p>\n\n\n\n<p>Secondo <a href=\"https:\/\/24.hu\/belfold\/2026\/04\/28\/budapest-belgrad-vasutvonal-keses\/\" target=\"_blank\" rel=\"noopener\">24.hu<\/a>, la Serbia \u00e8 pronta da tempo e permetterebbe ai suoi passeggeri di viaggiare verso Budapest. La formazione degli operatori delle locomotive \u00e8 iniziata mesi fa, il che significa che anche gli operatori ungheresi si stanno abituando alle locomotive cinesi di tipo Falcon.<\/p>\n\n\n\n<p>Il trasporto merci \u00e8 iniziato il 24 febbraio sulla linea ferroviaria ad alta velocit\u00e0 Belgrado-Budapest. Il gabinetto Orb\u00e1n ha sottolineato questo sviluppo come un risultato chiave durante la campagna elettorale. Attualmente i treni viaggiano a 100 km\/h sulla linea tra le due capitali, ma non si sa quando i passeggeri potranno utilizzare la ferrovia rinnovata.<\/p>\n\n\n\n<figure class=\"wp-block-image aligncenter size-full\"><img loading=\"lazy\" decoding=\"async\" width=\"2048\" height=\"1364\" src=\"https:\/\/dailynewshungary.b-cdn.net\/wp-content\/uploads\/2024\/10\/Belgrade-Budapest-railway-upgrade-4.jpg\" alt=\"Belgrade\u2013Budapest high-speed railway\" class=\"wp-image-613884\" srcset=\"https:\/\/contentf5.dailynewshungary.com\/wp-content\/uploads\/2024\/10\/Belgrade-Budapest-railway-upgrade-4.jpg 2048w, https:\/\/contentf5.dailynewshungary.com\/wp-content\/uploads\/2024\/10\/Belgrade-Budapest-railway-upgrade-4-768x512.jpg 768w, https:\/\/contentf5.dailynewshungary.com\/wp-content\/uploads\/2024\/10\/Belgrade-Budapest-railway-upgrade-4-1536x1023.jpg 1536w, https:\/\/contentf5.dailynewshungary.com\/wp-content\/uploads\/2024\/10\/Belgrade-Budapest-railway-upgrade-4-333x222.jpg 333w, https:\/\/contentf5.dailynewshungary.com\/wp-content\/uploads\/2024\/10\/Belgrade-Budapest-railway-upgrade-4-248x165.jpg 248w, https:\/\/contentf5.dailynewshungary.com\/wp-content\/uploads\/2024\/10\/Belgrade-Budapest-railway-upgrade-4-1030x686.jpg 1030w, https:\/\/contentf5.dailynewshungary.com\/wp-content\/uploads\/2024\/10\/Belgrade-Budapest-railway-upgrade-4-113x75.jpg 113w, https:\/\/contentf5.dailynewshungary.com\/wp-content\/uploads\/2024\/10\/Belgrade-Budapest-railway-upgrade-4-480x320.jpg 480w\" sizes=\"auto, (max-width: 2048px) 100vw, 2048px\" \/><figcaption class=\"wp-element-caption\">Foto: <a href=\"https:\/\/www.facebook.com\/szijjarto.peter.official\/posts\/pfbid0nzMJNdHnWv8tv1TxnjfatdxHRAEACUy1WQZ2EtwEzpbHUPt5vDUo96r17QkJw2rNl?__cft__[0]=AZVq98A9WqQhXcGuuutP31EaTGuYGmaanC_rT_lAFyVENdnPe5nvacX0WmZ9dfDRFhQoDHkJkjtfQTDsyBLtyHVZvjzHfbGbJ6DD7lqYnSfX3bghRDka4_A1n3Z7TIUugciYx0WV8V26rxVEdz7DiULIe1ezTx1xvp9FwMX7FlDpUg&amp;__tn__=%2CO%2CP-R\" target=\"_blank\" rel=\"noopener\">Facebook\/Szijj\u00e1rt\u00f3 P\u00e9ter<\/a><\/figcaption><\/figure>\n\n<p>Le Ferrovie dello Stato Ungheresi stanno effettuando controlli di sicurezza sul sistema ETCS dopo aver rilevato un guasto che potrebbe compromettere la sicurezza del trasporto pubblico a 160 km\/h, la velocit\u00e0 massima per i treni passeggeri sulla linea. Il Ministro dei Trasporti serbo Aleksandra Sofronijevi\u0107 ne ha parlato con l&#8217;emittente statale serba.<\/p>\n\n\n\n<p>\u00c8 interessante notare che i passeggeri possono gi\u00e0 viaggiare a 200 km\/h tra Belgrado e Subotica, una citt\u00e0 con una popolazione in parte ungherese nella regione settentrionale della Vojvodina in Serbia. In Ungheria, la velocit\u00e0 massima sar\u00e0 solo di 160 km\/h, ma le autorizzazioni necessarie devono ancora essere rilasciate.<\/p>\n\n\n\n<figure class=\"wp-block-image aligncenter size-full\"><img loading=\"lazy\" decoding=\"async\" width=\"2048\" height=\"1366\" src=\"https:\/\/dailynewshungary.b-cdn.net\/wp-content\/uploads\/2024\/10\/Belgrade-Budapest-railway-upgrade-2.jpg\" alt=\"Belgrade\u2013Budapest high-speed railway\" class=\"wp-image-613882\" srcset=\"https:\/\/contentf5.dailynewshungary.com\/wp-content\/uploads\/2024\/10\/Belgrade-Budapest-railway-upgrade-2.jpg 2048w, https:\/\/contentf5.dailynewshungary.com\/wp-content\/uploads\/2024\/10\/Belgrade-Budapest-railway-upgrade-2-768x512.jpg 768w, https:\/\/contentf5.dailynewshungary.com\/wp-content\/uploads\/2024\/10\/Belgrade-Budapest-railway-upgrade-2-1536x1025.jpg 1536w, https:\/\/contentf5.dailynewshungary.com\/wp-content\/uploads\/2024\/10\/Belgrade-Budapest-railway-upgrade-2-333x222.jpg 333w, https:\/\/contentf5.dailynewshungary.com\/wp-content\/uploads\/2024\/10\/Belgrade-Budapest-railway-upgrade-2-248x165.jpg 248w, https:\/\/contentf5.dailynewshungary.com\/wp-content\/uploads\/2024\/10\/Belgrade-Budapest-railway-upgrade-2-1030x687.jpg 1030w, https:\/\/contentf5.dailynewshungary.com\/wp-content\/uploads\/2024\/10\/Belgrade-Budapest-railway-upgrade-2-112x75.jpg 112w, https:\/\/contentf5.dailynewshungary.com\/wp-content\/uploads\/2024\/10\/Belgrade-Budapest-railway-upgrade-2-480x320.jpg 480w\" sizes=\"auto, (max-width: 2048px) 100vw, 2048px\" \/><figcaption class=\"wp-element-caption\">La nuova linea ferroviaria. Foto: <a href=\"https:\/\/www.facebook.com\/szijjarto.peter.official\/posts\/pfbid0nzMJNdHnWv8tv1TxnjfatdxHRAEACUy1WQZ2EtwEzpbHUPt5vDUo96r17QkJw2rNl?__cft__[0]=AZVq98A9WqQhXcGuuutP31EaTGuYGmaanC_rT_lAFyVENdnPe5nvacX0WmZ9dfDRFhQoDHkJkjtfQTDsyBLtyHVZvjzHfbGbJ6DD7lqYnSfX3bghRDka4_A1n3Z7TIUugciYx0WV8V26rxVEdz7DiULIe1ezTx1xvp9FwMX7FlDpUg&amp;__tn__=%2CO%2CP-R\" target=\"_blank\" rel=\"noopener\">Facebook\/Szijj\u00e1rt\u00f3 P\u00e9ter<\/a><\/figcaption><\/figure>\n\n<p><strong>Se vi siete persi, ecco altre notizie <a href=\"https:\/\/dailynewshungary.com\/tag\/serbia\/\">relative alla Serbia<\/a>:<\/strong><\/p>\n\n\n\n<pre class=\"wp-block-verse has-text-align-center has-juicy-peach-gradient-background has-background\"><strong>La Serbia dice che l <a href=\"https:\/\/dailynewshungary.com\/it\/la-serbia-dice-che-lapertura-della-ferrovia-budapest-belgrado-dipende-ora-solo-dallungheria\/\">'apertura della ferrovia Budapest-Belgrado dipende ora solo dall'Ungheria<\/a><br><\/strong><br> P\u00e9ter<\/pre><pre class=\"wp-block-verse has-text-align-center has-juicy-peach-gradient-background has-background\"><strong><a href=\"https:\/\/dailynewshungary.com\/it\/peter-magyar-ha-parlato-con-il-leader-ungherese-serbo-cambiamenti-politici-in-arrivo\/\">Magyar ha parlato con il leader ungherese serbo<\/a>: cambiamenti politici in arrivo<\/strong><\/pre>","protected":false},"excerpt":{"rendered":"<p>I ritardi dell&#8217;Ungheria nella linea ferroviaria ad alta velocit\u00e0 Belgrado-Budapest stanno frustrando la Serbia. Nonostante le promesse del Governo Orb\u00e1n di avviare i servizi passeggeri a febbraio, non \u00e8 successo nulla e nessuno sa quando i passeggeri potranno viaggiare sulla linea ricostruita. Secondo 24.hu, la Serbia \u00e8 pronta da tempo e permetterebbe ai suoi passeggeri [&hellip;]<\/p>\n","protected":false},"author":18,"featured_media":789666,"comment_status":"open","ping_status":"open","sticky":false,"template":"","format":"standard","meta":{"_display_image":"yes","footnotes":""},"categories":[2428],"tags":[2529,1095,1317,1523,1480,1080],"class_list":["post-789665","post","type-post","status-publish","format-standard","has-post-thumbnail","hentry","category-travel","tag-category-trasporto-pubblico-ungherese","tag-inpr","tag-serbia","tag-trasporto","tag-treno","tag-ungherese"],"blocksy_meta":[],"author_username":"johnwoods","telegram_post":"","public_post_metadata":{"breaking_news":"yes","important":"no","csempe":"yes","center_tile":"no","disable_thumbnail":"no","target_lang":"","_featured_image_style":"hidden","telegram_post":"","_xlat_group_id":"5480e80c-6fb6-48e0-9f7e-73ce9f1333b2"},"public_rank_math_data":{"title":"I serbi sono indignati per la ferrovia ad alta velocit\u00e0 Belgrado-Budapest","description":"I ritardi dell'Ungheria con la linea ferroviaria ad alta velocit\u00e0 Belgrado-Budapest stanno frustrando la Serbia.","focus_keyword":"Ferrovia ad alta velocit\u00e0 Belgrado-Budapest","canonical_url":"","robots":"","primary_category":"2428","breadcrumb_title":"","facebook_title":"","facebook_description":"","facebook_image":"","facebook_image_id":"","twitter_title":"","twitter_description":"","twitter_image":"","twitter_image_id":"","twitter_card_type":"","twitter_use_facebook":"","advanced_robots":"","pillar_content":"","seo_score":"71","contentai_score":"","rich_snippet":""},"_links":{"self":[{"href":"https:\/\/dailynewshungary.com\/it\/wp-json\/wp\/v2\/posts\/789665","targetHints":{"allow":["GET"]}}],"collection":[{"href":"https:\/\/dailynewshungary.com\/it\/wp-json\/wp\/v2\/posts"}],"about":[{"href":"https:\/\/dailynewshungary.com\/it\/wp-json\/wp\/v2\/types\/post"}],"author":[{"embeddable":true,"href":"https:\/\/dailynewshungary.com\/it\/wp-json\/wp\/v2\/users\/18"}],"replies":[{"embeddable":true,"href":"https:\/\/dailynewshungary.com\/it\/wp-json\/wp\/v2\/comments?post=789665"}],"version-history":[{"count":0,"href":"https:\/\/dailynewshungary.com\/it\/wp-json\/wp\/v2\/posts\/789665\/revisions"}],"wp:featuredmedia":[{"embeddable":true,"href":"https:\/\/dailynewshungary.com\/it\/wp-json\/wp\/v2\/media\/789666"}],"wp:attachment":[{"href":"https:\/\/dailynewshungary.com\/it\/wp-json\/wp\/v2\/media?parent=789665"}],"wp:term":[{"taxonomy":"category","embeddable":true,"href":"https:\/\/dailynewshungary.com\/it\/wp-json\/wp\/v2\/categories?post=789665"},{"taxonomy":"post_tag","embeddable":true,"href":"https:\/\/dailynewshungary.com\/it\/wp-json\/wp\/v2\/tags?post=789665"}],"curies":[{"name":"wp","href":"https:\/\/api.w.org\/{rel}","templated":true}]}}