{"id":789671,"date":"2026-04-29T16:34:00","date_gmt":"2026-04-29T14:34:00","guid":{"rendered":"https:\/\/dailynewshungary.com\/it\/i-nuovi-jet-da-combattimento-gripen-entrano-a-far-parte-delle-forze-aeree-ungheresi-video-foto\/"},"modified":"2026-04-29T16:34:00","modified_gmt":"2026-04-29T14:34:00","slug":"i-nuovi-jet-da-combattimento-gripen-entrano-a-far-parte-delle-forze-aeree-ungheresi-video-foto","status":"publish","type":"post","link":"https:\/\/dailynewshungary.com\/it\/i-nuovi-jet-da-combattimento-gripen-entrano-a-far-parte-delle-forze-aeree-ungheresi-video-foto\/","title":{"rendered":"I nuovi jet da combattimento Gripen entrano a far parte delle forze aeree ungheresi \u2013 video, foto"},"content":{"rendered":"<p><strong>Due nuovi jet da combattimento JAS-39 C Gripen sono arrivati alla base Vit\u00e9z Dezs\u0151 Szentgy\u00f6rgyi della 101esima Brigata Aerea dell&#8217;Aeronautica Militare Ungherese a Kecskem\u00e9t mercoled\u00ec, portando la flotta a 16 aerei da combattimento.<\/strong><\/p>\n\n\n\n<figure class=\"wp-block-image aligncenter size-full\"><img decoding=\"async\" src=\"https:\/\/dailynewshungary.b-cdn.net\/wp-content\/uploads\/2026\/04\/New-Gripen-fighters-1.webp\" alt=\"New Gripen fighters\" class=\"wp-image-695666\"\/><figcaption class=\"wp-element-caption\">Foto: <a href=\"https:\/\/www.facebook.com\/HonvedelmiMiniszterium\/posts\/pfbid02M4WzzccX3kqLwTHCc6RBUnbtdy5hzob3UZd7qPi3sAjuyKLQDuZWTBHZXBZL9g9Nl\" target=\"_blank\" rel=\"noopener\">Facebook\/Honv\u00e9delmi Miniszt\u00e9rium<\/a><\/figcaption><\/figure>\n\n<p>In occasione della cerimonia di consegna e del 20\u00b0 anniversario del servizio dei Gripen in Ungheria, il Colonnello Generale G\u00e1bor B\u00f6r\u00f6ndi, comandante delle Forze Armate Ungheresi, ha descritto i jet come <em>&#8220;pi\u00f9 che semplici aerei o hardware militare&#8221;<\/em>.<\/p>\n\n\n\n<figure class=\"wp-block-image aligncenter size-full\"><img decoding=\"async\" src=\"https:\/\/dailynewshungary.b-cdn.net\/wp-content\/uploads\/2026\/04\/New-Gripen-fighters-2.webp\" alt=\"New Gripen fighters\" class=\"wp-image-695665\"\/><figcaption class=\"wp-element-caption\">Foto: <a href=\"https:\/\/www.facebook.com\/HonvedelmiMiniszterium\/posts\/pfbid02M4WzzccX3kqLwTHCc6RBUnbtdy5hzob3UZd7qPi3sAjuyKLQDuZWTBHZXBZL9g9Nl\" target=\"_blank\" rel=\"noopener\">Facebook\/Honv\u00e9delmi Miniszt\u00e9rium<\/a><\/figcaption><\/figure>\n\n<p>&#8220;<em>Per le truppe ungheresi, sono una garanzia di sovranit\u00e0, la prova dell&#8217;impegno ad essere un alleato della NATO e l&#8217;incarnazione dell&#8217;eccellenza militare ungherese&#8221;,<\/em> ha detto. Ha detto che la giornata non riguarda solo l&#8217;arrivo di due nuovi jet, ma anche una pietra miliare in un processo di lunga durata.<\/p>\n\n\n\n<figure class=\"wp-block-image aligncenter size-full\"><img decoding=\"async\" src=\"https:\/\/dailynewshungary.b-cdn.net\/wp-content\/uploads\/2026\/04\/New-Gripen-fighters-3.webp\" alt=\"New Gripen fighters\" class=\"wp-image-695664\"\/><figcaption class=\"wp-element-caption\">Foto: <a href=\"https:\/\/www.facebook.com\/HonvedelmiMiniszterium\/posts\/pfbid02M4WzzccX3kqLwTHCc6RBUnbtdy5hzob3UZd7qPi3sAjuyKLQDuZWTBHZXBZL9g9Nl\" target=\"_blank\" rel=\"noopener\">Facebook\/Honv\u00e9delmi Miniszt\u00e9rium<\/a><\/figcaption><\/figure>\n\n<p>Ha ricordato che i primi Gripen sono atterrati a Kecskem\u00e9t nel marzo 2006, sono entrati in servizio due anni dopo e dal 2010 assicurano la difesa armata dello spazio aereo dell&#8217;Ungheria e della NATO.<\/p>\n\n\n\n<iframe loading=\"lazy\" src=\"https:\/\/www.facebook.com\/plugins\/video.php?height=314&#038;href=https%3A%2F%2Fwww.facebook.com%2Freel%2F1970723333831243%2F&#038;show_text=false&#038;width=560&#038;t=0\" width=\"560\" height=\"314\" style=\"border:none;overflow:hidden\" scrolling=\"no\" frameborder=\"0\" allowfullscreen=\"true\" allow=\"autoplay; clipboard-write; encrypted-media; picture-in-picture; web-share\" allowFullScreen=\"true\"><\/iframe>\n\n\n\n<p><strong>Se vi siete persi:<\/strong><\/p>\n\n\n\n<pre class=\"wp-block-verse has-text-align-center has-juicy-peach-gradient-background has-background\"><strong><a href=\"https:\/\/dailynewshungary.com\/it\/i-gripen-ungheresi-hanno-intercettato-nuovamente-gli-aerei-militari-russi\/\">I Gripen ungheresi intercettano<\/a> di nuovo<a href=\"https:\/\/dailynewshungary.com\/it\/i-gripen-ungheresi-hanno-intercettato-nuovamente-gli-aerei-militari-russi\/\">gli aerei militari russi<\/a><br><\/strong><br><strong><a href=\"https:\/\/dailynewshungary.com\/it\/ungherese-gripen-jet-nato-piu-grande-esercitazione-di-forza-aerea-in-danimarca\/\/\">Jet Gripen ungheresi La pi\u00f9 grande esercitazione delle forze aeree della NATO in Danimarca<\/a><\/strong><\/pre>","protected":false},"excerpt":{"rendered":"<p>Due nuovi jet da combattimento JAS-39 C Gripen sono arrivati alla base Vit\u00e9z Dezs\u0151 Szentgy\u00f6rgyi della 101esima Brigata Aerea dell&#8217;Aeronautica Militare Ungherese a Kecskem\u00e9t mercoled\u00ec, portando la flotta a 16 aerei da combattimento. In occasione della cerimonia di consegna e del 20\u00b0 anniversario del servizio dei Gripen in Ungheria, il Colonnello Generale G\u00e1bor B\u00f6r\u00f6ndi, comandante [&hellip;]<\/p>\n","protected":false},"author":33,"featured_media":789672,"comment_status":"open","ping_status":"open","sticky":false,"template":"","format":"standard","meta":{"_display_image":"yes","footnotes":""},"categories":[2407],"tags":[2567,1142,1127,1069,1124],"class_list":["post-789671","post","type-post","status-publish","format-standard","has-post-thumbnail","hentry","category-rapido","tag-categoria-flash-news","tag-esercito","tag-galleria-fotografica","tag-ungheria","tag-video"],"blocksy_meta":[],"author_username":"ugyelet","telegram_post":"","public_post_metadata":{"breaking_news":"yes","important":"no","csempe":"no","center_tile":"no","disable_thumbnail":"no","target_lang":"","_featured_image_style":"hidden","telegram_post":"","_xlat_group_id":"11b29d4b-15b2-4f59-85d5-fb143e5ad916"},"public_rank_math_data":{"title":"Nuovi jet da combattimento Gripen si uniscono alle forze aeree ungheresi","description":"Due nuovi jet da combattimento JAS-39 C Gripen sono arrivati alla base Vit\u00e9z Dezs\u0151 Szentgy\u00f6rgyi della 101esima Brigata Aerea dell'Aeronautica Militare Ungherese.","focus_keyword":"Gripen","canonical_url":"","robots":"","primary_category":"2407","breadcrumb_title":"","facebook_title":"","facebook_description":"","facebook_image":"","facebook_image_id":"","twitter_title":"","twitter_description":"","twitter_image":"","twitter_image_id":"","twitter_card_type":"","twitter_use_facebook":"","advanced_robots":"","pillar_content":"","seo_score":"76","contentai_score":"","rich_snippet":""},"_links":{"self":[{"href":"https:\/\/dailynewshungary.com\/it\/wp-json\/wp\/v2\/posts\/789671","targetHints":{"allow":["GET"]}}],"collection":[{"href":"https:\/\/dailynewshungary.com\/it\/wp-json\/wp\/v2\/posts"}],"about":[{"href":"https:\/\/dailynewshungary.com\/it\/wp-json\/wp\/v2\/types\/post"}],"author":[{"embeddable":true,"href":"https:\/\/dailynewshungary.com\/it\/wp-json\/wp\/v2\/users\/33"}],"replies":[{"embeddable":true,"href":"https:\/\/dailynewshungary.com\/it\/wp-json\/wp\/v2\/comments?post=789671"}],"version-history":[{"count":0,"href":"https:\/\/dailynewshungary.com\/it\/wp-json\/wp\/v2\/posts\/789671\/revisions"}],"wp:featuredmedia":[{"embeddable":true,"href":"https:\/\/dailynewshungary.com\/it\/wp-json\/wp\/v2\/media\/789672"}],"wp:attachment":[{"href":"https:\/\/dailynewshungary.com\/it\/wp-json\/wp\/v2\/media?parent=789671"}],"wp:term":[{"taxonomy":"category","embeddable":true,"href":"https:\/\/dailynewshungary.com\/it\/wp-json\/wp\/v2\/categories?post=789671"},{"taxonomy":"post_tag","embeddable":true,"href":"https:\/\/dailynewshungary.com\/it\/wp-json\/wp\/v2\/tags?post=789671"}],"curies":[{"name":"wp","href":"https:\/\/api.w.org\/{rel}","templated":true}]}}