{"id":789673,"date":"2026-04-29T16:52:44","date_gmt":"2026-04-29T14:52:44","guid":{"rendered":"https:\/\/dailynewshungary.com\/it\/peter-magyar-il-premier-uscente-orban-si-schiera-con-gli-oligarchi-che-riciclano-denaro-nellultima-decisione-del-gabinetto\/"},"modified":"2026-04-29T16:52:44","modified_gmt":"2026-04-29T14:52:44","slug":"peter-magyar-il-premier-uscente-orban-si-schiera-con-gli-oligarchi-che-riciclano-denaro-nellultima-decisione-del-gabinetto","status":"publish","type":"post","link":"https:\/\/dailynewshungary.com\/it\/peter-magyar-il-premier-uscente-orban-si-schiera-con-gli-oligarchi-che-riciclano-denaro-nellultima-decisione-del-gabinetto\/","title":{"rendered":"P\u00e9ter Magyar: Il premier uscente Orb\u00e1n si schiera con gli oligarchi che riciclano denaro nell\u2019ultima decisione del gabinetto"},"content":{"rendered":"<p><strong>Il Primo Ministro eletto Peter Magyar ha dichiarato mercoled\u00ec che il Governo uscente di Viktor Orb\u00e1n ha respinto la sua richiesta di un decreto per estendere il periodo di sospensione per i trasferimenti sospettati di riciclaggio di denaro da pochi giorni a 90 giorni, lasciando l&#8217;autorit\u00e0 fiscale nazionale (NAV) senza il potere di bloccare tali transazioni pi\u00f9 a lungo.<\/strong><\/p>\n\n\n\n<h2 class=\"wp-block-heading\">Miliardi possono essere sottratti all&#8217;Ungheria con l&#8217;aiuto di Orb\u00e1n<\/h2>\n\n\n\n<p>In un post su Facebook da Bruxelles, il leader del Partito Tisza <a href=\"https:\/\/mti.hu\/en\/articles\/2026\/04\/29\/magyar-outgoing-government-rejects-90-day-freeze-suspicious-transfers\" target=\"_blank\" rel=\"noopener\">ha riferito di<\/a> aver ricevuto molteplici avvisi che <em>&#8220;oligarchi e politici&#8221;<\/em> vicini all&#8217;attuale governo Orb\u00e1n stavano tentando di trafugare miliardi di fiorini in Sud America e in Asia.<\/p>\n\n\n\n<p>Magyar si trova a Bruxelles per colloqui con la Presidente della Commissione Europea Ursula von der Leyen e il Presidente del Consiglio Europeo Antonio Costa. Magyar ha anche rivelato che il Governo, per volere di Orb\u00e1n, ha eliminato una regola che richiedeva l&#8217;approvazione del Ministro delle Finanze per le spese e gli impegni del Ministero.<\/p>\n\n\n\n<figure class=\"wp-block-image aligncenter size-full\"><img decoding=\"async\" src=\"https:\/\/dailynewshungary.b-cdn.net\/wp-content\/uploads\/2026\/04\/Peter-Magyar-and-Ursula-von-der-Leyen-in-Brussels.webp\" alt=\"P\u00e9ter Magyar and Ursula von der Leyen\" class=\"wp-image-695669\"\/><figcaption class=\"wp-element-caption\">Foto: <a href=\"https:\/\/www.facebook.com\/peter.magyar.102\/posts\/pfbid02EQu1kEHQp8GWo3ynLe7aEX9FGm4d3oaTb5cVYs6X9vWFGuiEJ5Mz2ZL1Vg3ix3Yhl\" target=\"_blank\" rel=\"noopener\">Facebook\/P\u00e9ter Magyar<\/a><\/figcaption><\/figure>\n\n<h2 class=\"wp-block-heading\">P\u00e9ter Magyar: <em>&#8220;Sappiamo cosa state facendo<\/em>&#8220;.<\/h2>\n\n\n\n<p><em>&#8220;Questo significa che i ministeri possono ora elargire miliardi ai compari prima del cambio di governo&#8221;,<\/em> ha detto. <em>&#8220;Stiamo parlando di decine di miliardi, forse centinaia di miliardi di fiorini, mentre un Governo ad interim non dovrebbe avere questo potere&#8221;,<\/em> ha aggiunto.<\/p>\n\n\n\n<p>Rivolgendosi direttamente a Orb\u00e1n, Magyar ha avvertito: <em>&#8220;Sappiamo cosa sta facendo. Tutti coloro che sono coinvolti in questi accordi &#8211; coloro che hanno preso le decisioni o coloro che non sono riusciti a fermarli &#8211; saranno chiamati a risponderne&#8221;.<\/em><\/p>\n\n\n\n<p><strong>P\u00e9ter Magyar ha parlato delle presunte macchinazioni del gabinetto uscente di Orb\u00e1n in un&#8217;intervista in auto:<\/strong><\/p>\n\n\n\n<iframe loading=\"lazy\" src=\"https:\/\/www.facebook.com\/plugins\/video.php?height=476&#038;href=https%3A%2F%2Fwww.facebook.com%2Freel%2F1530389745473837%2F&#038;show_text=false&#038;width=267&#038;t=0\" width=\"267\" height=\"476\" style=\"border:none;overflow:hidden\" scrolling=\"no\" frameborder=\"0\" allowfullscreen=\"true\" allow=\"autoplay; clipboard-write; encrypted-media; picture-in-picture; web-share\" allowFullScreen=\"true\"><\/iframe>\n\n\n\n<p>Nel frattempo, Magyar ha definito la garanzia di miliardi di fondi UE per gli ungheresi, le imprese e il Paese una priorit\u00e0 assoluta per il suo partito e per l&#8217;Ungheria. Il pi\u00f9 urgente \u00e8 lo Strumento per la ripresa e la resilienza, del valore di 10,4 miliardi di euro: 6,5 miliardi di sovvenzioni a fondo perduto e 3,9 miliardi di prestiti a basso interesse.<\/p>\n\n\n\n<pre class=\"wp-block-verse has-text-align-center has-juicy-peach-gradient-background has-background\"><strong><span style=\"text-decoration: underline;\">Se ti sei perso:<br><\/span><\/strong><br><strong><a href=\"https:\/\/dailynewshungary.com\/it\/il-prossimo-premier-magyar-si-rechera-a-bruxelles-per-colloqui-urgenti-sui-fondi-ue-con-ursula-von-der-leyen\/\/\">Il prossimo premier Magyar si recher\u00e0 a Bruxelles per colloqui urgenti sui fondi UE<\/a> con Ursula von der Leyen<\/strong><\/pre>\n\n\n<ul class=\"wp-block-list\"><\/ul>\n\n\n<p>&#8220;<em>Tutti i Paesi dell&#8217;UE hanno ricevuto questi fondi tranne l&#8217;Ungheria, a causa della corruzione su scala industriale di Orb\u00e1n&#8221;,<\/em> ha detto. La scadenza per accedere ai fondi \u00e8 il 31 agosto.<\/p>\n\n\n\n<h2 class=\"wp-block-heading\">Colloqui costruttivi per ottenere i fondi UE congelati<\/h2>\n\n\n\n<p>Gli esperti stanno lavorando da settimane per sbloccare i fondi, ma ora sono necessarie decisioni politiche, ha detto. <em>&#8220;I negoziati stanno procedendo bene, con un impegno costruttivo da parte delle istituzioni europee e degli Stati membri. Tutti capiscono quanto sia fondamentale per l&#8217;Ungheria&#8221;,<\/em> ha osservato Magyar.<\/p>\n\n\n\n<iframe loading=\"lazy\" src=\"https:\/\/www.facebook.com\/plugins\/post.php?href=https%3A%2F%2Fwww.facebook.com%2Fpeter.magyar.102%2Fposts%2Fpfbid02raAj8GDMDxsizggFGpWpuCDCwEqjEdCoUXXMk8es2Mbzrpc6RbZU19WC7GTdLCrBl&#038;show_text=false&#038;width=500\" width=\"500\" height=\"497\" style=\"border:none;overflow:hidden\" scrolling=\"no\" frameborder=\"0\" allowfullscreen=\"true\" allow=\"autoplay; clipboard-write; encrypted-media; picture-in-picture; web-share\"><\/iframe>\n\n\n\n<p>Per accedere ai fondi, l&#8217;Ungheria deve soddisfare condizioni rigorose, alcune gi\u00e0 soddisfatte, ma sono necessari una nuova legislazione e un lavoro di progetto coordinato per ristrutturare, verificare e garantire la trasparenza dei progetti esistenti, ha aggiunto il primo ministro entrante.<\/p>\n\n\n\n<p><strong>Se vi siete persi:<\/strong><\/p>\n\n\n\n<pre class=\"wp-block-verse has-text-align-center has-juicy-peach-gradient-background has-background\"><strong><span style=\"text-decoration: underline;\">Se ti sei perso:<br><\/span><\/strong><br> <strong>Rapporto: <a href=\"https:\/\/dailynewshungary.com\/it\/la-ricchezza-dellelite-ungherese-sotto-orban-viene-fatta-volare-via-da-vienna-dopo-la-sconfitta-elettorale-rapporto\/\/\">La ricchezza dell'\u00e9lite ungherese sotto Orb\u00e1n 'viene fatta volare via da Vienna' dopo la sconfitta elettorale<\/a> - con la reazione dell'autorit\u00e0 fiscale<\/strong><\/pre>","protected":false},"excerpt":{"rendered":"<p>Il Primo Ministro eletto Peter Magyar ha dichiarato mercoled\u00ec che il Governo uscente di Viktor Orb\u00e1n ha respinto la sua richiesta di un decreto per estendere il periodo di sospensione per i trasferimenti sospettati di riciclaggio di denaro da pochi giorni a 90 giorni, lasciando l&#8217;autorit\u00e0 fiscale nazionale (NAV) senza il potere di bloccare tali [&hellip;]<\/p>\n","protected":false},"author":33,"featured_media":789674,"comment_status":"open","ping_status":"open","sticky":false,"template":"","format":"standard","meta":{"_display_image":"yes","footnotes":""},"categories":[2392],"tags":[2457,2617,2619,2612,1069,1083],"class_list":["post-789673","post","type-post","status-publish","format-standard","has-post-thumbnail","hentry","category-ungherese","tag-categoria-politica","tag-governo-magyar","tag-governo-orban","tag-peter-magyar","tag-ungheria","tag-viktor-orban"],"blocksy_meta":[],"author_username":"ugyelet","telegram_post":"","public_post_metadata":{"breaking_news":"yes","important":"no","csempe":"yes","center_tile":"no","disable_thumbnail":"no","target_lang":"","_featured_image_style":"hidden","telegram_post":"","_xlat_group_id":"f6ce46a8-9828-455d-87f4-2a12bc9e8b13"},"public_rank_math_data":{"title":"Il premier uscente Orb\u00e1n si schiera con gli oligarchi che riciclano denaro","description":"Il premier uscente Orb\u00e1n si schiera con gli oligarchi che riciclano denaro nell'ultima decisione del gabinetto, ha affermato P\u00e9ter Magyar in un messaggio.","focus_keyword":"Orb\u00e1n","canonical_url":"","robots":"","primary_category":"2392","breadcrumb_title":"","facebook_title":"","facebook_description":"","facebook_image":"","facebook_image_id":"","twitter_title":"","twitter_description":"","twitter_image":"","twitter_image_id":"","twitter_card_type":"","twitter_use_facebook":"","advanced_robots":"","pillar_content":"","seo_score":"81","contentai_score":"","rich_snippet":""},"_links":{"self":[{"href":"https:\/\/dailynewshungary.com\/it\/wp-json\/wp\/v2\/posts\/789673","targetHints":{"allow":["GET"]}}],"collection":[{"href":"https:\/\/dailynewshungary.com\/it\/wp-json\/wp\/v2\/posts"}],"about":[{"href":"https:\/\/dailynewshungary.com\/it\/wp-json\/wp\/v2\/types\/post"}],"author":[{"embeddable":true,"href":"https:\/\/dailynewshungary.com\/it\/wp-json\/wp\/v2\/users\/33"}],"replies":[{"embeddable":true,"href":"https:\/\/dailynewshungary.com\/it\/wp-json\/wp\/v2\/comments?post=789673"}],"version-history":[{"count":0,"href":"https:\/\/dailynewshungary.com\/it\/wp-json\/wp\/v2\/posts\/789673\/revisions"}],"wp:featuredmedia":[{"embeddable":true,"href":"https:\/\/dailynewshungary.com\/it\/wp-json\/wp\/v2\/media\/789674"}],"wp:attachment":[{"href":"https:\/\/dailynewshungary.com\/it\/wp-json\/wp\/v2\/media?parent=789673"}],"wp:term":[{"taxonomy":"category","embeddable":true,"href":"https:\/\/dailynewshungary.com\/it\/wp-json\/wp\/v2\/categories?post=789673"},{"taxonomy":"post_tag","embeddable":true,"href":"https:\/\/dailynewshungary.com\/it\/wp-json\/wp\/v2\/tags?post=789673"}],"curies":[{"name":"wp","href":"https:\/\/api.w.org\/{rel}","templated":true}]}}