{"id":789675,"date":"2026-04-29T17:25:00","date_gmt":"2026-04-29T15:25:00","guid":{"rendered":"https:\/\/dailynewshungary.com\/it\/ultime-notizie-la-stazione-della-metropolitana-di-budapest-molto-trafficata-e-chiusa-a-causa-del-fumo\/"},"modified":"2026-04-29T17:25:00","modified_gmt":"2026-04-29T15:25:00","slug":"ultime-notizie-la-stazione-della-metropolitana-di-budapest-molto-trafficata-e-chiusa-a-causa-del-fumo","status":"publish","type":"post","link":"https:\/\/dailynewshungary.com\/it\/ultime-notizie-la-stazione-della-metropolitana-di-budapest-molto-trafficata-e-chiusa-a-causa-del-fumo\/","title":{"rendered":"Ultime notizie \u2013 La stazione della metropolitana di Budapest, molto trafficata, \u00e8 chiusa a causa del fumo"},"content":{"rendered":"<p><strong>Il fumo costringe a chiudere la stazione della metropolitana M2 di Keleti mercoled\u00ec. I servizi sono temporaneamente sospesi, informa l&#8217;autorit\u00e0 per la protezione dai disastri MTI.<\/strong><\/p>\n\n\n\n<p>Secondo la dichiarazione, \u00e8 stato segnalato del fumo in un treno sulla piattaforma, che ha provocato la chiusura sia del treno che della stazione. I funzionari <a href=\"https:\/\/mti.hu\/hirek\/2026\/04\/29\/fust-miatt-lezartak-2-es-metro-keleti-palyaudvari-allomasat\" target=\"_blank\" rel=\"noopener\">hanno aggiunto <\/a>che i vigili del fuoco professionisti della capitale stanno cercando la fonte del fumo, ispezionando il tunnel, il treno e i suoi dintorni.<\/p>\n\n\n\n<p><strong>Se vi siete persi:<\/strong><\/p>\n\n\n\n<pre class=\"wp-block-verse has-text-align-center has-juicy-peach-gradient-background has-background\"><strong><span style=\"text-decoration: underline;\">Se ti sei perso:<br><\/span><\/strong><br><strong><a href=\"https:\/\/dailynewshungary.com\/it\/i-serbi-sono-indignati-con-lungheria-per-la-ferrovia-ad-alta-velocita-belgrado-budapest\/\/\">Serbi indignati dall'Ungheria per la ferrovia ad alta velocit\u00e0 Belgrado-Budapest<\/a><\/strong><\/pre>\n\n\n<p><\/p>\n","protected":false},"excerpt":{"rendered":"<p>Il fumo costringe a chiudere la stazione della metropolitana M2 di Keleti mercoled\u00ec. I servizi sono temporaneamente sospesi, informa l&#8217;autorit\u00e0 per la protezione dai disastri MTI. Secondo la dichiarazione, \u00e8 stato segnalato del fumo in un treno sulla piattaforma, che ha provocato la chiusura sia del treno che della stazione. I funzionari hanno aggiunto che [&hellip;]<\/p>\n","protected":false},"author":33,"featured_media":789676,"comment_status":"open","ping_status":"open","sticky":false,"template":"","format":"standard","meta":{"_display_image":"yes","footnotes":""},"categories":[2552],"tags":[1158,2484,1397,1095,1069],"class_list":["post-789675","post","type-post","status-publish","format-standard","has-post-thumbnail","hentry","category-flash","tag-budapest","tag-categoria-notizie-rapide","tag-incidente","tag-inpr","tag-ungheria"],"blocksy_meta":[],"author_username":"ugyelet","telegram_post":"","public_post_metadata":{"breaking_news":"yes","important":"no","csempe":"no","center_tile":"no","disable_thumbnail":"no","target_lang":"","_featured_image_style":"hidden","telegram_post":"","_xlat_group_id":"9d84cb23-d31a-4ca9-a02e-ee52d2318380"},"public_rank_math_data":{"title":"%title% %sep% %sitename%","description":"Il fumo costringe a chiudere la stazione della metropolitana M2 a Keleti mercoled\u00ec. Servizi temporaneamente sospesi.","focus_keyword":"stazione della metropolitana","canonical_url":"","robots":"","primary_category":"2552","breadcrumb_title":"","facebook_title":"","facebook_description":"","facebook_image":"","facebook_image_id":"","twitter_title":"","twitter_description":"","twitter_image":"","twitter_image_id":"","twitter_card_type":"","twitter_use_facebook":"","advanced_robots":"","pillar_content":"","seo_score":"71","contentai_score":"","rich_snippet":""},"_links":{"self":[{"href":"https:\/\/dailynewshungary.com\/it\/wp-json\/wp\/v2\/posts\/789675","targetHints":{"allow":["GET"]}}],"collection":[{"href":"https:\/\/dailynewshungary.com\/it\/wp-json\/wp\/v2\/posts"}],"about":[{"href":"https:\/\/dailynewshungary.com\/it\/wp-json\/wp\/v2\/types\/post"}],"author":[{"embeddable":true,"href":"https:\/\/dailynewshungary.com\/it\/wp-json\/wp\/v2\/users\/33"}],"replies":[{"embeddable":true,"href":"https:\/\/dailynewshungary.com\/it\/wp-json\/wp\/v2\/comments?post=789675"}],"version-history":[{"count":0,"href":"https:\/\/dailynewshungary.com\/it\/wp-json\/wp\/v2\/posts\/789675\/revisions"}],"wp:featuredmedia":[{"embeddable":true,"href":"https:\/\/dailynewshungary.com\/it\/wp-json\/wp\/v2\/media\/789676"}],"wp:attachment":[{"href":"https:\/\/dailynewshungary.com\/it\/wp-json\/wp\/v2\/media?parent=789675"}],"wp:term":[{"taxonomy":"category","embeddable":true,"href":"https:\/\/dailynewshungary.com\/it\/wp-json\/wp\/v2\/categories?post=789675"},{"taxonomy":"post_tag","embeddable":true,"href":"https:\/\/dailynewshungary.com\/it\/wp-json\/wp\/v2\/tags?post=789675"}],"curies":[{"name":"wp","href":"https:\/\/api.w.org\/{rel}","templated":true}]}}