{"id":789679,"date":"2026-04-29T18:44:00","date_gmt":"2026-04-29T16:44:00","guid":{"rendered":"https:\/\/dailynewshungary.com\/it\/avviata-una-nuova-procedura-dinfrazione-contro-lungheria\/"},"modified":"2026-04-29T18:44:00","modified_gmt":"2026-04-29T16:44:00","slug":"avviata-una-nuova-procedura-dinfrazione-contro-lungheria","status":"publish","type":"post","link":"https:\/\/dailynewshungary.com\/it\/avviata-una-nuova-procedura-dinfrazione-contro-lungheria\/","title":{"rendered":"Avviata una nuova procedura d\u2019infrazione contro l\u2019Ungheria"},"content":{"rendered":"<p><strong>La Commissione Europea ha avviato mercoled\u00ec una procedura di infrazione contro l&#8217;Ungheria per i prezzi discriminatori del carburante per le auto immatricolate al di fuori del Paese. Nel frattempo, la CE ha invitato l&#8217;Ungheria ad allineare le sue leggi nazionali alle norme dell&#8217;Unione Europea sulla lotta al traffico di migranti. Infine, la CE ha citato l&#8217;Ungheria per non aver allineato il suo regime fiscale al dettaglio alle norme dell&#8217;Unione Europea.<\/strong><\/p>\n\n\n\n<h2 class=\"wp-block-heading\">Avviata una nuova procedura di infrazione contro l&#8217;Ungheria<\/h2>\n\n\n\n<p>All&#8217;inizio di marzo, il governo ungherese ha introdotto dei massimali sui prezzi del carburante per i veicoli immatricolati in Ungheria, per mitigare l&#8217;impatto sui mercati del conflitto in Medio Oriente e della chiusura dell&#8217;oleodotto Druzhba, attraverso il quale l&#8217;Ungheria riceve il greggio russo.<\/p>\n\n\n\n<p>Nell&#8217;<a href=\"https:\/\/mti.hu\/en\/articles\/2026\/04\/29\/infringement-procedure-launched-against-hungary-over-fuel-price-caps\" target=\"_blank\" rel=\"noopener\">annuncio<\/a> della sua decisione di inviare all&#8217;Ungheria una lettera di messa in mora, che segna l&#8217;avvio di una procedura di infrazione, la CE ha affermato che la misura viola le norme dell&#8217;Unione Europea sulla libera circolazione di beni, servizi e servizi di trasporto su strada, nonch\u00e9 sulla libert\u00e0 di stabilimento e sulla libera circolazione dei lavoratori e la loro parit\u00e0 di trattamento.<\/p>\n\n\n\n<figure class=\"wp-block-image aligncenter size-full\"><img decoding=\"async\" src=\"https:\/\/dailynewshungary.b-cdn.net\/wp-content\/uploads\/2026\/04\/Ursula-von-der-Leyen-European-Commission.webp\" alt=\"Ursula von der Leyen European Commission\" class=\"wp-image-695672\"\/><figcaption class=\"wp-element-caption\">Ursula von der Leyen. Foto: Dursun Aydemir\/Anadolu<\/figcaption><\/figure>\n\n<p>I massimali di prezzo in Ungheria sono fissati a 595 HUF\/litro per la benzina e a 615 HUF\/litro per il diesel. I veicoli con targa straniera pagano ora un prezzo di mercato di circa 667 HUF\/litro per la benzina e 697 HUF\/litro per il diesel.<\/p>\n\n\n\n<h2 class=\"wp-block-heading\">La CE prende decisioni nei casi di procedura d&#8217;infrazione contro l&#8217;Ungheria<\/h2>\n\n\n\n<p>Mercoled\u00ec la Commissione Europea <a href=\"https:\/\/mti.hu\/en\/articles\/2026\/04\/29\/ec-takes-decisions-infringement-procedure-cases-against-hungary\" target=\"_blank\" rel=\"noopener\">ha preso decisioni in diversi casi di procedura d&#8217;infrazione contro l&#8217;Ungheria<\/a>. Nel suo pacchetto di aprile, la CE ha chiesto all&#8217;Ungheria di allineare le sue leggi nazionali alle norme dell&#8217;Unione Europea sulla lotta al traffico di migranti.<\/p>\n\n\n\n<p>La procedura \u00e8 stata avviata perch\u00e9 l&#8217;Ungheria avrebbe omesso di imporre sanzioni efficaci, proporzionate e deterrenti per i reati di traffico di migranti. La CE ha avvertito che la mancanza di un&#8217;efficace azione penale nei confronti dei sospetti trafficanti non solo mina l&#8217;alto livello di sicurezza dell&#8217;UE, ma indebolisce anche le politiche di controllo dell&#8217;immigrazione e delle frontiere.<\/p>\n\n\n\n<figure class=\"wp-block-image aligncenter size-full\"><img decoding=\"async\" src=\"https:\/\/dailynewshungary.b-cdn.net\/wp-content\/uploads\/2026\/04\/Peter-Magyar-and-Ursula-von-der-Leyen-in-Brussels.webp\" alt=\"P\u00e9ter Magyar and Ursula von der Leyen\" class=\"wp-image-695669\"\/><figcaption class=\"wp-element-caption\">Il prossimo premier P\u00e9ter Magyar a colloquio con la von der Leyen. Foto: <a href=\"https:\/\/www.facebook.com\/peter.magyar.102\/posts\/pfbid02EQu1kEHQp8GWo3ynLe7aEX9FGm4d3oaTb5cVYs6X9vWFGuiEJ5Mz2ZL1Vg3ix3Yhl\" target=\"_blank\" rel=\"noopener\">Facebook\/P\u00e9ter Magyar<\/a><\/figcaption><\/figure>\n\n<p>L&#8217;Ungheria, insieme alla Repubblica Ceca, \u00e8 stata deferita alla Corte di Giustizia dell&#8217;Unione Europea per l&#8217;errato recepimento delle norme UE sul mandato d&#8217;arresto europeo. La CE ha affermato che la legge ungherese richiedeva erroneamente alle autorit\u00e0 giudiziarie di rifiutare le richieste relative a determinati reati non punibili secondo la legge ungherese.<\/p>\n\n\n\n<p>L&#8217;organo esecutivo ha anche esortato l&#8217;Ungheria a recepire le norme UE sull&#8217;equilibrio di genere nella leadership aziendale. La direttiva mira a far s\u00ec che almeno il 40% delle posizioni di amministratore non esecutivo o il 33% di tutte le posizioni di amministratore nelle societ\u00e0 europee quotate in borsa siano ricoperte da donne.<\/p>\n\n\n\n<pre class=\"wp-block-verse has-text-align-center has-juicy-peach-gradient-background has-background\"><strong><span style=\"text-decoration: underline;\">Se ti sei perso:<br><\/span><\/strong><br> <strong><a href=\"https:\/\/dailynewshungary.com\/it\/il-nuovo-governo-magiaro-mandera-a-casa-i-lavoratori-ospiti-ecco-cosa-possono-aspettarsi\/\/\">Il nuovo governo magiaro mander\u00e0 a casa i lavoratori ospiti?<\/a> Ecco cosa possono aspettarsi<\/strong><\/pre>\n\n<h2 class=\"wp-block-heading\">La CE cita in giudizio l&#8217;Ungheria per il regime fiscale al dettaglio<\/h2>\n\n\n\n<p>La Commissione Europea ha dichiarato mercoled\u00ec di aver deciso di deferire l&#8217;Ungheria alla Corte di Giustizia dell&#8217;Unione Europea (CJEU) per non aver adeguato il suo regime fiscale al dettaglio alle regole dell&#8217;Unione Europea.<\/p>\n\n\n\n<p>La CE ha affermato che il regime sottopone i rivenditori di propriet\u00e0 straniera ad aliquote fiscali <em>&#8220;elevate e fortemente progressive&#8221;<\/em> sul fatturato, mentre favorisce le catene di propriet\u00e0 locale che operano in franchising, violando le regole dell&#8217;UE sulla libert\u00e0 di stabilimento.<\/p>\n\n\n\n<p>La CE ha avviato la procedura di infrazione contro l&#8217;Ungheria in merito al regime fiscale di vendita al dettaglio nell&#8217;ottobre 2024. Ha portato la procedura al penultimo livello nel giugno 2025, inviando alle autorit\u00e0 un <em>&#8220;parere motivato&#8221;<\/em>.<\/p>\n\n\n\n<p><strong>Se ha perso:<\/strong><\/p>\n\n\n\n<pre class=\"wp-block-verse has-text-align-center has-juicy-peach-gradient-background has-background\"><strong>P\u00e9ter Magyar: Il <a href=\"https:\/\/dailynewshungary.com\/it\/peter-magyar-il-premier-uscente-orban-si-schiera-con-gli-oligarchi-che-riciclano-denaro-nellultima-decisione-del-gabinetto\/\/\">premier uscente Orb\u00e1n si schiera con gli oligarchi riciclatori di denaro<\/a> nell'ultima decisione del gabinetto<\/strong><\/pre>","protected":false},"excerpt":{"rendered":"<p>La Commissione Europea ha avviato mercoled\u00ec una procedura di infrazione contro l&#8217;Ungheria per i prezzi discriminatori del carburante per le auto immatricolate al di fuori del Paese. Nel frattempo, la CE ha invitato l&#8217;Ungheria ad allineare le sue leggi nazionali alle norme dell&#8217;Unione Europea sulla lotta al traffico di migranti. Infine, la CE ha citato [&hellip;]<\/p>\n","protected":false},"author":33,"featured_media":789680,"comment_status":"open","ping_status":"open","sticky":false,"template":"","format":"standard","meta":{"_display_image":"yes","footnotes":""},"categories":[2372],"tags":[1069],"class_list":["post-789679","post","type-post","status-publish","format-standard","has-post-thumbnail","hentry","category-business","tag-ungheria"],"blocksy_meta":[],"author_username":"ugyelet","telegram_post":"","public_post_metadata":{"breaking_news":"yes","important":"no","csempe":"yes","center_tile":"no","disable_thumbnail":"no","target_lang":"","_featured_image_style":"default","telegram_post":"","_xlat_group_id":"e4119a27-ddd9-46c7-99f5-bd0fec12935c"},"public_rank_math_data":{"title":"Nuova procedura d'infrazione avviata contro l'Ungheria","description":"","focus_keyword":"La Commissione Europea ha avviato mercoled\u00ec una procedura d'infrazione contro l'Ungheria per i prezzi discriminatori del carburante.","canonical_url":"","robots":"","primary_category":"2372","breadcrumb_title":"","facebook_title":"","facebook_description":"","facebook_image":"","facebook_image_id":"","twitter_title":"","twitter_description":"","twitter_image":"","twitter_image_id":"","twitter_card_type":"","twitter_use_facebook":"","advanced_robots":"","pillar_content":"","seo_score":"80","contentai_score":"","rich_snippet":""},"_links":{"self":[{"href":"https:\/\/dailynewshungary.com\/it\/wp-json\/wp\/v2\/posts\/789679","targetHints":{"allow":["GET"]}}],"collection":[{"href":"https:\/\/dailynewshungary.com\/it\/wp-json\/wp\/v2\/posts"}],"about":[{"href":"https:\/\/dailynewshungary.com\/it\/wp-json\/wp\/v2\/types\/post"}],"author":[{"embeddable":true,"href":"https:\/\/dailynewshungary.com\/it\/wp-json\/wp\/v2\/users\/33"}],"replies":[{"embeddable":true,"href":"https:\/\/dailynewshungary.com\/it\/wp-json\/wp\/v2\/comments?post=789679"}],"version-history":[{"count":0,"href":"https:\/\/dailynewshungary.com\/it\/wp-json\/wp\/v2\/posts\/789679\/revisions"}],"wp:featuredmedia":[{"embeddable":true,"href":"https:\/\/dailynewshungary.com\/it\/wp-json\/wp\/v2\/media\/789680"}],"wp:attachment":[{"href":"https:\/\/dailynewshungary.com\/it\/wp-json\/wp\/v2\/media?parent=789679"}],"wp:term":[{"taxonomy":"category","embeddable":true,"href":"https:\/\/dailynewshungary.com\/it\/wp-json\/wp\/v2\/categories?post=789679"},{"taxonomy":"post_tag","embeddable":true,"href":"https:\/\/dailynewshungary.com\/it\/wp-json\/wp\/v2\/tags?post=789679"}],"curies":[{"name":"wp","href":"https:\/\/api.w.org\/{rel}","templated":true}]}}