{"id":789693,"date":"2026-04-30T10:28:21","date_gmt":"2026-04-30T08:28:21","guid":{"rendered":"https:\/\/dailynewshungary.com\/it\/il-capo-della-banca-nazionale-ungherese-nominato-sotto-orban-si-impegna-a-collaborare-con-il-gabinetto-tisza-intervista\/"},"modified":"2026-04-30T10:28:21","modified_gmt":"2026-04-30T08:28:21","slug":"il-capo-della-banca-nazionale-ungherese-nominato-sotto-orban-si-impegna-a-collaborare-con-il-gabinetto-tisza-intervista","status":"publish","type":"post","link":"https:\/\/dailynewshungary.com\/it\/il-capo-della-banca-nazionale-ungherese-nominato-sotto-orban-si-impegna-a-collaborare-con-il-gabinetto-tisza-intervista\/","title":{"rendered":"Il capo della Banca Nazionale Ungherese, nominato sotto Orb\u00e1n, si impegna a collaborare con il gabinetto Tisza \u2013 intervista"},"content":{"rendered":"<p><strong>Mih\u00e1ly Varga, presidente della Banca Nazionale Ungherese (MNB) e figura di spicco nominata sotto il governo di Viktor Orb\u00e1n, afferma di puntare a &#8220;buone relazioni di lavoro&#8221; con il nuovo gabinetto ungherese guidato da Tisza, pur ribadendo che la priorit\u00e0 della banca centrale rimane la stabilit\u00e0 dei prezzi. In un&#8217;intervista con HVG, ha anche delineato i piani per aumentare la trasparenza sui fondi di private equity, per rafforzare l&#8217;attenzione della MNB sui compiti principali e per evitare perdite sulla rinegoziazione delle obbligazioni 4iG.<\/strong><\/p>\n\n\n\n<p>Varga ha sostenuto che i movimenti di mercato di aprile &#8211; un fiorino pi\u00f9 forte, rendimenti dei titoli di Stato pi\u00f9 bassi e un mercato azionario in crescita &#8211; creano un&#8217;opportunit\u00e0, ma non sono di per s\u00e9 una garanzia di stabilit\u00e0 duratura. Il mandato primario della MNB rimane la <strong>stabilit\u00e0 dei prezzi<\/strong> e non persegue un obiettivo formale di tasso di cambio, ha detto, pur riconoscendo che un fiorino pi\u00f9 forte pu\u00f2 aiutare a frenare l&#8217;inflazione.<\/p>\n\n\n\n<h2 class=\"wp-block-heading\">Da ministro di Orb\u00e1n a capo della banca centrale in una nuova realt\u00e0 politica<\/h2>\n\n\n\n<p>Mih\u00e1ly Varga \u00e8 stato ministro nel primo governo di Viktor Orb\u00e1n e successivamente \u00e8 tornato al gabinetto, dove ha trascorso pi\u00f9 di 11 anni come ministro nelle amministrazioni guidate da Orb\u00e1n prima di passare alla <a href=\"https:\/\/dailynewshungary.com\/tag\/national-bank-of-hungary\/\">Banca Nazionale Ungherese<\/a>. <\/p>\n\n\n\n<p>Da allora, il panorama politico ungherese ha subito un brusco cambiamento, con il Partito Tisza che ora detiene una maggioranza parlamentare di due terzi. In questo contesto, la promessa di Varga di cercare &#8220;buone relazioni di lavoro&#8221; con il nuovo gabinetto solleva una domanda chiave per i mercati: quanto le priorit\u00e0 della banca centrale si allineeranno con l&#8217;agenda economica del governo e dove la MNB traccer\u00e0 una linea ferma per proteggere la sua indipendenza.<\/p>\n\n\n\n<h2 class=\"wp-block-heading\">Banca Nazionale Ungherese: i mercati vogliono credibilit\u00e0 fiscale, non solo sentimento<\/h2>\n\n\n\n<p>Varga ha affermato che la chiave per una riduzione duratura del premio di rischio a lungo termine dell&#8217;Ungheria risiede principalmente nel Governo: i mercati cercheranno un <strong>percorso di bilancio credibile<\/strong>, un <strong>deficit pi\u00f9 basso<\/strong> e una <strong>traiettoria del debito in diminuzione<\/strong>. Nelle osservazioni evidenziate anche dai giornali economici che hanno citato l&#8217;<a href=\"https:\/\/hvg.hu\/360\/20260430_hvg-varga-mihaly-mnb-elnok-forint-alapkamat-inflacio-kozpenzek-matolcsy-gyorgy-magantokealapok\" target=\"_blank\" rel=\"noopener\">intervista di HVG<\/a>, ha suggerito che gli investitori vorranno piani fiscali pi\u00f9 chiari e a medio termine entro l&#8217;<strong>autunno<\/strong>, poich\u00e9 il &#8220;periodo di grazia&#8221; iniziale nel sentimento del mercato potrebbe svanire.<\/p>\n\n\n\n<p>Ha anche affrontato i rischi di inflazione: sebbene l&#8217;inflazione si sia recentemente attenuata, ha indicato che gli effetti di secondo impatto derivanti dall&#8217;aumento dei costi dell&#8217;energia potrebbero spingere l&#8217;inflazione <strong>di nuovo al di sopra del 5%<\/strong> nel 2026, sottolineando il motivo per cui la banca centrale sta dando priorit\u00e0 alla credibilit\u00e0 e alla stretta disciplina operativa.<\/p>\n\n\n\n<h2 class=\"wp-block-heading\">La propriet\u00e0 dei fondi di private equity diventer\u00e0 pi\u00f9 visibile da luglio 2026<\/h2>\n\n\n\n<p>Uno dei temi politicamente pi\u00f9 sensibili dell&#8217;intervista \u00e8 stata la trasparenza nel settore <strong>dei fondi di private equity<\/strong> in Ungheria, che i critici hanno a lungo descritto come un canale di propriet\u00e0 opaco.<\/p>\n\n\n\n<p>Varga ha confermato che, in seguito agli emendamenti al quadro normativo antiriciclaggio dell&#8217;Ungheria, i <strong>fondi di investimento chiusi e i loro gestori di fondi<\/strong> devono rivelare i loro <strong>proprietari effettivi<\/strong>. A partire dal <strong>luglio 2026<\/strong>, si prevede che questi dati diventino accessibili al pubblico.<\/p>\n\n\n\n<p>Tuttavia, ha messo in guardia dall&#8217;aspettarsi rivelazioni drammatiche, sostenendo che le autorit\u00e0 hanno gi\u00e0 visibilit\u00e0 sulle informazioni chiave. In una nota a margine, ha aggiunto che i media hanno spesso gi\u00e0 identificato i probabili proprietari effettivi con ragionevole precisione. Ha anche osservato che potrebbero essere necessarie ulteriori modifiche a partire dal <strong>2027<\/strong>, per allineare il sistema ungherese alle norme antiriciclaggio dell&#8217;Unione Europea in continua evoluzione.<\/p>\n\n\n\n<pre class=\"wp-block-verse has-morning-salad-gradient-background has-background\"><strong>Se se l'\u00e8 perso oggi:<\/strong> <a href=\"https:\/\/dailynewshungary.com\/it\/il-mese-migliore-degli-ultimi-anni-per-il-fiorino-ungherese-si-conclude-con-una-nota-negativa\/\/\">Il mese migliore degli ultimi anni per il fiorino ungherese si conclude con una nota negativa<\/a><\/pre>\n\n<h2 class=\"wp-block-heading\">Riscadenza delle obbligazioni 4iG: MNB &#8220;non subir\u00e0 perdite<\/h2>\n\n\n\n<p>Varga ha anche affrontato il tema della rinegoziazione delle obbligazioni <strong>4iG<\/strong> emesse nell&#8217;ambito del programma di obbligazioni societarie della MNB. Ha detto che 4iG ha partecipato al programma in modo conforme e che quando la societ\u00e0 ha richiesto una modifica dei termini, la banca centrale ha chiarito che <strong>non avrebbe accettato una perdita<\/strong>.<\/p>\n\n\n\n<p>La rinegoziazione \u00e8 stata approvata solo con un <strong>maggiore onere di interessi<\/strong> per l&#8217;emittente, ha detto. Varga ha aggiunto che la maggior parte delle societ\u00e0 partecipanti sta servendo le proprie obbligazioni in modo corretto, e quando le agenzie di rating segnalano dei problemi, gli emittenti hanno a disposizione un periodo limitato per risolverli &#8211; altrimenti pu\u00f2 scattare l&#8217;obbligo di riacquisto secondo le regole del programma.<\/p>\n\n\n\n<h2 class=\"wp-block-heading\">Le spese dell&#8217;era Matolcsy sono sotto inchiesta, mentre la MNB si ritira dai compiti principali<\/h2>\n\n\n\n<p>Per quanto riguarda l&#8217;esame in corso delle attivit\u00e0 passate della banca centrale, Varga ha detto che la MNB ha fornito documenti all&#8217;<strong>Ufficio Nazionale di Investigazione<\/strong> ungherese in seguito ai rapporti dell&#8217;Ufficio di Revisione dello Stato, e che la leadership della banca centrale ha precedentemente presentato una denuncia penale per sospetto di reati, tra cui la violazione del dovere fiduciario e le accuse di frode. L&#8217;attenzione si concentra sugli <strong>sviluppi immobiliari<\/strong> e sulle <strong>spese delle fondazioni<\/strong> lanciate durante l&#8217;era Matolcsy, ha detto, e la questione \u00e8 ora nelle mani del sistema giudiziario.<\/p>\n\n\n\n<figure class=\"wp-block-image size-large\"><img decoding=\"async\" src=\"https:\/\/dailynewshungary.b-cdn.net\/wp-content\/uploads\/2026\/04\/hungarian-national-bank-mihaly-varga-1280x854.webp\" alt=\"Hungarian National Bank Mihaly Varga X\" class=\"wp-image-695746\"\/><figcaption class=\"wp-element-caption\">Fonte: FB\/Mih\u00e1ly Varga<\/figcaption><\/figure>\n\n<p>Varga ha sottolineato che l&#8217;obiettivo della nuova leadership non \u00e8 quello di &#8220;far crollare&#8221; i beni della fondazione, ma di <strong>minimizzare le perdite<\/strong> e preservare ci\u00f2 che pu\u00f2 essere salvato. Ha detto che nell&#8217;ultimo anno, le misure hanno ridotto il deficit di <strong>oltre 100 miliardi di HUF<\/strong> (circa <strong>274 milioni di euro<\/strong>, con un rapporto di ~365 HUF\/EUR).<\/p>\n\n\n\n<pre class=\"wp-block-verse has-morning-salad-gradient-background has-background\"><strong>Articolo correlato:<\/strong> <a href=\"https:\/\/dailynewshungary.com\/it\/lex-governatore-della-banca-centrale-ungherese-matolcsy-afferma-che-le-accuse-contro-di-lui-sono-infondate\/\/\">L'ex governatore Matolcsy afferma che le accuse contro di lui sono 'infondate<\/a><\/pre>&#8216;\n\n<h2 class=\"wp-block-heading\">Bilancio pi\u00f9 snello, nessun nuovo programma di crescita, vendita di attivit\u00e0 e tagli al personale<\/h2>\n\n\n\n<p>Varga ha affermato che la <strong>Banca Nazionale Ungherese<\/strong> sta tornando al suo mandato principale e sta riducendo le attivit\u00e0 non essenziali. Ha elencato diversi passi concreti:<\/p>\n\n\n\n<ul class=\"wp-block-list\">\n<li>ridurre il bilancio della Banca centrale<\/li>\n\n\n\n<li><strong>non<\/strong> lanciare <strong>nuovi<\/strong> programmi di prestiti agevolati per la crescita o di obbligazioni<\/li>\n\n\n\n<li>vendere le propriet\u00e0 immobiliari in eccesso non necessarie per le operazioni principali<\/li>\n\n\n\n<li>trasferire le opere d&#8217;arte ai musei<\/li>\n\n\n\n<li>tagliando in modo significativo i livelli di personale &#8211; nel rapporto si parla di una <strong>riduzione del 15%<\/strong>, lasciando l&#8217;organico a circa <strong>1.500<\/strong> persone.<\/li>\n<\/ul>\n\n\n\n<p>Varga ha sostenuto che queste mosse sono essenziali per ripristinare la credibilit\u00e0 della MNB e garantire che la politica monetaria sia di nuovo strettamente incentrata sulla <strong>stabilit\u00e0 dei prezzi<\/strong>.<\/p>\n\n\n\n<h2 class=\"wp-block-heading\">Perch\u00e9 questo \u00e8 importante<\/h2>\n\n\n\n<p>Per gli investitori e le famiglie, il messaggio \u00e8 che il miglioramento del sentimento di aprile \u00e8 solo un punto di partenza. La MNB sta segnalando un approccio pi\u00f9 rigoroso, basato sulla credibilit\u00e0, mentre le prospettive finanziarie pi\u00f9 ampie dell&#8217;Ungheria dipendono ancora dal fatto che le misure politiche &#8211; in particolare i piani fiscali e le riforme sulla trasparenza &#8211; corrispondano all&#8217;ottimismo iniziale del mercato.<\/p>\n","protected":false},"excerpt":{"rendered":"<p>Mih\u00e1ly Varga, presidente della Banca Nazionale Ungherese (MNB) e figura di spicco nominata sotto il governo di Viktor Orb\u00e1n, afferma di puntare a &#8220;buone relazioni di lavoro&#8221; con il nuovo gabinetto ungherese guidato da Tisza, pur ribadendo che la priorit\u00e0 della banca centrale rimane la stabilit\u00e0 dei prezzi. In un&#8217;intervista con HVG, ha anche delineato [&hellip;]<\/p>\n","protected":false},"author":91,"featured_media":789694,"comment_status":"open","ping_status":"open","sticky":false,"template":"","format":"standard","meta":{"_display_image":"yes","footnotes":""},"categories":[2372],"tags":[1819,2553,2506,2457,2504,1368,2616,1320,1260,1080],"class_list":["post-789693","post","type-post","status-publish","format-standard","has-post-thumbnail","hentry","category-business","tag-banca-nazionale-ungherese","tag-categoria-economia-ungherese","tag-categoria-finanza-ungherese","tag-categoria-politica","tag-categoria-politica-ungherese","tag-fiorino","tag-governo-magiaro","tag-inflazione","tag-investimenti","tag-ungherese"],"blocksy_meta":[],"author_username":"api","telegram_post":"","public_post_metadata":{"breaking_news":"yes","important":"no","csempe":"yes","center_tile":"no","disable_thumbnail":"no","target_lang":"","_featured_image_style":"default","telegram_post":"","_xlat_group_id":"12d08a11-6499-45a0-9a78-1c62fe2e2eb7"},"public_rank_math_data":{"title":"Il capo della Banca Nazionale Ungherese si impegna a collaborare con Tisza","description":"Mih\u00e1ly Varga afferma che la Banca Nazionale Ungherese collaborer\u00e0 con il gabinetto Tisza, concentrandosi sulla stabilit\u00e0 dei prezzi, sulla trasparenza e sui tagli dei costi.","focus_keyword":"La Banca Nazionale Ungherese","canonical_url":"","robots":"","primary_category":"2372","breadcrumb_title":"","facebook_title":"","facebook_description":"","facebook_image":"","facebook_image_id":"","twitter_title":"","twitter_description":"","twitter_image":"","twitter_image_id":"","twitter_card_type":"","twitter_use_facebook":"","advanced_robots":"","pillar_content":"","seo_score":"73","contentai_score":"","rich_snippet":""},"_links":{"self":[{"href":"https:\/\/dailynewshungary.com\/it\/wp-json\/wp\/v2\/posts\/789693","targetHints":{"allow":["GET"]}}],"collection":[{"href":"https:\/\/dailynewshungary.com\/it\/wp-json\/wp\/v2\/posts"}],"about":[{"href":"https:\/\/dailynewshungary.com\/it\/wp-json\/wp\/v2\/types\/post"}],"author":[{"embeddable":true,"href":"https:\/\/dailynewshungary.com\/it\/wp-json\/wp\/v2\/users\/91"}],"replies":[{"embeddable":true,"href":"https:\/\/dailynewshungary.com\/it\/wp-json\/wp\/v2\/comments?post=789693"}],"version-history":[{"count":0,"href":"https:\/\/dailynewshungary.com\/it\/wp-json\/wp\/v2\/posts\/789693\/revisions"}],"wp:featuredmedia":[{"embeddable":true,"href":"https:\/\/dailynewshungary.com\/it\/wp-json\/wp\/v2\/media\/789694"}],"wp:attachment":[{"href":"https:\/\/dailynewshungary.com\/it\/wp-json\/wp\/v2\/media?parent=789693"}],"wp:term":[{"taxonomy":"category","embeddable":true,"href":"https:\/\/dailynewshungary.com\/it\/wp-json\/wp\/v2\/categories?post=789693"},{"taxonomy":"post_tag","embeddable":true,"href":"https:\/\/dailynewshungary.com\/it\/wp-json\/wp\/v2\/tags?post=789693"}],"curies":[{"name":"wp","href":"https:\/\/api.w.org\/{rel}","templated":true}]}}