{"id":789703,"date":"2026-04-30T16:04:00","date_gmt":"2026-04-30T14:04:00","guid":{"rendered":"https:\/\/dailynewshungary.com\/it\/perche-orban-ha-perso-un-sondaggio-rivela-le-ragioni-principali-della-sconfitta-di-fidesz\/"},"modified":"2026-04-30T16:04:00","modified_gmt":"2026-04-30T14:04:00","slug":"perche-orban-ha-perso-un-sondaggio-rivela-le-ragioni-principali-della-sconfitta-di-fidesz","status":"publish","type":"post","link":"https:\/\/dailynewshungary.com\/it\/perche-orban-ha-perso-un-sondaggio-rivela-le-ragioni-principali-della-sconfitta-di-fidesz\/","title":{"rendered":"Perch\u00e9 Orb\u00e1n ha perso: un sondaggio rivela le ragioni principali della sconfitta di Fidesz"},"content":{"rendered":"<p><strong>L&#8217;atmosfera politica post-elettorale dell&#8217;Ungheria \u00e8 cambiata rapidamente, e non solo a livello di politica di partito. Un sondaggio sull&#8217;opinione pubblica di Medi\u00e1n, commissionato da HVG e RTL, offre una delle istantanee pi\u00f9 chiare del perch\u00e9 Orb\u00e1n ha perso e di ci\u00f2 che gli elettori si aspettano dal nuovo Governo Tisza guidato da P\u00e9ter Magyar.<\/strong><\/p>\n\n\n\n<p>Il risultato principale \u00e8 sorprendente: gli intervistati hanno incolpato pi\u00f9 spesso la corruzione per la sconfitta elettorale del partito di governo. Sebbene le pressioni economiche e le questioni relative al &#8220;costo della vita&#8221; siano ancora importanti, <a href=\"https:\/\/www.klubradio.hu\/hirek\/median-az-emberek-kozel-fele-szerint-a-korrupcio-volt-az-oka-a-fidesz-bukasanak-160384\" target=\"_blank\" rel=\"noopener\">i numeri di Medi\u00e1n<\/a> indicano che l&#8217;integrit\u00e0 e la responsabilit\u00e0 si sono spostate al centro del pensiero degli elettori in un modo che, secondo molti osservatori, non era cos\u00ec dominante nei cicli precedenti.<\/p>\n\n\n\n<h2 class=\"wp-block-heading\">La corruzione emerge come spiegazione principale<\/h2>\n\n\n\n<p>Alla domanda aperta di Medi\u00e1n sulle ragioni dell&#8217;esito delle elezioni, il 49% degli intervistati ha citato la corruzione come il fattore chiave della sconfitta di Fidesz. Altre ragioni sono rimaste molto indietro: il 19% ha menzionato il deterioramento del tenore di vita e il 15% ha fatto riferimento alle &#8220;bugie&#8221;, secondo la sintesi del sondaggio. Altre spiegazioni apparse nelle risposte includevano la messaggistica basata sulla paura e la retorica legata alla guerra.<\/p>\n\n\n\n<p>Per i lettori internazionali, vale la pena di notare cosa significa una domanda di sondaggio &#8220;a risposta aperta&#8221;: gli intervistati non selezionano da un elenco pre-scritto. Al contrario, indicano le proprie ragioni, il che pu\u00f2 rendere la classifica particolarmente rivelatrice di ci\u00f2 che \u00e8 pi\u00f9 saliente nel dibattito pubblico.<\/p>\n\n\n\n<h2 class=\"wp-block-heading\">Un cambiamento nella percezione delle competenze: Magyar guadagna terreno anche tra gli elettori di Fidesz<\/h2>\n\n\n\n<p>I risultati di Medi\u00e1n indicano anche un cambiamento nel modo in cui gli elettori valutano l&#8217;idoneit\u00e0 alla leadership. Secondo la <a href=\"https:\/\/hvg.hu\/360\/20260429_median-tisza-kormany-magyar-peter-varakozasok-elvarasok-kozvelemeny-kutatas\" target=\"_blank\" rel=\"noopener\">sintesi<\/a> del <a href=\"https:\/\/hvg.hu\/360\/20260429_median-tisza-kormany-magyar-peter-varakozasok-elvarasok-kozvelemeny-kutatas\" target=\"_blank\" rel=\"noopener\">sondaggio<\/a>, un elettore di Fidesz su cinque considera ora P\u00e9ter Magyar &#8220;completamente&#8221; o &#8220;piuttosto&#8221; adatto a ricoprire il ruolo di Primo Ministro. Allo stesso tempo, la percezione dell&#8217;idoneit\u00e0 di Viktor Orb\u00e1n si \u00e8 indebolita rispetto a marzo.<\/p>\n\n\n\n<p>Questo non significa necessariamente che gli ex elettori di Fidesz siano passati in massa al nuovo partito di governo. Ma suggerisce che le elezioni hanno aperto uno spazio in cui alcuni elettori precedentemente fedeli sono almeno disposti a contemplare un leader alternativo &#8211; un indicatore significativo in un sistema politico modellato dal lungo dominio di Orb\u00e1n.<\/p>\n\n\n\n<h2 class=\"wp-block-heading\">La speranza aumenta, ma la pazienza rimane: risultati attesi tra 2-3 anni<\/h2>\n\n\n\n<p>Il sondaggio di Medi\u00e1n descrive anche uno stato d&#8217;animo pubblico pi\u00f9 ottimista in generale. Circa tre quarti degli intervistati vedono il periodo a venire come &#8220;speranzoso&#8221;, compreso circa un quarto degli elettori di Fidesz.<\/p>\n\n\n\n<p>Allo stesso tempo, le aspettative sono ambiziose ma non uniformemente immediate. Nella sintesi del sondaggio, solo il 25% si aspetta risultati visibili entro un anno, mentre quasi la met\u00e0 prevede miglioramenti entro due o tre anni. Questa tempistica \u00e8 importante per valutare la stabilit\u00e0 politica: gli elettori sembrano pronti a concedere al nuovo governo un po&#8217; di tempo, ma non un assegno in bianco a tempo indeterminato.<\/p>\n\n\n\n<h2 class=\"wp-block-heading\">Cosa gli elettori vogliono che sia risolto prima: l&#8217;assistenza sanitaria e l&#8217;economia<\/h2>\n\n\n\n<p>Alla richiesta spontanea di indicare le due questioni pi\u00f9 importanti che il nuovo governo dovrebbe affrontare, gli intervistati hanno messo al primo posto la <strong>riforma sanitaria<\/strong>, seguita dalla <strong>ripresa economica<\/strong>. Anche le misure anticorruzione e la responsabilit\u00e0 erano in cima alla lista, insieme alla riforma dell&#8217;istruzione.<\/p>\n\n\n\n<p>Questo ordinamento \u00e8 importante per comprendere la prossima fase. Anche se la corruzione \u00e8 vista come la ragione principale della sconfitta del governo precedente, gli elettori danno ancora priorit\u00e0 ai servizi pubblici quotidiani e alla sicurezza finanziaria &#8211; e potrebbero giudicare la nuova amministrazione in base alla capacit\u00e0 di apportare miglioramenti pratici in queste aree.<\/p>\n\n\n\n<pre class=\"wp-block-verse has-morning-salad-gradient-background has-background\">Se l'ha perso - <a href=\"https:\/\/dailynewshungary.com\/it\/nuovo-sondaggio-sbalorditivo-il-fidesz-di-orban-sta-diventando-un-piccolo-partito-sotto-i-nostri-occhi\/\/\">Nuovo sconcertante sondaggio: il Fidesz di Orb\u00e1n sta diventando rapidamente un partito minore?<\/a><\/pre>\n\n<h2 class=\"wp-block-heading\">Segnali post-elettorali: le istituzioni si adeguano, le indagini accelerano<\/h2>\n\n\n\n<p>Il reportage che ha condiviso indica anche un pi\u00f9 ampio &#8220;cambiamento di clima&#8221; dopo il voto, con le istituzioni e le organizzazioni dei media che sembrano adattarsi rapidamente alla nuova realt\u00e0 politica. Descrive un&#8217;attivit\u00e0 intensificata da parte degli organi di polizia in casi che in precedenza erano considerati in stallo, cos\u00ec come detenzioni e arresti di alto profilo in indagini legate alla corruzione.<\/p>\n\n\n\n<p>Alcune affermazioni rimangono non confermate: ad esempio, il materiale rileva che le presunte azioni presso l&#8217;autorit\u00e0 fiscale (NAV) non sono state verificate pubblicamente. Per i lettori, la chiave di lettura non \u00e8 un singolo caso, ma la percezione &#8211; rafforzata da molteplici sviluppi &#8211; che il sistema si stia muovendo verso una fase pi\u00f9 conflittuale e incentrata sulla responsabilit\u00e0.<\/p>\n\n\n\n<h2 class=\"wp-block-heading\">Perch\u00e9 Orb\u00e1n ha perso &#8211; e perch\u00e9 il prossimo capitolo \u00e8 rischioso<\/h2>\n\n\n\n<p>Presi insieme, i risultati di Medi\u00e1n delineano un&#8217;equazione politica semplice ma impegnativa: gli elettori sembrano aver punito il precedente governo principalmente per la corruzione e l&#8217;arroganza percepita, mentre si aspettano che la nuova leadership migliori i servizi pubblici fondamentali e le prestazioni economiche entro pochi anni.<\/p>\n\n\n\n<p>Si tratta di un&#8217;asticella alta. Il nuovo governo pu\u00f2 beneficiare dello slancio e della buona volont\u00e0, ma le aspettative possono trasformarsi in delusione se le riforme si bloccano, se emergono conflitti interni o se la responsabilit\u00e0 promessa non si concretizza. In breve: il motivo per cui Orb\u00e1n ha perso potrebbe essere pi\u00f9 chiaro che mai, ma la prossima prova sar\u00e0 se la nuova era riuscir\u00e0 a soddisfare le richieste degli elettori.<\/p>\n\n\n\n<p>\ud83d\udc49\ud83d\udce7Le piacciono i nostri articoli e le nostre spiegazioni sui rapidi cambiamenti politici dell&#8217;Ungheria? Si abboni a Daily News Hungary su Substack per ricevere analisi settimanali, punti di dati chiave e le storie da seguire &#8211; direttamente nella sua casella di posta. Si abboni a <a href=\"https:\/\/substack.com\/@thehungaryinsider\" target=\"_blank\" rel=\"noopener\">The Hungary Insider<\/a>.<\/p>\n\n\n\n<pre class=\"wp-block-verse has-morning-salad-gradient-background has-background\"><strong>Cosa succeder\u00e0?<\/strong> <a href=\"https:\/\/dailynewshungary.com\/it\/la-ricchezza-dellelite-ungherese-sotto-orban-viene-fatta-volare-via-da-vienna-dopo-la-sconfitta-elettorale-rapporto\/\/\">Rapporto: La ricchezza dell'\u00e9lite ungherese sotto Orb\u00e1n 'viene fatta volare via da Vienna' dopo la sconfitta elettorale<\/a><\/pre>","protected":false},"excerpt":{"rendered":"<p>L&#8217;atmosfera politica post-elettorale dell&#8217;Ungheria \u00e8 cambiata rapidamente, e non solo a livello di politica di partito. Un sondaggio sull&#8217;opinione pubblica di Medi\u00e1n, commissionato da HVG e RTL, offre una delle istantanee pi\u00f9 chiare del perch\u00e9 Orb\u00e1n ha perso e di ci\u00f2 che gli elettori si aspettano dal nuovo Governo Tisza guidato da P\u00e9ter Magyar. Il [&hellip;]<\/p>\n","protected":false},"author":91,"featured_media":789704,"comment_status":"open","ping_status":"open","sticky":false,"template":"","format":"standard","meta":{"_display_image":"yes","footnotes":""},"categories":[1185],"tags":[2447,2504,1433,2619,1079,1097,1080,1083],"class_list":["post-789703","post","type-post","status-publish","format-standard","has-post-thumbnail","hentry","category-politica-in-ungheria","tag-categoria-elezioni-parlamentari-ungheresi-2026","tag-categoria-politica-ungherese","tag-corruzione","tag-governo-orban","tag-governo-ungherese","tag-sondaggio","tag-ungherese","tag-viktor-orban"],"blocksy_meta":[],"author_username":"api","telegram_post":"","public_post_metadata":{"breaking_news":"yes","important":"yes","csempe":"yes","center_tile":"no","disable_thumbnail":"no","target_lang":"","_featured_image_style":"default","telegram_post":"","_xlat_group_id":"9c7142fb-cda0-417e-8e10-35646875a5f0"},"public_rank_math_data":{"title":"Perch\u00e9 Orb\u00e1n ha perso: un nuovo sondaggio rivela ci\u00f2 che gli elettori hanno rimproverato di pi\u00f9","description":"Un nuovo sondaggio Medi\u00e1n fa luce sul motivo per cui il Fidesz di Orb\u00e1n ha perso - e su ci\u00f2 che gli ungheresi si aspettano dal Governo Tisza.","focus_keyword":"Orb\u00e1n ha perso","canonical_url":"","robots":"","primary_category":"1185","breadcrumb_title":"","facebook_title":"","facebook_description":"","facebook_image":"","facebook_image_id":"","twitter_title":"","twitter_description":"","twitter_image":"","twitter_image_id":"","twitter_card_type":"","twitter_use_facebook":"","advanced_robots":"","pillar_content":"","seo_score":"72","contentai_score":"","rich_snippet":""},"_links":{"self":[{"href":"https:\/\/dailynewshungary.com\/it\/wp-json\/wp\/v2\/posts\/789703","targetHints":{"allow":["GET"]}}],"collection":[{"href":"https:\/\/dailynewshungary.com\/it\/wp-json\/wp\/v2\/posts"}],"about":[{"href":"https:\/\/dailynewshungary.com\/it\/wp-json\/wp\/v2\/types\/post"}],"author":[{"embeddable":true,"href":"https:\/\/dailynewshungary.com\/it\/wp-json\/wp\/v2\/users\/91"}],"replies":[{"embeddable":true,"href":"https:\/\/dailynewshungary.com\/it\/wp-json\/wp\/v2\/comments?post=789703"}],"version-history":[{"count":0,"href":"https:\/\/dailynewshungary.com\/it\/wp-json\/wp\/v2\/posts\/789703\/revisions"}],"wp:featuredmedia":[{"embeddable":true,"href":"https:\/\/dailynewshungary.com\/it\/wp-json\/wp\/v2\/media\/789704"}],"wp:attachment":[{"href":"https:\/\/dailynewshungary.com\/it\/wp-json\/wp\/v2\/media?parent=789703"}],"wp:term":[{"taxonomy":"category","embeddable":true,"href":"https:\/\/dailynewshungary.com\/it\/wp-json\/wp\/v2\/categories?post=789703"},{"taxonomy":"post_tag","embeddable":true,"href":"https:\/\/dailynewshungary.com\/it\/wp-json\/wp\/v2\/tags?post=789703"}],"curies":[{"name":"wp","href":"https:\/\/api.w.org\/{rel}","templated":true}]}}