{"id":789711,"date":"2026-04-30T19:52:22","date_gmt":"2026-04-30T17:52:22","guid":{"rendered":"https:\/\/dailynewshungary.com\/it\/lungheria-mantiene-i-colloqui-con-lue-per-lucraina-sotto-magyar-ecco-perche\/"},"modified":"2026-04-30T19:52:22","modified_gmt":"2026-04-30T17:52:22","slug":"lungheria-mantiene-i-colloqui-con-lue-per-lucraina-sotto-magyar-ecco-perche","status":"publish","type":"post","link":"https:\/\/dailynewshungary.com\/it\/lungheria-mantiene-i-colloqui-con-lue-per-lucraina-sotto-magyar-ecco-perche\/","title":{"rendered":"L\u2019Ungheria mantiene i colloqui con l\u2019UE per l\u2019Ucraina sotto Magyar \u2013 ecco perch\u00e9"},"content":{"rendered":"<p><strong>Il prossimo Primo Ministro ungherese P\u00e9ter Magyar avrebbe detto ai leader dell&#8217;Unione Europea che il suo Governo sosterr\u00e0 l&#8217;apertura dei negoziati di adesione dell&#8217;Ucraina all&#8217;UE solo se Kyiv amplier\u00e0 i diritti della minoranza etnica ungherese in Ucraina, secondo quanto riportato da Bloomberg, citando persone che hanno familiarit\u00e0 con la questione.<\/strong><\/p>\n\n\n\n<p>La posizione \u00e8 tenuta sotto stretta osservazione a Bruxelles e a Kiev, perch\u00e9 l&#8217;Ungheria \u00e8 stata vista come uno degli ostacoli principali per accelerare il percorso dell&#8217;Ucraina nell&#8217;UE. Secondo il rapporto di Bloomberg, i funzionari dell&#8217;UE hanno fatto pressione su Magyar per modificare la precedente resistenza dell&#8217;Ungheria all&#8217;apertura dei colloqui di adesione.<\/p>\n\n\n\n<p>Magyar ha anche segnalato di volere colloqui diretti con il Presidente ucraino Volodymyr Zelenskiy, proponendo un incontro a Berehove (Berehovo\/Beregsz\u00e1sz), nella regione occidentale ucraina della Transcarpazia (K\u00e1rp\u00e1talja). In un messaggio pubblico, ha inquadrato l&#8217;iniziativa come sostegno agli ungheresi etnici &#8220;per rimanere nella loro patria&#8221; e ha chiesto il ripristino dei diritti culturali, linguistici, amministrativi e di istruzione superiore.<\/p>\n\n\n\n<p>Zelenskiy, parlando con <a href=\"https:\/\/www.bloomberg.com\/news\/articles\/2026-04-30\/magyar-wants-help-for-ukraine-s-hungarians-before-backing-eu-bid\" target=\"_blank\" rel=\"noopener\">Bloomberg<\/a>, ha detto che incontrer\u00e0 Magyar in un formato bilaterale o in un altro contesto, aggiungendo che saranno affrontate le questioni che riguardano la minoranza ungherese e che sono cittadini ucraini come tutti gli altri. Ha suggerito che &#8220;non tutto&#8221; \u00e8 risolto, ma ha minimizzato la portata della controversia.<\/p>\n\n\n\n<h2 class=\"wp-block-heading\">Contesto di Bruxelles: speranza di un reset, ma le pressioni rimangono<\/h2>\n\n\n\n<p>I funzionari europei speravano che la posizione dell&#8217;Ungheria sull&#8217;Ucraina potesse ammorbidirsi dopo la partenza di Orb\u00e1n, visti gli sforzi del nuovo governo per ricostruire la fiducia con le istituzioni dell&#8217;UE e sbloccare i fondi UE congelati. Magyar ha gi\u00e0 avuto colloqui di alto livello a Bruxelles, compresi incontri con la Presidente della Commissione Europea Ursula von der Leyen e il Presidente del Consiglio Europeo Ant\u00f3nio Costa, descrivendo le discussioni come costruttive.<\/p>\n\n\n\n<p>Tuttavia, il dossier Ucraina rimane politicamente sensibile. Collegare i passi dell&#8217;adesione ai diritti delle minoranze segnala la continuit\u00e0 su una questione centrale: Le critiche di lunga data dell&#8217;Ungheria alle politiche dell&#8217;Ucraina in materia di minoranze e di istruzione che riguardano la scuola in lingua ungherese e l&#8217;uso pubblico della lingua in Transcarpazia.<\/p>\n\n\n\n<h2 class=\"wp-block-heading\">Spiegazione: chi sono gli ungheresi della Transcarpazia?<\/h2>\n\n\n\n<p>La comunit\u00e0 etnica ungherese in Ucraina \u00e8 concentrata nella Zakarpattia (Transcarpazia, in ungherese: K\u00e1rp\u00e1talja), una regione confinante con l&#8217;Ungheria. Le stime variano, ma i rapporti internazionali indicano comunemente una comunit\u00e0 di circa 150.000 persone, mentre l&#8217;ultimo censimento completo dell&#8217;Ucraina (2001) ha registrato 156.600 persone di etnia ungherese nel Paese, in gran parte nella Zakarpattia.<\/p>\n\n\n\n<p>Negli ultimi due decenni, il numero di ungheresi in Transcarpazia \u00e8 diminuito a causa dell&#8217;ambiente ostile creato dalle autorit\u00e0 e dai politici ucraini. La guerra ha causato un drastico calo della popolazione ungherese e, secondo stime ottimistiche, oggi ci sono solo 75.000 ungheresi che vivono in Ucraina, o anche meno.<\/p>\n\n\n\n<p>Per molti ungheresi, l&#8217;argomento storico \u00e8 centrale: le trib\u00f9 ungheresi arrivarono nel bacino dei Carpazi intorno all&#8217;895, e le comunit\u00e0 ungheresi hanno vissuto attraverso i confini mutevoli della regione per pi\u00f9 di un millennio.<br>Ecco perch\u00e9 i dibattiti politici ungheresi spesso descrivono gli ungheresi della Transcarpazia non come migranti recenti, ma come una minoranza autoctona di lunga data, i cui diritti dovrebbero essere protetti a prescindere dai confini moderni.<\/p>\n\n\n\n<pre class=\"wp-block-verse has-morning-salad-gradient-background has-background\">Se ve lo siete perso: <a href=\"https:\/\/dailynewshungary.com\/it\/il-primo-ministro-peter-magyar-e-il-presidente-ucraino-zelensky-potrebbero-incontrarsi-presto-in-transcarpazia\/\/\">Il premier P\u00e9ter Magyar e il presidente ucraino Zelensky potrebbero incontrarsi presto in Transcarpazia<\/a><\/pre>\n\n<h2 class=\"wp-block-heading\">Cosa accadr\u00e0 in seguito?<\/h2>\n\n\n\n<p>Le questioni chiave ora sono diplomatiche e procedurali:<\/p>\n\n\n\n<ul class=\"wp-block-list\">\n<li><strong>Kyiv offrir\u00e0 concessioni?<\/strong> La condizione di Magyar \u00e8 inquadrata come un prerequisito per sostenere l&#8217;inizio dei colloqui formali di adesione all&#8217;UE.<\/li>\n\n\n\n<li><strong>Quanto sar\u00e0 dura la pressione di Bruxelles?<\/strong> I leader dell&#8217;UE vogliono l&#8217;unit\u00e0 sull&#8217;Ucraina, ma le fasi di adesione richiedono ancora un accordo politico tra gli Stati membri.<\/li>\n\n\n\n<li><strong>Cosa produrr\u00e0 l&#8217;incontro Zelenskiy-Magyar?<\/strong> Entrambe le parti stanno segnalando un&#8217;apertura, ma non sono d&#8217;accordo sul fatto che ci sia un &#8216;problema reale&#8217; da risolvere.<\/li>\n<\/ul>\n\n\n\n<p>Per ora, Magyar sta cercando di bilanciare due messaggi contemporaneamente: ricostruire la posizione dell&#8217;Ungheria a Bruxelles, insistendo al contempo sul fatto che gli ungheresi della Transcarpazia devono riacquistare i diritti che, a suo dire, sono stati limitati per anni. Se questo diventer\u00e0 un ponte per migliorare i legami con Kiev &#8211; o un nuovo punto di strozzatura nel percorso dell&#8217;Ucraina verso l&#8217;UE &#8211; dipender\u00e0 probabilmente dai passi concreti che seguiranno nelle prossime settimane.<\/p>\n\n\n\n<p>La societ\u00e0 ungherese \u00e8 unita su questo tema e sostiene il ripristino dei diritti fondamentali della minoranza degli ungheresi che vivono in Ucraina. La domanda pi\u00f9 grande \u00e8 perch\u00e9 Zelenskyy non cede su questa questione, che \u00e8 proprio il motivo che il Governo Orb\u00e1n ha addotto per anni per giustificare il suo blocco degli aiuti all&#8217;Ucraina.<\/p>\n\n\n\n<pre class=\"wp-block-verse has-over-sun-gradient-background has-background\">Quale sar\u00e0 il prossimo passo? <a href=\"https:\/\/dailynewshungary.com\/it\/il-disastro-di-chernobyl-e-avvenuto-40-anni-fa-come-lungheria-lo-ha-scoperto\/\/\">Il disastro di Chernobyl avvenne 40 anni fa: come l'Ungheria lo scopr\u00ec<\/a><\/pre>","protected":false},"excerpt":{"rendered":"<p>Il prossimo Primo Ministro ungherese P\u00e9ter Magyar avrebbe detto ai leader dell&#8217;Unione Europea che il suo Governo sosterr\u00e0 l&#8217;apertura dei negoziati di adesione dell&#8217;Ucraina all&#8217;UE solo se Kyiv amplier\u00e0 i diritti della minoranza etnica ungherese in Ucraina, secondo quanto riportato da Bloomberg, citando persone che hanno familiarit\u00e0 con la questione. La posizione \u00e8 tenuta sotto [&hellip;]<\/p>\n","protected":false},"author":91,"featured_media":789712,"comment_status":"open","ping_status":"open","sticky":false,"template":"","format":"standard","meta":{"_display_image":"yes","footnotes":""},"categories":[1185],"tags":[2431,2504,2500,1525,1435,2616,1079,1561,2612,2337,1081,1069],"class_list":["post-789711","post","type-post","status-publish","format-standard","has-post-thumbnail","hentry","category-politica-in-ungheria","tag-categoria-affari-esteri","tag-categoria-politica-ungherese","tag-categoria-relazioni-con-lue","tag-consiglio-deuropa","tag-diritti","tag-governo-magiaro","tag-governo-ungherese","tag-minoranza","tag-peter-magyar","tag-transcarpatia","tag-ucraina","tag-ungheria"],"blocksy_meta":[],"author_username":"api","telegram_post":"","public_post_metadata":{"breaking_news":"yes","important":"no","csempe":"yes","center_tile":"no","disable_thumbnail":"no","target_lang":"","_featured_image_style":"default","telegram_post":"","_xlat_group_id":"93a67fd0-1ae5-487b-aa15-3e908a38a348"},"public_rank_math_data":{"title":"L'Ungheria mantiene i colloqui UE sull'Ucraina sotto Magyar","description":"P\u00e9ter Magyar segnala la continuit\u00e0 con l'era Orb\u00e1n sull'Ucraina, affermando che i colloqui UE rimangono bloccati in attesa di un gesto da parte di Kyiv.","focus_keyword":"Colloqui UE sull'Ucraina","canonical_url":"","robots":"","primary_category":"1185","breadcrumb_title":"","facebook_title":"","facebook_description":"","facebook_image":"","facebook_image_id":"","twitter_title":"","twitter_description":"","twitter_image":"","twitter_image_id":"","twitter_card_type":"","twitter_use_facebook":"","advanced_robots":"","pillar_content":"","seo_score":"62","contentai_score":"","rich_snippet":""},"_links":{"self":[{"href":"https:\/\/dailynewshungary.com\/it\/wp-json\/wp\/v2\/posts\/789711","targetHints":{"allow":["GET"]}}],"collection":[{"href":"https:\/\/dailynewshungary.com\/it\/wp-json\/wp\/v2\/posts"}],"about":[{"href":"https:\/\/dailynewshungary.com\/it\/wp-json\/wp\/v2\/types\/post"}],"author":[{"embeddable":true,"href":"https:\/\/dailynewshungary.com\/it\/wp-json\/wp\/v2\/users\/91"}],"replies":[{"embeddable":true,"href":"https:\/\/dailynewshungary.com\/it\/wp-json\/wp\/v2\/comments?post=789711"}],"version-history":[{"count":0,"href":"https:\/\/dailynewshungary.com\/it\/wp-json\/wp\/v2\/posts\/789711\/revisions"}],"wp:featuredmedia":[{"embeddable":true,"href":"https:\/\/dailynewshungary.com\/it\/wp-json\/wp\/v2\/media\/789712"}],"wp:attachment":[{"href":"https:\/\/dailynewshungary.com\/it\/wp-json\/wp\/v2\/media?parent=789711"}],"wp:term":[{"taxonomy":"category","embeddable":true,"href":"https:\/\/dailynewshungary.com\/it\/wp-json\/wp\/v2\/categories?post=789711"},{"taxonomy":"post_tag","embeddable":true,"href":"https:\/\/dailynewshungary.com\/it\/wp-json\/wp\/v2\/tags?post=789711"}],"curies":[{"name":"wp","href":"https:\/\/api.w.org\/{rel}","templated":true}]}}