{"id":789713,"date":"2026-04-30T20:17:00","date_gmt":"2026-04-30T18:17:00","guid":{"rendered":"https:\/\/dailynewshungary.com\/it\/top-news-ungheria-attivista-sequestrato-dalla-flottiglia-perche-orban-ha-perso-colloqui-ue-dellucraina-bloccati-30-aprile-2026\/"},"modified":"2026-04-30T20:17:00","modified_gmt":"2026-04-30T18:17:00","slug":"top-news-ungheria-attivista-sequestrato-dalla-flottiglia-perche-orban-ha-perso-colloqui-ue-dellucraina-bloccati-30-aprile-2026","status":"publish","type":"post","link":"https:\/\/dailynewshungary.com\/it\/top-news-ungheria-attivista-sequestrato-dalla-flottiglia-perche-orban-ha-perso-colloqui-ue-dellucraina-bloccati-30-aprile-2026\/","title":{"rendered":"Top news Ungheria: attivista sequestrato dalla flottiglia, perch\u00e9 Orb\u00e1n ha perso, colloqui UE dell\u2019Ucraina bloccati \u2013 30 aprile, 2026"},"content":{"rendered":"<p><strong>Da un attivista ungherese detenuto dopo l&#8217;intercettazione da parte di Israele di una flottiglia di aiuti diretta a Gaza vicino a Creta a nuovi sondaggi sul motivo della sconfitta di Fidesz, le principali notizie di oggi sull&#8217;Ungheria includono anche i piani di Budapest per il rilancio della Gell\u00e9rt Hill, un avvertimento sui rischi di interruzione dei voli causati dal carburante dei jet e aggiornamenti finanziari chiave che vanno dalla performance del fiorino ad aprile al nuovo tono della banca centrale sotto Mih\u00e1ly Varga. Ecco le storie che i lettori stanno seguendo pi\u00f9 da vicino.<\/strong><\/p>\n\n\n\n<h2 class=\"wp-block-heading\">Le principali notizie sull&#8217;Ungheria di oggi<\/h2>\n\n\n\n<p><a href=\"https:\/\/dailynewshungary.com\/it\/lattivista-ungherese-richard-e-tra-i-detenuti-dopo-che-israele-ha-intercettato-la-flottiglia-global-sumud-vicino-a-creta-video\/\/\">L&#8217;attivista ungherese Rich\u00e1rd tra i detenuti dopo che Israele ha intercettato la flottiglia Global Sumud vicino a Creta &#8211; Dettagli e VIDEO<\/a><\/p>\n\n\n\n<h2 class=\"wp-block-heading\">Perch\u00e9 Orb\u00e1n ha perso?<\/h2>\n\n\n\n<p><a href=\"https:\/\/dailynewshungary.com\/it\/perche-orban-ha-perso-un-sondaggio-rivela-le-ragioni-principali-della-sconfitta-di-fidesz\/\/\">Perch\u00e9 Orb\u00e1n ha perso: un sondaggio rivela le ragioni principali della sconfitta di Fidesz<\/a><\/p>\n\n\n\n<h2 class=\"wp-block-heading\">I colloqui con l&#8217;UE in Ucraina sono congelati sotto la guida di Magyar<\/h2>\n\n\n\n<p><a href=\"https:\/\/dailynewshungary.com\/it\/lungheria-mantiene-i-colloqui-con-lue-per-lucraina-sotto-magyar-ecco-perche\/\/\">L&#8217;Ungheria tiene in sospeso i colloqui con l&#8217;Ucraina sotto la guida di Magyar: ecco perch\u00e9<\/a><\/p>\n\n\n\n<h2 class=\"wp-block-heading\">Il fiorino ungherese e la finanza<\/h2>\n\n\n\n<p><a href=\"https:\/\/dailynewshungary.com\/it\/il-mese-migliore-degli-ultimi-anni-per-il-fiorino-ungherese-si-conclude-con-una-nota-negativa\/\/\">Il mese migliore degli ultimi anni per il fiorino ungherese si conclude con una nota negativa<\/a><\/p>\n\n\n\n<p>Il capo della Banca Nazionale Ungherese, nominato sotto Orb\u00e1n, si impegna a collaborare con il gabinetto Tisza &#8211; <a href=\"https:\/\/dailynewshungary.com\/it\/il-capo-della-banca-nazionale-ungherese-nominato-sotto-orban-si-impegna-a-collaborare-con-il-gabinetto-tisza-intervista\/\/\">intervista<\/a><\/p>\n\n\n\n<h3 class=\"wp-block-heading\">Claire \u00e8 fuori<\/h3>\n\n\n\n<p><a href=\"https:\/\/dailynewshungary.com\/it\/cosa-e-successo-liconico-marchio-americano-claires-chiude-definitivamente-in-ungheria\/\/\">Cosa \u00e8 successo? L&#8217;iconico marchio americano Claire&#8217;s chiude definitivamente in Ungheria<\/a><\/p>\n\n\n\n<h2 class=\"wp-block-heading\">Turismo<\/h2>\n\n\n\n<p><a href=\"https:\/\/dailynewshungary.com\/it\/budapest-rilancia-il-progetto-della-collina-di-gellert-dopo-20-anni-la-funicolare-prevista-potrebbe-trasportare-piu-di-1-000-passeggeri-allora\/\/\">Budapest rilancia il progetto della Collina di Gell\u00e9rt dopo 20 anni &#8211; la funicolare prevista potrebbe trasportare oltre 1.000 passeggeri all&#8217;ora<\/a><\/p>\n\n\n\n<p><a href=\"https:\/\/dailynewshungary.com\/it\/rimangono-solo-sei-settimane-di-carburante-per-i-jet-mentre-leuropa-affronta-le-interruzioni-dei-voli-implicazioni-per-lungheria\/\/\">Rimangono solo sei settimane di carburante per i jet, mentre l&#8217;Europa affronta le interruzioni dei voli: implicazioni per l&#8217;Ungheria<\/a><\/p>\n\n\n\n<p class=\"has-text-align-center\">Le \u00e8 piaciuta questa carrellata? Si abboni alla nostra newsletter serale gratuita e ricever\u00e0 le storie pi\u00f9 importanti del giorno sull&#8217;Ungheria, gli aggiornamenti pi\u00f9 importanti e le letture che meritano il suo tempo, direttamente nella sua casella di posta. <a href=\"https:\/\/dailynewshungary.com\/newsletter\/\"><strong>Si abboni qui<\/strong><\/a>.<\/p>\n","protected":false},"excerpt":{"rendered":"<p>Da un attivista ungherese detenuto dopo l&#8217;intercettazione da parte di Israele di una flottiglia di aiuti diretta a Gaza vicino a Creta a nuovi sondaggi sul motivo della sconfitta di Fidesz, le principali notizie di oggi sull&#8217;Ungheria includono anche i piani di Budapest per il rilancio della Gell\u00e9rt Hill, un avvertimento sui rischi di interruzione [&hellip;]<\/p>\n","protected":false},"author":91,"featured_media":789714,"comment_status":"open","ping_status":"open","sticky":false,"template":"","format":"standard","meta":{"_display_image":"yes","footnotes":""},"categories":[2552],"tags":[2548,1240,1082,1069],"class_list":["post-789713","post","type-post","status-publish","format-standard","has-post-thumbnail","hentry","category-flash","tag-categoria-briefing","tag-cosa-e-successo-oggi-in-ungheria","tag-notizie-ungheresi","tag-ungheria"],"blocksy_meta":[],"author_username":"api","telegram_post":"","public_post_metadata":{"breaking_news":"yes","important":"no","csempe":"no","center_tile":"no","disable_thumbnail":"no","target_lang":"","_featured_image_style":"default","telegram_post":"","_xlat_group_id":"5e02ab6b-fb10-47a6-a8d3-e611ab06c002"},"public_rank_math_data":{"title":"%title% %sep% %sitename%","description":"","focus_keyword":"Notizie sull'Ungheria","canonical_url":"","robots":"","primary_category":"2552","breadcrumb_title":"","facebook_title":"","facebook_description":"","facebook_image":"","facebook_image_id":"","twitter_title":"","twitter_description":"","twitter_image":"","twitter_image_id":"","twitter_card_type":"","twitter_use_facebook":"","advanced_robots":"","pillar_content":"","seo_score":"72","contentai_score":"","rich_snippet":""},"_links":{"self":[{"href":"https:\/\/dailynewshungary.com\/it\/wp-json\/wp\/v2\/posts\/789713","targetHints":{"allow":["GET"]}}],"collection":[{"href":"https:\/\/dailynewshungary.com\/it\/wp-json\/wp\/v2\/posts"}],"about":[{"href":"https:\/\/dailynewshungary.com\/it\/wp-json\/wp\/v2\/types\/post"}],"author":[{"embeddable":true,"href":"https:\/\/dailynewshungary.com\/it\/wp-json\/wp\/v2\/users\/91"}],"replies":[{"embeddable":true,"href":"https:\/\/dailynewshungary.com\/it\/wp-json\/wp\/v2\/comments?post=789713"}],"version-history":[{"count":0,"href":"https:\/\/dailynewshungary.com\/it\/wp-json\/wp\/v2\/posts\/789713\/revisions"}],"wp:featuredmedia":[{"embeddable":true,"href":"https:\/\/dailynewshungary.com\/it\/wp-json\/wp\/v2\/media\/789714"}],"wp:attachment":[{"href":"https:\/\/dailynewshungary.com\/it\/wp-json\/wp\/v2\/media?parent=789713"}],"wp:term":[{"taxonomy":"category","embeddable":true,"href":"https:\/\/dailynewshungary.com\/it\/wp-json\/wp\/v2\/categories?post=789713"},{"taxonomy":"post_tag","embeddable":true,"href":"https:\/\/dailynewshungary.com\/it\/wp-json\/wp\/v2\/tags?post=789713"}],"curies":[{"name":"wp","href":"https:\/\/api.w.org\/{rel}","templated":true}]}}