{"id":789719,"date":"2026-05-01T07:34:00","date_gmt":"2026-05-01T05:34:00","guid":{"rendered":"https:\/\/dailynewshungary.com\/it\/ultime-notizie-il-prossimo-premier-magyar-ha-annunciato-gli-ultimi-2-ministri-la-formazione-del-governo-e-stata-completata\/"},"modified":"2026-05-01T07:34:00","modified_gmt":"2026-05-01T05:34:00","slug":"ultime-notizie-il-prossimo-premier-magyar-ha-annunciato-gli-ultimi-2-ministri-la-formazione-del-governo-e-stata-completata","status":"publish","type":"post","link":"https:\/\/dailynewshungary.com\/it\/ultime-notizie-il-prossimo-premier-magyar-ha-annunciato-gli-ultimi-2-ministri-la-formazione-del-governo-e-stata-completata\/","title":{"rendered":"Ultime notizie: Il prossimo premier Magyar ha annunciato gli ultimi 2 ministri, la formazione del governo \u00e8 stata completata"},"content":{"rendered":"<p><strong>La formazione del prossimo governo Tisza \u00e8 stata completata gioved\u00ec con l&#8217;annuncio dei ministri dell&#8217;Interno e della Giustizia. P\u00e9ter Magyar, leader del Partito Tisza e Primo Ministro eletto, ha annunciato su Facebook che G\u00e1bor P\u00f3sfai, leader operativo del partito, diriger\u00e0 il Ministero degli Interni, che supervisiona le forze dell&#8217;ordine e lo sport, mentre M\u00e1rton Mell\u00e9thei-Barna, leader legale del partito, sar\u00e0 il Ministro della Giustizia.<\/strong><\/p>\n\n\n\n<p>I due nuovi ministri:<\/p>\n\n\n\n<iframe loading=\"lazy\" src=\"https:\/\/www.facebook.com\/plugins\/post.php?href=https%3A%2F%2Fwww.facebook.com%2Fpeter.magyar.102%2Fposts%2Fpfbid08NzPaaHsRuH18XpQDvZ9SZhBPhADiW3C8bQUBTJeFmuKoccPz5nHzXxPRhosKxv6l&#038;show_text=true&#038;width=500\" width=\"500\" height=\"736\" style=\"border:none;overflow:hidden\" scrolling=\"no\" frameborder=\"0\" allowfullscreen=\"true\" allow=\"autoplay; clipboard-write; encrypted-media; picture-in-picture; web-share\"><\/iframe>\n\n\n\n<h2 class=\"wp-block-heading\">Annunciati gli ultimi due ministri, schieramento completato<\/h2>\n\n\n\n<p>Dopo la riunione inaugurale del 20 aprile del gruppo parlamentare del Partito Tisza, Magyar ha annunciato che il suo governo avrebbe avuto 16 ministeri e, in quel giorno, ha nominato sette ministri:<\/p>\n\n\n\n<ol class=\"wp-block-list\">\n<li>Anita Orb\u00e1n (esperta di politica estera del Partito Tisza) &#8211; Ministro degli Affari Esteri<\/li>\n\n\n\n<li>Andr\u00e1s K\u00e1rm\u00e1n (esperto di bilancio e politica fiscale del Partito Tisza) &#8211; Ministro delle Finanze<\/li>\n\n\n\n<li>Istv\u00e1n Kapit\u00e1ny (esperto di sviluppo economico ed energetico del Partito Tisza) &#8211; Ministro dell&#8217;Economia e dell&#8217;Energia<\/li>\n\n\n\n<li>Zsolt Heged\u0171s (esperto di politica sanitaria del Partito Tisza) &#8211; Ministro della Sanit\u00e0<\/li>\n\n\n\n<li>L\u00e1szl\u00f3 Gajdos (direttore dello zoo di Ny\u00edregyh\u00e1za, deputato per Ny\u00edregyh\u00e1za, circoscrizione 1 della contea di Szabolcs-Szatm\u00e1r-Bereg) &#8211; Ministro dell&#8217;Ambiente di vita<\/li>\n\n\n\n<li>Romulusz Ruszin-Szendi (ex Capo di Stato Maggiore, esperto del Partito Tisza, deputato per Hajd\u00faszoboszl\u00f3, circoscrizione Hajd\u00fa-Bihar 5) &#8211; Ministro della Difesa<\/li>\n\n\n\n<li>Szabolcs B\u00f3na (Ingegnere agricolo, esperto di agricoltura del Partito Tisza) &#8211; Ministro dell&#8217;Agricoltura e dell&#8217;Economia alimentare<\/li>\n<\/ol>\n\n\n\n<p>Poi, il 22 aprile, Magyar ha annunciato:<\/p>\n\n\n\n<ol class=\"wp-block-list\">\n<li>B\u00e1lint Ruff (analista politico) &#8211; Capo dell&#8217;Ufficio del Primo Ministro<\/li>\n\n\n\n<li>Vikt\u00f3ria L\u0151rincz (deputato per Kaposv\u00e1r) &#8211; Ministro dello Sviluppo Regionale e Rurale<\/li>\n<\/ol>\n\n\n\n<p>Due giorni dopo, sono stati nominati altri ministri:<\/p>\n\n\n\n<ol class=\"wp-block-list\">\n<li>D\u00e1vid Vit\u00e9zy (attuale consigliere comunale di Budapest) &#8211; Ministro dei Trasporti e delle Infrastrutture<\/li>\n\n\n\n<li>Vilmos K\u00e1tai-N\u00e9meth (deputato ipovedente di Csepel) &#8211; Ministro degli Affari Sociali e della Famiglia<\/li>\n\n\n\n<li>Judit Lannert (esperta di istruzione) &#8211; Ministro dell&#8217;Infanzia e dell&#8217;Istruzione<\/li>\n<\/ol>\n\n\n\n<p>Il 28 aprile, Magyar ha annunciato:<\/p>\n\n\n\n<ol class=\"wp-block-list\">\n<li>Zolt\u00e1n Tarr (Vicepresidente del Partito Tisza e leader della delegazione del PE, deputato per la circoscrizione 16 di Budapest) &#8211; Ministro delle Relazioni Sociali e della Cultura<\/li>\n\n\n\n<li>Zolt\u00e1n Tan\u00e1cs (leader responsabile del programma &#8220;Ungheria funzionale e umana&#8221; del Partito Tisza, futuro deputato di Budapest) &#8211; Ministro della Scienza e della Tecnologia<\/li>\n<\/ol>\n\n\n\n<p>Nel frattempo, un commissario governativo \u00e8 gi\u00e0 stato confermato:<\/p>\n\n\n\n<ol class=\"wp-block-list\">\n<li>Kriszta B\u00f3dis (deputato per Jozsefvaros, circoscrizione 2 di Budapest) &#8211; Commissario per la Strategia di politica sociale e il coordinamento settoriale.<\/li>\n<\/ol>\n\n\n\n<figure class=\"wp-block-image aligncenter size-full is-resized\"><img decoding=\"async\" src=\"https:\/\/dailynewshungary.b-cdn.net\/wp-content\/uploads\/2026\/05\/magyar-government-final-lineup.webp\" alt=\"magyar government lineup finalised ministers\" class=\"wp-image-695829\" style=\"width:560px;height:auto\"\/><figcaption class=\"wp-element-caption\">La formazione finale del governo magiaro entrante. Foto: <a href=\"https:\/\/www.facebook.com\/photo.php?fbid=27267552059519217&amp;set=pb.100000733720126.-2207520000&amp;type=3&amp;locale=hu_HU\" target=\"_blank\" rel=\"noopener\">Facebook\/P\u00e9ter Magyar<\/a><\/figcaption><\/figure>\n\n<h2 class=\"wp-block-heading\">La sessione inaugurale del Parlamento si terr\u00e0 a giorni<\/h2>\n\n\n\n<p>Il Presidente Tam\u00e1s Sulyok ha incaricato P\u00e9ter Magyar di formare un governo il 15 aprile. La sessione inaugurale del Parlamento si terr\u00e0 il 9 maggio, quando Magyar sar\u00e0 eletto e giurer\u00e0 come Primo Ministro. Si prevede che l&#8217;Assemblea Nazionale inizi a discutere il progetto di legge sulla lista dei ministeri.<\/p>\n\n\n\n<p>Nei giorni successivi alla sessione inaugurale, le commissioni parlamentari ascolteranno i candidati ministri. In base alla Legge Fondamentale, i ministri vengono nominati dal Presidente su raccomandazione del Primo Ministro e il nuovo Governo viene formato al momento della loro nomina.<\/p>\n\n\n\n<p>Nelle elezioni parlamentari del 12 aprile, il Partito Tisza ha ottenuto 141 seggi, Fidesz-KDNP 52 e Nostra Patria 6.<\/p>\n\n\n\n<pre class=\"wp-block-verse has-text-align-center has-juicy-peach-gradient-background has-background\"><strong>Se l'avete perso: <a href=\"https:\/\/dailynewshungary.com\/it\/ultime-notizie-da-bruxelles-peter-magyar-annuncia-un-accordo-politico-con-ursula-von-der-leyen-sui-fondi-ue-congelati\/\/\">Ultime notizie da Bruxelles: P\u00e9ter Magyar annuncia un accordo politico con Ursula von der Leyen sui fondi UE congelati<\/a><\/strong><\/pre>","protected":false},"excerpt":{"rendered":"<p>La formazione del prossimo governo Tisza \u00e8 stata completata gioved\u00ec con l&#8217;annuncio dei ministri dell&#8217;Interno e della Giustizia. P\u00e9ter Magyar, leader del Partito Tisza e Primo Ministro eletto, ha annunciato su Facebook che G\u00e1bor P\u00f3sfai, leader operativo del partito, diriger\u00e0 il Ministero degli Interni, che supervisiona le forze dell&#8217;ordine e lo sport, mentre M\u00e1rton Mell\u00e9thei-Barna, [&hellip;]<\/p>\n","protected":false},"author":91,"featured_media":789720,"comment_status":"open","ping_status":"open","sticky":false,"template":"","format":"standard","meta":{"_display_image":"yes","footnotes":""},"categories":[2392],"tags":[2457,2617,1079,1247,2613,2612,1069],"class_list":["post-789719","post","type-post","status-publish","format-standard","has-post-thumbnail","hentry","category-ungherese","tag-categoria-politica","tag-governo-magyar","tag-governo-ungherese","tag-parlamento","tag-partito-tisza","tag-peter-magyar","tag-ungheria"],"blocksy_meta":[],"author_username":"api","telegram_post":"","public_post_metadata":{"breaking_news":"yes","important":"yes","csempe":"yes","center_tile":"no","disable_thumbnail":"no","target_lang":"","_featured_image_style":"default","telegram_post":"","_xlat_group_id":"9ed6b278-0300-48aa-bfc7-9e089b6eb179"},"public_rank_math_data":{"title":"%title% %sep% %sitename%","description":"","focus_keyword":"magyar","canonical_url":"","robots":"","primary_category":"2392","breadcrumb_title":"","facebook_title":"","facebook_description":"","facebook_image":"","facebook_image_id":"","twitter_title":"","twitter_description":"","twitter_image":"","twitter_image_id":"","twitter_card_type":"","twitter_use_facebook":"","advanced_robots":"","pillar_content":"","seo_score":"81","contentai_score":"","rich_snippet":""},"_links":{"self":[{"href":"https:\/\/dailynewshungary.com\/it\/wp-json\/wp\/v2\/posts\/789719","targetHints":{"allow":["GET"]}}],"collection":[{"href":"https:\/\/dailynewshungary.com\/it\/wp-json\/wp\/v2\/posts"}],"about":[{"href":"https:\/\/dailynewshungary.com\/it\/wp-json\/wp\/v2\/types\/post"}],"author":[{"embeddable":true,"href":"https:\/\/dailynewshungary.com\/it\/wp-json\/wp\/v2\/users\/91"}],"replies":[{"embeddable":true,"href":"https:\/\/dailynewshungary.com\/it\/wp-json\/wp\/v2\/comments?post=789719"}],"version-history":[{"count":0,"href":"https:\/\/dailynewshungary.com\/it\/wp-json\/wp\/v2\/posts\/789719\/revisions"}],"wp:featuredmedia":[{"embeddable":true,"href":"https:\/\/dailynewshungary.com\/it\/wp-json\/wp\/v2\/media\/789720"}],"wp:attachment":[{"href":"https:\/\/dailynewshungary.com\/it\/wp-json\/wp\/v2\/media?parent=789719"}],"wp:term":[{"taxonomy":"category","embeddable":true,"href":"https:\/\/dailynewshungary.com\/it\/wp-json\/wp\/v2\/categories?post=789719"},{"taxonomy":"post_tag","embeddable":true,"href":"https:\/\/dailynewshungary.com\/it\/wp-json\/wp\/v2\/tags?post=789719"}],"curies":[{"name":"wp","href":"https:\/\/api.w.org\/{rel}","templated":true}]}}