{"id":789727,"date":"2026-05-01T13:14:00","date_gmt":"2026-05-01T11:14:00","guid":{"rendered":"https:\/\/dailynewshungary.com\/it\/uno-dei-soldati-piu-alti-in-grado-dellungheria-termina-il-servizio-militare-nonostante-lo-stato-di-pericolo\/"},"modified":"2026-05-01T13:14:00","modified_gmt":"2026-05-01T11:14:00","slug":"uno-dei-soldati-piu-alti-in-grado-dellungheria-termina-il-servizio-militare-nonostante-lo-stato-di-pericolo","status":"publish","type":"post","link":"https:\/\/dailynewshungary.com\/it\/uno-dei-soldati-piu-alti-in-grado-dellungheria-termina-il-servizio-militare-nonostante-lo-stato-di-pericolo\/","title":{"rendered":"Uno dei soldati pi\u00f9 alti in grado dell\u2019Ungheria termina il servizio militare nonostante lo stato di pericolo"},"content":{"rendered":"<p><strong>L&#8217;Ungheria ha visto la partenza di uno dei suoi soldati pi\u00f9 stimati, in quanto il Generale di Brigata Imre Porkol\u00e1b ha ufficialmente terminato il suo servizio di comune accordo, secondo un decreto pubblicato nella Magyar K\u00f6zl\u00f6ny (Gazzetta Ungherese) gioved\u00ec sera.<\/strong><\/p>\n\n\n\n<h2 class=\"wp-block-heading\">Un generale ungherese termina il servizio militare durante lo stato di pericolo del governo uscente<\/h2>\n\n\n\n<p>La decisione, approvata dal Presidente su raccomandazione del Ministro della Difesa Krist\u00f3f Szalay-Bobrovniczky, chiude una carriera illustre durata oltre tre decenni. Porkol\u00e1b era ampiamente riconosciuto non solo all&#8217;interno dell&#8217;Ungheria, ma anche a livello internazionale, avendo rappresentato la NATO a livelli elevati, compreso un incarico al Pentagono, scrive <a href=\"https:\/\/24.hu\/belfold\/2026\/05\/01\/porkolab-imre-leszerelt-magyar-honvedseg\/\" target=\"_blank\" rel=\"noopener\">24.hu<\/a>.<\/p>\n\n\n\n<h2 class=\"wp-block-heading\">Un soldato con capacit\u00e0 straordinarie<\/h2>\n\n\n\n<p>Precursore nel suo campo, Porkol\u00e1b \u00e8 stato il primo soldato ungherese a diplomarsi alla Royal Military Academy Sandhurst nel 1994. In seguito ha svolto un ruolo chiave nello sviluppo delle capacit\u00e0 ungheresi nelle operazioni speciali e ha partecipato a missioni in Iraq e in Afghanistan. La sua carriera ha incluso anche posizioni strategiche di alto livello, come la rappresentanza del Comando Alleato di Trasformazione della NATO negli Stati Uniti.<\/p>\n\n\n\n<h2 class=\"wp-block-heading\">\u00c8 persino entrato nel gabinetto del premier uscente Viktor Orb\u00e1n.<\/h2>\n\n\n\n<p>Oltre ai compiti operativi, Porkol\u00e1b ha contribuito alla strategia di difesa e all&#8217;innovazione. Ha guidato iniziative di modernizzazione militare e ha ricoperto per breve tempo il ruolo di commissario ministeriale per l&#8217;innovazione della difesa nel 2022. Dopo il suo precoce licenziamento da quel ruolo senza spiegazioni pubbliche, il soldato ha continuato il suo lavoro come consigliere all&#8217;interno dell&#8217;Ufficio di Gabinetto del Primo Ministro.<\/p>\n\n\n\n<p class=\"has-palette-color-1-color has-aqua-splash-gradient-background has-text-color has-background has-link-color wp-elements-010be32408f2b372de6b5592a2dd62ad\"><strong> <a href=\"https:\/\/dailynewshungary.com\/it\/lunico-figlio-del-premier-orban-vuole-lasciare-le-forze-di-difesa-ungheresi-mentre-il-padre-perde-il-potere\/\/\">L&#8217;unico figlio del<\/a> premier <a href=\"https:\/\/dailynewshungary.com\/it\/lunico-figlio-del-premier-orban-vuole-lasciare-le-forze-di-difesa-ungheresi-mentre-il-padre-perde-il-potere\/\/\">Orb\u00e1n vuole lasciare le Forze di Difesa ungheresi<\/a> mentre il padre perde il potere<\/strong><\/p>\n\n\n\n<h2 class=\"wp-block-heading\">Non \u00e8 l&#8217;unico, ma \u00e8 strano che sia successo due volte.<\/h2>\n\n\n\n<p>Le sue credenziali accademiche includono una formazione per dirigenti presso l&#8217;Universit\u00e0 di Harvard e studi sull&#8217;innovazione organizzativa presso l&#8217;Universit\u00e0 di Stanford. \u00c8 stato anche autore di libri sulla strategia militare e attivo nella formazione dei dirigenti. La partenza di Porkol\u00e1b coincide con quella del tenente generale J\u00f3zsef Kov\u00e1cs, ex capo dell&#8217;intelligence militare ungherese, che ha lasciato il servizio di comune accordo.<\/p>\n\n\n\n<p class=\"has-palette-color-1-color has-aqua-splash-gradient-background has-text-color has-background has-link-color wp-elements-cec83162cdd618ab7f2550b79dd4f969\"><strong>Il Ministro degli Esteri uscente <a href=\"https:\/\/dailynewshungary.com\/it\/il-ministro-degli-esteri-uscente-peter-szijjarto-e-molto-malato-cosa-sappiamo-finora\/\/\">P\u00e9ter Szijj\u00e1rt\u00f3 \u00e8 stato molto silenzioso sulla sua grave malattia<\/a>: quello che sappiamo finora<\/strong><\/p>\n\n\n\n<p><em>Immagine in primo piano: <a href=\"https:\/\/www.facebook.com\/PorkolabImre1\/posts\/pfbid02zXN29N6hZteqgeH2mkjr7FFDkRt5ErKwgvPVBZTPMAdC6bbGfYECvAH1p7WeQznWl\" target=\"_blank\" rel=\"noopener\">Porkol\u00e1b Imre\/Facebook<\/a><\/em><\/p>\n","protected":false},"excerpt":{"rendered":"<p>L&#8217;Ungheria ha visto la partenza di uno dei suoi soldati pi\u00f9 stimati, in quanto il Generale di Brigata Imre Porkol\u00e1b ha ufficialmente terminato il suo servizio di comune accordo, secondo un decreto pubblicato nella Magyar K\u00f6zl\u00f6ny (Gazzetta Ungherese) gioved\u00ec sera. Un generale ungherese termina il servizio militare durante lo stato di pericolo del governo uscente [&hellip;]<\/p>\n","protected":false},"author":91,"featured_media":789728,"comment_status":"open","ping_status":"open","sticky":false,"template":"","format":"standard","meta":{"_display_image":"yes","footnotes":""},"categories":[2392],"tags":[2457,1142,1078,2621,1143,1080],"class_list":["post-789727","post","type-post","status-publish","format-standard","has-post-thumbnail","hentry","category-ungherese","tag-categoria-politica","tag-esercito","tag-fidesz","tag-governo-orbano","tag-militare","tag-ungherese"],"blocksy_meta":[],"author_username":"api","telegram_post":"","public_post_metadata":{"breaking_news":"yes","important":"no","csempe":"yes","center_tile":"no","disable_thumbnail":"no","target_lang":"","_featured_image_style":"hidden","telegram_post":"","_xlat_group_id":"d9237211-7a11-47a9-a3a3-3666718ab04a"},"public_rank_math_data":{"title":"%titolo% %sep% %sitename%","description":"","focus_keyword":"soldato","canonical_url":"","robots":"","primary_category":"2392","breadcrumb_title":"","facebook_title":"","facebook_description":"","facebook_image":"","facebook_image_id":"","twitter_title":"","twitter_description":"","twitter_image":"","twitter_image_id":"","twitter_card_type":"","twitter_use_facebook":"","advanced_robots":"","pillar_content":"","seo_score":"80","contentai_score":"","rich_snippet":""},"_links":{"self":[{"href":"https:\/\/dailynewshungary.com\/it\/wp-json\/wp\/v2\/posts\/789727","targetHints":{"allow":["GET"]}}],"collection":[{"href":"https:\/\/dailynewshungary.com\/it\/wp-json\/wp\/v2\/posts"}],"about":[{"href":"https:\/\/dailynewshungary.com\/it\/wp-json\/wp\/v2\/types\/post"}],"author":[{"embeddable":true,"href":"https:\/\/dailynewshungary.com\/it\/wp-json\/wp\/v2\/users\/91"}],"replies":[{"embeddable":true,"href":"https:\/\/dailynewshungary.com\/it\/wp-json\/wp\/v2\/comments?post=789727"}],"version-history":[{"count":0,"href":"https:\/\/dailynewshungary.com\/it\/wp-json\/wp\/v2\/posts\/789727\/revisions"}],"wp:featuredmedia":[{"embeddable":true,"href":"https:\/\/dailynewshungary.com\/it\/wp-json\/wp\/v2\/media\/789728"}],"wp:attachment":[{"href":"https:\/\/dailynewshungary.com\/it\/wp-json\/wp\/v2\/media?parent=789727"}],"wp:term":[{"taxonomy":"category","embeddable":true,"href":"https:\/\/dailynewshungary.com\/it\/wp-json\/wp\/v2\/categories?post=789727"},{"taxonomy":"post_tag","embeddable":true,"href":"https:\/\/dailynewshungary.com\/it\/wp-json\/wp\/v2\/tags?post=789727"}],"curies":[{"name":"wp","href":"https:\/\/api.w.org\/{rel}","templated":true}]}}