{"id":789751,"date":"2026-05-03T06:04:00","date_gmt":"2026-05-03T04:04:00","guid":{"rendered":"https:\/\/dailynewshungary.com\/it\/gli-esperti-il-fiorino-ungherese-potrebbe-rafforzarsi-significativamente-in-vista-delladozione-delleuro\/"},"modified":"2026-05-03T06:04:00","modified_gmt":"2026-05-03T04:04:00","slug":"gli-esperti-il-fiorino-ungherese-potrebbe-rafforzarsi-significativamente-in-vista-delladozione-delleuro","status":"publish","type":"post","link":"https:\/\/dailynewshungary.com\/it\/gli-esperti-il-fiorino-ungherese-potrebbe-rafforzarsi-significativamente-in-vista-delladozione-delleuro\/","title":{"rendered":"Gli esperti: Il Fiorino ungherese potrebbe rafforzarsi significativamente in vista dell\u2019adozione dell\u2019euro"},"content":{"rendered":"<p><strong>La valuta ungherese potrebbe avere ancora un notevole margine di rafforzamento nei prossimi anni, secondo gli esperti di investimenti intervenuti alla Conferenza Paradigma del G7 a Budapest.<\/strong><\/p>\n\n\n\n<p>Durante la tavola rotonda di chiusura, M\u00e1rton P\u00e9ter Price, direttore degli investimenti di EverestQuant, ha espresso la speranza che entro pochi anni il fiorino non dominer\u00e0 pi\u00f9 i dibattiti economici. Il suo commento mostra un cambiamento di pensiero: piuttosto che una debolezza persistente, alcuni analisti vedono ora una traiettoria a lungo termine pi\u00f9 positiva per la valuta ungherese, secondo il <a href=\"https:\/\/telex.hu\/g7\/penz\/2026\/04\/30\/forint-arfolyam-euro-kamatok-gyengites-felertekelodes-g7-paradigma\" target=\"_blank\" rel=\"noopener\">G7<\/a>.<\/p>\n\n\n\n<p>Ai partecipanti all&#8217;evento \u00e8 stato chiesto di stimare il tasso di cambio EUR\/HUF per la pianificazione aziendale nel 2027. La previsione media \u00e8 stata di 372,25, leggermente pi\u00f9 debole del <a href=\"https:\/\/dailynewshungary.com\/it\/il-mese-migliore-degli-ultimi-anni-per-il-fiorino-ungherese-si-conclude-con-una-nota-negativa\/\/\">livello attuale<\/a>, ma gli esperti hanno suggerito che questo potrebbe ancora sottovalutare il potenziale del fiorino.<\/p>\n\n\n\n<h2 class=\"wp-block-heading\">&#8220;Cattivo marketing, migliore performance&#8221;<\/h2>\n\n\n\n<p>Attila Gyurcsik, CEO di Accorde Fund Management, ha sostenuto che il fiorino soffre di una cattiva reputazione che non riflette la sua effettiva performance negli ultimi anni.<\/p>\n\n\n\n<p>Ha osservato che, in particolare da quando <a href=\"https:\/\/dailynewshungary.com\/it\/il-capo-della-banca-nazionale-ungherese-nominato-sotto-orban-si-impegna-a-collaborare-con-il-gabinetto-tisza-intervista\/\/\">Mih\u00e1ly Varga<\/a> ha assunto la carica di governatore della Banca Centrale, i risparmi denominati in fiorini hanno spesso sovraperformato gli investimenti basati sull&#8217;euro. A questa opinione ha fatto eco D\u00e1niel M\u00f3ricz di Hold Fund Management, che ha affermato che negli ultimi due decenni, gli investitori sono stati generalmente pi\u00f9 avvantaggiati nel detenere attivit\u00e0 in fiorini, grazie ai tassi di interesse costantemente pi\u00f9 elevati.<\/p>\n\n\n\n<p>Sebbene le singole valute estere abbiano periodicamente fornito forti rendimenti, il premio del tasso d&#8217;interesse dell&#8217;Ungheria ha in genere compensato il deprezzamento su periodi di detenzione pi\u00f9 lunghi.<\/p>\n\n\n\n<figure class=\"wp-block-image aligncenter size-full\"><img loading=\"lazy\" decoding=\"async\" width=\"1000\" height=\"667\" src=\"https:\/\/dailynewshungary.b-cdn.net\/wp-content\/uploads\/2024\/11\/forint-euro-currency-market-economy.jpg\" alt=\"forint euro currency market economy euro to Hungarian forint exchange rate\" class=\"wp-image-618892\" srcset=\"https:\/\/contentf5.dailynewshungary.com\/wp-content\/uploads\/2024\/11\/forint-euro-currency-market-economy.jpg 1000w, https:\/\/contentf5.dailynewshungary.com\/wp-content\/uploads\/2024\/11\/forint-euro-currency-market-economy-768x512.jpg 768w, https:\/\/contentf5.dailynewshungary.com\/wp-content\/uploads\/2024\/11\/forint-euro-currency-market-economy-333x222.jpg 333w, https:\/\/contentf5.dailynewshungary.com\/wp-content\/uploads\/2024\/11\/forint-euro-currency-market-economy-248x165.jpg 248w, https:\/\/contentf5.dailynewshungary.com\/wp-content\/uploads\/2024\/11\/forint-euro-currency-market-economy-112x75.jpg 112w, https:\/\/contentf5.dailynewshungary.com\/wp-content\/uploads\/2024\/11\/forint-euro-currency-market-economy-480x320.jpg 480w\" sizes=\"auto, (max-width: 1000px) 100vw, 1000px\" \/><figcaption class=\"wp-element-caption\">Foto: <a href=\"https:\/\/depositphotos.com\/photos\/forint-euro.html?filter=all&amp;qview=574211830\" target=\"_blank\" rel=\"noopener\">depositphotos.com<\/a><\/figcaption><\/figure>\n\n<h2 class=\"wp-block-heading\">L&#8217;adozione dell&#8217;euro potrebbe favorire l&#8217;apprezzamento<\/h2>\n\n\n\n<p>Un tema chiave della discussione \u00e8 stato il potenziale percorso dell&#8217;Ungheria verso l&#8217;adozione dell&#8217;euro. Secondo Gyurcsik, un impegno credibile ad aderire all&#8217;eurozona entro quattro o cinque anni potrebbe portare il fiorino su un percorso di apprezzamento sostenuto.<\/p>\n\n\n\n<pre class=\"wp-block-verse has-text-align-center\"><strong>Ha indicato la Slovacchia come esempio eclatante: prima dell'adozione dell'euro, la corona slovacca si \u00e8 rafforzata di circa il 30%. Se l'Ungheria seguir\u00e0 una traiettoria simile, il fiorino potrebbe raggiungere livelli significativamente pi\u00f9 forti rispetto alle previsioni attuali.<\/strong><\/pre>\n\n<p>Tuttavia, gli esperti avvertono che un&#8217;eccessiva forza della valuta pu\u00f2 avere un costo. La crescita post-euro della Slovacchia \u00e8 rallentata dopo il forte apprezzamento precedente all&#8217;adozione, dimostrando l&#8217;importanza di entrare nella zona euro con un tasso di cambio equilibrato.<\/p>\n\n\n\n<h2 class=\"wp-block-heading\">Il costo elevato del mantenimento del fiorino<\/h2>\n\n\n\n<p>Un altro argomento a favore dell&#8217;adozione dell&#8217;euro \u00e8 il costo del mantenimento di una valuta indipendente. Gli alti tassi di interesse (necessari per sostenere il fiorino) hanno imposto un onere significativo allo Stato e ai contribuenti.<\/p>\n\n\n\n<p>Gyurcsik ha sottolineato che l&#8217;Ungheria ha effettivamente pagato un grande premio per mantenere la propria valuta. Sebbene questo abbia favorito gli investitori e i risparmiatori, non si \u00e8 tradotto in una pi\u00f9 rapida convergenza economica.<\/p>\n\n\n\n<p>Inoltre, i benefici degli alti tassi di interesse sono stati distribuiti in modo ineguale. Come ha sottolineato Price, un&#8217;ampia fetta di famiglie ungheresi non ha risparmi consistenti, il che significa che non beneficia di rendimenti pi\u00f9 elevati.<\/p>\n\n\n\n<h2 class=\"wp-block-heading\">Stabilit\u00e0 e prevedibilit\u00e0 in primo piano<\/h2>\n\n\n\n<p>Oltre ai potenziali risparmi sui costi, l&#8217;adozione dell&#8217;euro potrebbe ridurre la volatilit\u00e0 dei tassi di cambio, rendendo la pianificazione economica pi\u00f9 prevedibile sia per le imprese che per le famiglie.<\/p>\n\n\n\n<p>Questo \u00e8 in linea con i temi discussi durante la conferenza. La Conferenza Paradigma del G7 si \u00e8 concentrata molto su come far ripartire l&#8217;economia stagnante dell&#8217;Ungheria dopo tre anni difficili.<\/p>\n\n\n\n<p>I partecipanti hanno ripetutamente sottolineato la necessit\u00e0 di una politica economica prevedibile, di una migliore competitivit\u00e0 e di una maggiore produttivit\u00e0. I leader aziendali hanno evidenziato le difficolt\u00e0 poste dai tassi di interesse elevati, dall&#8217;incertezza della domanda e dall&#8217;imprevedibilit\u00e0 normativa, ma hanno anche notato che le pressioni attuali possono costringere ad adeguamenti strutturali necessari da tempo.<\/p>\n\n\n\n<pre class=\"wp-block-verse has-text-align-center has-juicy-peach-gradient-background has-background\"><strong>Se se l'\u00e8 perso: <a href=\"https:\/\/dailynewshungary.com\/it\/il-capo-della-banca-nazionale-ungherese-nominato-sotto-orban-si-impegna-a-collaborare-con-il-gabinetto-tisza-intervista\/\/\">Il capo della Banca Nazionale Ungherese, nominato sotto Orb\u00e1n, si impegna a collaborare con il gabinetto Tisza - intervista<\/a><\/strong><\/pre>\n\n<h2 class=\"wp-block-heading\">Un punto di svolta per l&#8217;economia ungherese?<\/h2>\n\n\n\n<p>Anche se le opinioni divergono sull&#8217;esatto percorso da seguire, c&#8217;\u00e8 accordo sulle priorit\u00e0 chiave: ripristinare la fiducia, migliorare l&#8217;efficienza e garantire un ambiente politico stabile.<\/p>\n\n\n\n<p>In questo contesto, il futuro del fiorino (e la possibilit\u00e0 di adottare l&#8217;euro) \u00e8 diventato pi\u00f9 di una questione monetaria tecnica. \u00c8 sempre pi\u00f9 visto come parte di una strategia economica che potrebbe plasmare le prospettive di crescita dell&#8217;Ungheria per gli anni a venire.<\/p>\n\n\n\n<pre class=\"wp-block-verse has-text-align-center has-juicy-peach-gradient-background has-background\"><strong>Se se l'\u00e8 perso: <a href=\"https:\/\/dailynewshungary.com\/it\/quanto-e-lontana-lungheria-dalleuro-la-realta-dietro-lobiettivo-del-2030\/\/\">Quanto \u00e8 lontana l'Ungheria dall'euro? La realt\u00e0 dietro l'obiettivo del 2030<\/a><\/strong><\/pre>","protected":false},"excerpt":{"rendered":"<p>La valuta ungherese potrebbe avere ancora un notevole margine di rafforzamento nei prossimi anni, secondo gli esperti di investimenti intervenuti alla Conferenza Paradigma del G7 a Budapest. Durante la tavola rotonda di chiusura, M\u00e1rton P\u00e9ter Price, direttore degli investimenti di EverestQuant, ha espresso la speranza che entro pochi anni il fiorino non dominer\u00e0 pi\u00f9 i [&hellip;]<\/p>\n","protected":false},"author":62,"featured_media":789752,"comment_status":"open","ping_status":"open","sticky":false,"template":"","format":"standard","meta":{"_display_image":"","footnotes":""},"categories":[2372],"tags":[2465,1309,1132,1219,1367,1368,1069,1075,1411],"class_list":["post-789751","post","type-post","status-publish","format-standard","has-post-thumbnail","hentry","category-business","tag-categoria-economia-in-ungheria","tag-denaro","tag-economia","tag-economia-ungherese","tag-euro","tag-fiorino","tag-ungheria","tag-unione-europea","tag-valuta"],"blocksy_meta":[],"author_username":"hmercedesz","telegram_post":"","public_post_metadata":{"breaking_news":"yes","important":"no","csempe":"yes","center_tile":"no","disable_thumbnail":"no","target_lang":"","_featured_image_style":"default","telegram_post":"","_xlat_group_id":"8084f89a-9043-4d0e-9a9f-bad66b654e28"},"public_rank_math_data":{"title":"%title% %sep% %sitename%","description":"","focus_keyword":"forint","canonical_url":"","robots":"","primary_category":"2372","breadcrumb_title":"","facebook_title":"","facebook_description":"","facebook_image":"","facebook_image_id":"","twitter_title":"","twitter_description":"","twitter_image":"","twitter_image_id":"","twitter_card_type":"","twitter_use_facebook":"","advanced_robots":"","pillar_content":"","seo_score":"83","contentai_score":"","rich_snippet":""},"_links":{"self":[{"href":"https:\/\/dailynewshungary.com\/it\/wp-json\/wp\/v2\/posts\/789751","targetHints":{"allow":["GET"]}}],"collection":[{"href":"https:\/\/dailynewshungary.com\/it\/wp-json\/wp\/v2\/posts"}],"about":[{"href":"https:\/\/dailynewshungary.com\/it\/wp-json\/wp\/v2\/types\/post"}],"author":[{"embeddable":true,"href":"https:\/\/dailynewshungary.com\/it\/wp-json\/wp\/v2\/users\/62"}],"replies":[{"embeddable":true,"href":"https:\/\/dailynewshungary.com\/it\/wp-json\/wp\/v2\/comments?post=789751"}],"version-history":[{"count":0,"href":"https:\/\/dailynewshungary.com\/it\/wp-json\/wp\/v2\/posts\/789751\/revisions"}],"wp:featuredmedia":[{"embeddable":true,"href":"https:\/\/dailynewshungary.com\/it\/wp-json\/wp\/v2\/media\/789752"}],"wp:attachment":[{"href":"https:\/\/dailynewshungary.com\/it\/wp-json\/wp\/v2\/media?parent=789751"}],"wp:term":[{"taxonomy":"category","embeddable":true,"href":"https:\/\/dailynewshungary.com\/it\/wp-json\/wp\/v2\/categories?post=789751"},{"taxonomy":"post_tag","embeddable":true,"href":"https:\/\/dailynewshungary.com\/it\/wp-json\/wp\/v2\/tags?post=789751"}],"curies":[{"name":"wp","href":"https:\/\/api.w.org\/{rel}","templated":true}]}}