{"id":789757,"date":"2026-05-03T10:14:00","date_gmt":"2026-05-03T08:14:00","guid":{"rendered":"https:\/\/dailynewshungary.com\/it\/vivere-la-storia-la-prima-metropolitana-delleuropa-continentale-la-m1-di-budapest-festeggia-130-anni\/"},"modified":"2026-05-03T10:14:00","modified_gmt":"2026-05-03T08:14:00","slug":"vivere-la-storia-la-prima-metropolitana-delleuropa-continentale-la-m1-di-budapest-festeggia-130-anni","status":"publish","type":"post","link":"https:\/\/dailynewshungary.com\/it\/vivere-la-storia-la-prima-metropolitana-delleuropa-continentale-la-m1-di-budapest-festeggia-130-anni\/","title":{"rendered":"Vivere la storia: La prima metropolitana dell\u2019Europa continentale, la M1 di Budapest, festeggia 130 anni"},"content":{"rendered":"<p><strong>Uno dei mezzi di trasporto pi\u00f9 noti e amati di Budapest, la linea metropolitana &#8220;kisf\u00f6ldalatti&#8221;, ha celebrato ieri il 130\u00b0 anniversario della sua apertura. Ufficialmente conosciuta come Millennium Underground Railway (M1), la linea non \u00e8 solo un simbolo iconico della capitale ungherese, ma un tempo era un&#8217;innovazione tecnologica leader a livello mondiale. Oggi, come parte di un sito del Patrimonio Mondiale dell&#8217;UNESCO, continua a servire i passeggeri quotidianamente come un monumento storico vivente. La linea \u00e8 attualmente in attesa di essere ristrutturata e i preparativi per l&#8217;investimento sono in corso.<\/strong><\/p>\n\n\n\n<h2 class=\"wp-block-heading\">La prima ferrovia sotterranea del continente europeo<\/h2>\n\n\n\n<p>Originariamente denominata MillFAV, la linea &#8211; oggi ampiamente conosciuta come kisf\u00f6ldalatti &#8211; \u00e8 stata la prima ferrovia sotterranea del continente europeo. Progettata fin dall&#8217;inizio per funzionare con l&#8217;energia elettrica, fu una soluzione pionieristica all&#8217;epoca. Fu inaugurata il 2 maggio 1896 come parte delle celebrazioni del millenario dell&#8217;Ungheria. Pochi giorni dopo, l&#8217;imperatore Francesco Giuseppe in persona viaggi\u00f2 sulla nuova linea fino a City Park. Il sovrano rimase cos\u00ec impressionato da questa modalit\u00e0 di trasporto all&#8217;avanguardia che concesse il permesso di portare il suo nome. Fino al 1949, si chiamava ufficialmente Ferrovia Elettrica Metropolitana Francesco Giuseppe (FJFVV).<\/p>\n\n\n\n<figure class=\"wp-block-image aligncenter size-full\"><img decoding=\"async\" src=\"https:\/\/dailynewshungary.b-cdn.net\/wp-content\/uploads\/2026\/05\/m1-underground-construction-130-years.webp\" alt=\"m1 underground kisf\u00f6ldalatti m1 construction 130 years\" class=\"wp-image-696010\"\/><figcaption class=\"wp-element-caption\">La costruzione della linea ferroviaria sotterranea. Foto: <a href=\"https:\/\/www.bkv.hu\/hu\/content\/elo-tortenelem-a-fold-alatt-130-eves-a-budapesti-kisfoldalatti\" target=\"_blank\" rel=\"noopener\">BKV<\/a><\/figcaption><\/figure>\n\n<h2 class=\"wp-block-heading\">Intrecciata con lo sviluppo di Budapest<\/h2>\n\n\n\n<p>Nel corso di quasi un secolo e mezzo, la storia della kisf\u00f6ldalatti \u00e8 stata strettamente intrecciata con lo sviluppo di Budapest. Sebbene la linea abbia subito diverse ricostruzioni e modernizzazioni, molti dei suoi elementi originali sono stati conservati. Nel 1973, l&#8217;intera linea \u00e8 stata rinnovata: tutte le stazioni sono state spostate sottoterra e il percorso \u00e8 stato esteso fino a Mexik\u00f3i Road. Nel 1995 segu\u00ec un&#8217;importante ristrutturazione, quando le stazioni lungo la sezione originale riacquistarono il loro caratteristico aspetto storico.<\/p>\n\n\n\n<figure class=\"wp-block-image aligncenter size-full\"><img decoding=\"async\" src=\"https:\/\/dailynewshungary.b-cdn.net\/wp-content\/uploads\/2026\/05\/m1-underground-construction-130-years2.webp\" alt=\"m1 underground kisf\u00f6ldalatti m1 construction 130 years\" class=\"wp-image-696011\"\/><figcaption class=\"wp-element-caption\">Foto: <a href=\"https:\/\/www.bkv.hu\/hu\/content\/elo-tortenelem-a-fold-alatt-130-eves-a-budapesti-kisfoldalatti\" target=\"_blank\" rel=\"noopener\">BKV<\/a><\/figcaption><\/figure>\n\n<h2 class=\"wp-block-heading\">Stazioni dichiarate Patrimonio dell&#8217;Umanit\u00e0<\/h2>\n\n\n\n<p>Oggi, le stazioni dichiarate Patrimonio dell&#8217;Umanit\u00e0 sono ancora caratterizzate da piastrelle Zsolnay bianche e marroni e da capitelli di colonne ornate, che evocano l&#8217;atmosfera dell&#8217;inizio del XX secolo. In superficie, un tempo si trovavano padiglioni d&#8217;ingresso in stile Art Nouveau; progettate da Albert Schickedanz, l&#8217;architetto del Museo di Belle Arti, queste strutture sopravvivono oggi solo in fotografie d&#8217;archivio e in modelli in scala esposti al Museo della Metropolitana di Piazza De\u00e1k, che occupa una sezione conservata del tunnel originale.<\/p>\n\n\n\n<h2 class=\"wp-block-heading\">Esperti stranieri hanno studiato il sistema di Budapest<\/h2>\n\n\n\n<p>La Metropolitana del Millennio ha suscitato un notevole interesse internazionale all&#8217;epoca della sua costruzione. Esperti provenienti da Francia e Germania hanno studiato il sistema di Budapest e persino il sindaco di Berlino ha fatto una visita. La metropolitana di Parigi &#8211; la cui citt\u00e0 ospit\u00f2 l&#8217;esposizione mondiale dove la linea di Budapest vinse una medaglia d&#8217;oro &#8211; apr\u00ec nel 1900, seguita dalla metropolitana di Berlino nel 1902, entrambe influenzate dall&#8217;esempio ungherese.<\/p>\n\n\n\n<figure class=\"wp-block-image aligncenter size-full\"><img decoding=\"async\" src=\"https:\/\/dailynewshungary.b-cdn.net\/wp-content\/uploads\/2026\/05\/m1-underground-construction-130-years3-1.webp\" alt=\"m1 underground kisf\u00f6ldalatti m1 construction 130 years\" class=\"wp-image-696013\"\/><figcaption class=\"wp-element-caption\">Foto: <a href=\"https:\/\/www.bkv.hu\/hu\/content\/elo-tortenelem-a-fold-alatt-130-eves-a-budapesti-kisfoldalatti\" target=\"_blank\" rel=\"noopener\">BKV<\/a><\/figcaption><\/figure>\n\n<h2 class=\"wp-block-heading\">Anche la &#8220;Vecchia Signora&#8221; compie 130 anni<\/h2>\n\n\n\n<p>Non solo la linea stessa festeggia una pietra miliare, ma anche uno dei suoi primi veicoli compie 130 anni. La vettura numero 11, affettuosamente conosciuta dal pubblico come la &#8220;Vecchia Signora&#8221; e ora in servizio come servizio storico, risale alla flotta originale. Completamente restaurato nel 1996 per le celebrazioni del centenario, il veicolo appare nel suo splendore originale e offre un&#8217;esperienza unica ogni volta che circola. Continua a suscitare un notevole interesse ed entusiasmo ogni volta che lascia il deposito per un viaggio nostalgico.<\/p>\n\n\n\n<figure class=\"wp-block-image aligncenter size-full\"><img decoding=\"async\" src=\"https:\/\/dailynewshungary.b-cdn.net\/wp-content\/uploads\/2026\/05\/old-lady-m1-underground-1.webp\" alt=\"old lady m1 underground\" class=\"wp-image-696014\"\/><figcaption class=\"wp-element-caption\">La &#8220;Vecchia Signora&#8221;. Foto: <a href=\"https:\/\/commons.wikimedia.org\/wiki\/File:Budapest,_MFAV,_Schlick_nosztalgia_j%C3%A1rm%C5%B1,_%C3%96reg_H%C3%B6lgy,_111.jpg\" target=\"_blank\" rel=\"noopener\">Wikimedia Commons<\/a><\/figcaption><\/figure>\n\n<h2 class=\"wp-block-heading\">In attesa di un restauro completo<\/h2>\n\n\n\n<p>La linea \u00e8 attualmente in attesa di una ristrutturazione completa, con lavori preparatori in corso. Il progetto dipender\u00e0 da ulteriori consultazioni e dai finanziamenti disponibili. I piani prevedono l&#8217;estensione della linea, il miglioramento dell&#8217;accessibilit\u00e0 e il potenziamento dei collegamenti di interscambio, il tutto nel rispetto dei rigorosi requisiti di conservazione del patrimonio.<\/p>\n\n\n\n<figure class=\"wp-block-image aligncenter size-large\"><img decoding=\"async\" src=\"https:\/\/dailynewshungary.b-cdn.net\/wp-content\/uploads\/2026\/05\/m1-underground-construction-130-years4-1280x854.webp\" alt=\"m1 underground kisf\u00f6ldalatti m1 construction 130 years\" class=\"wp-image-696015\"\/><figcaption class=\"wp-element-caption\">Foto: <a href=\"https:\/\/www.bkv.hu\/hu\/content\/elo-tortenelem-a-fold-alatt-130-eves-a-budapesti-kisfoldalatti\" target=\"_blank\" rel=\"noopener\">BKV<\/a><\/figcaption><\/figure>\n\n<blockquote class=\"wp-block-quote is-layout-flow wp-block-quote-is-layout-flow\">\n<p class=\"has-luminous-vivid-amber-to-luminous-vivid-orange-gradient-background has-background\"><strong>Cosa succeder\u00e0? <a href=\"https:\/\/dailynewshungary.com\/overhaul-budapest-historic-m1-metro\/\">Previsto un importante rinnovamento della storica metropolitana M1 di Budapest!<\/a><\/strong><\/p>\n<\/blockquote>\n","protected":false},"excerpt":{"rendered":"<p>Uno dei mezzi di trasporto pi\u00f9 noti e amati di Budapest, la linea metropolitana &#8220;kisf\u00f6ldalatti&#8221;, ha celebrato ieri il 130\u00b0 anniversario della sua apertura. Ufficialmente conosciuta come Millennium Underground Railway (M1), la linea non \u00e8 solo un simbolo iconico della capitale ungherese, ma un tempo era un&#8217;innovazione tecnologica leader a livello mondiale. Oggi, come parte [&hellip;]<\/p>\n","protected":false},"author":62,"featured_media":789758,"comment_status":"open","ping_status":"open","sticky":false,"template":"","format":"standard","meta":{"_display_image":"","footnotes":""},"categories":[2376],"tags":[1158,2540,2467,1222,1069,1073],"class_list":["post-789757","post","type-post","status-publish","format-standard","has-post-thumbnail","hentry","category-culture","tag-budapest","tag-categoria-trasporti-pubblici-di-budapest","tag-categoria-viaggi","tag-europa","tag-ungheria","tag-viaggi"],"blocksy_meta":[],"author_username":"hmercedesz","telegram_post":"","public_post_metadata":{"breaking_news":"yes","important":"no","csempe":"yes","center_tile":"no","disable_thumbnail":"no","target_lang":"","_featured_image_style":"","telegram_post":"","_xlat_group_id":""},"public_rank_math_data":{"title":"%title% %sep% %sitename%","description":"","focus_keyword":"metropolitana","canonical_url":"","robots":"","primary_category":"2376","breadcrumb_title":"","facebook_title":"","facebook_description":"","facebook_image":"","facebook_image_id":"","twitter_title":"","twitter_description":"","twitter_image":"","twitter_image_id":"","twitter_card_type":"","twitter_use_facebook":"","advanced_robots":"","pillar_content":"","seo_score":"86","contentai_score":"","rich_snippet":""},"_links":{"self":[{"href":"https:\/\/dailynewshungary.com\/it\/wp-json\/wp\/v2\/posts\/789757","targetHints":{"allow":["GET"]}}],"collection":[{"href":"https:\/\/dailynewshungary.com\/it\/wp-json\/wp\/v2\/posts"}],"about":[{"href":"https:\/\/dailynewshungary.com\/it\/wp-json\/wp\/v2\/types\/post"}],"author":[{"embeddable":true,"href":"https:\/\/dailynewshungary.com\/it\/wp-json\/wp\/v2\/users\/62"}],"replies":[{"embeddable":true,"href":"https:\/\/dailynewshungary.com\/it\/wp-json\/wp\/v2\/comments?post=789757"}],"version-history":[{"count":0,"href":"https:\/\/dailynewshungary.com\/it\/wp-json\/wp\/v2\/posts\/789757\/revisions"}],"wp:featuredmedia":[{"embeddable":true,"href":"https:\/\/dailynewshungary.com\/it\/wp-json\/wp\/v2\/media\/789758"}],"wp:attachment":[{"href":"https:\/\/dailynewshungary.com\/it\/wp-json\/wp\/v2\/media?parent=789757"}],"wp:term":[{"taxonomy":"category","embeddable":true,"href":"https:\/\/dailynewshungary.com\/it\/wp-json\/wp\/v2\/categories?post=789757"},{"taxonomy":"post_tag","embeddable":true,"href":"https:\/\/dailynewshungary.com\/it\/wp-json\/wp\/v2\/tags?post=789757"}],"curies":[{"name":"wp","href":"https:\/\/api.w.org\/{rel}","templated":true}]}}